
{"id":588,"date":"2009-07-20T11:04:39","date_gmt":"2009-07-20T09:04:39","guid":{"rendered":"http:\/\/passent.blog.polityka.pl\/?p=588"},"modified":"2009-07-20T11:04:39","modified_gmt":"2009-07-20T09:04:39","slug":"kownacki-powinien-odejsc","status":"publish","type":"post","link":"https:\/\/blog.polityka.pl\/passent\/2009\/07\/20\/kownacki-powinien-odejsc\/","title":{"rendered":"Kownacki powinien odej\u015b\u0107"},"content":{"rendered":"<p>Wstyd i za\u017cenowanie \u2013 to uczucia, z jakimi czyta si\u0119 wywiad min. Piotra Kownackiego, szefa Kancelarii Prezydenta, dla \u201eDziennika\u201d. Wywiad jest cz\u0119\u015bciowo lizusowski, cz\u0119\u015bciowo krytyczny, kompromituj\u0105cy zar\u00f3wno prezydenta, jak i jego ministra. Przypomnijmy fragmenty: W Kancelarii panuje chaos, prezydent \u201ejest zbyt szczery i zbyt prostolinijny\u2026\u201d (czyli dobry, mo\u017cna powiedzie\u0107, kochany), miesi\u0105cami nie przyjmuje ambasador\u00f3w, poniewa\u017c nie lubi wizyt ceremonialnych, woli \u201ebezpo\u015brednie spotkania z mieszka\u0144cami wsi i miast\u201d (po prostu &#8211; nadzwyczajny cz\u0142owiek), ale \u201edzia\u0142a be\u017c \u017cadnego planu, powinny by\u0107 wytyczone konkretne cele i sposoby ich realizacji\u201d, \u201epowinien mie\u0107 ustalony kalendarz zaj\u0119\u0107 i jego si\u0119 trzyma\u0107\u2026Teraz nie ma \u017cadnego planowania, wszystko jest rozedrgane i nigdy nie wiadomo, co cz\u0142owieka czeka jutro\u2026To wprowadza tylko chaos i  nerwowo\u015b\u0107\u2026\u201d<\/p>\n<p>W sumie obraz przygn\u0119biaj\u0105cy. G\u0142owa pa\u0144stwa pracuje bez g\u0142owy, w Kancelarii panuje chaos, ba\u0142agan, wieczna improwizacja, ludzie nie znaj\u0105 dnia ani godziny. O tym, \u017ce jak dotychczas prezydentura L.K. jest nieudana \u2013 na og\u00f3\u0142 wiadomo, potwierdzaj\u0105 to badania opinii publicznej.<\/p>\n<p>Mimo tego uwa\u017cam, \u017ce min. Kownacki zachowa\u0142 si\u0119 niestosownie. On sam wielokrotnie by\u0142 przy\u0142apany  na \u2013 delikatnie m\u00f3wi\u0105c \u2013 nie\u015bcis\u0142o\u015bciach, da\u0142 si\u0119 pozna\u0107 nie  jako dobry organizator i dyskretny szef Kancelarii, ale jako sprawny polemista, fighter, cz\u0119sto pos\u0142uguj\u0105cy si\u0119 ironi\u0105 i sarkazmem, z temperamentu raczej polityk lub dziennikarz ni\u017c solidny filar pa\u0142acu. Wymierzaj\u0105c publicznie cios prezydentowi, min. Kownacki nadu\u017cy\u0142 zaufania szefa pa\u0144stwa. Kownacki zosta\u0142 zaanga\u017cowany na miejsce beznadziejnej na swoim stanowisku Anny Fotygi po to, \u017ceby \u201eociepli\u0107\u201d wizerunek prezydenta, o kt\u00f3rym panuje opinia, \u017ce prywatnie, osobi\u015bcie, jest sympatyczny, ale publicznie wypada kiepsko. Zamiast ociepli\u0107 wizerunek swojego szefa, jego minister sam zacz\u0105\u0142 sprawia\u0107  k\u0142opoty, najpierw ogromn\u0105, milionow\u0105 odpraw\u0105 z Orlenu, a p\u00f3\u017aniej w\u0105tpliwo\u015bciami dotycz\u0105cymi jego roli w banku.<\/p>\n<p>Gdyby ten wywiad pochodzi\u0142 ze strony cz\u0142onka opozycji, by\u0142by na miejscu. Gdyby wyszed\u0142 od kogo\u015b z Platformy \u2013 wywo\u0142a\u0142by oburzenie min. Kownackiego, kt\u00f3ry jeszcze kilka dni temu by\u0142 bezgranicznie oddany swojemu szefowi (gdy w odpowiedzi min. Sikorskiemu m\u00f3wi\u0142, \u017ce prezydent nie jest dodatkiem do swojego podpisu, \u017ce Sikorski manipuluje  w sprawie tych zaleg\u0142ych etc.). Min. Kownacki nie powinien by\u0142 udziela\u0107 takiego wywiadu zanim nie odejdzie ze stanowiska. Powinien by\u0142 dyskretnie z\u0142o\u017cy\u0107 rezygnacj\u0119 i przez pewien czas taktownie milcze\u0107 (wiedzia\u0142, czego si\u0119 podejmuje, id\u0105c do pa\u0142acu). Piotr Kownacki nie ma jednak takiej klasy. Kto ogl\u0105da\u0142 jego wyst\u0119py jako szefa Kancelarii, nie mia\u0142 co do tego z\u0142udze\u0144.<\/p>\n<p>***<\/p>\n<p><strong>PS<\/strong>. Jeszcze a propos panuj\u0105cych manier: Poniedzia\u0142kowa (20.07) \u201eRzeczpospolita\u201d w informacji pt. \u201eKownacki: chaos u prezydenta\u201d,omawia wypowied\u017a Kownackiego i przemilcza, \u017ce wszystko to K. powiedzia\u0142 w wywiadzie dla \u201eDziennika\u201d \u2013 gazety konkurencyjnej! Jak tak mo\u017cna?<\/p>\n","protected":false},"excerpt":{"rendered":"<p>Wstyd i za\u017cenowanie \u2013 to uczucia, z jakimi czyta si\u0119 wywiad min. Piotra Kownackiego, szefa Kancelarii Prezydenta, dla \u201eDziennika\u201d. Wywiad jest cz\u0119\u015bciowo lizusowski, cz\u0119\u015bciowo krytyczny, kompromituj\u0105cy zar\u00f3wno prezydenta, jak i jego ministra. Przypomnijmy fragmenty: W Kancelarii panuje chaos, prezydent \u201ejest zbyt szczery i zbyt prostolinijny\u2026\u201d (czyli dobry, mo\u017cna powiedzie\u0107, kochany), miesi\u0105cami nie przyjmuje ambasador\u00f3w, poniewa\u017c [&hellip;]<\/p>\n","protected":false},"author":4,"featured_media":0,"comment_status":"open","ping_status":"open","sticky":false,"template":"","format":"standard","meta":{"footnotes":""},"categories":[1],"tags":[],"_links":{"self":[{"href":"https:\/\/blog.polityka.pl\/passent\/wp-json\/wp\/v2\/posts\/588"}],"collection":[{"href":"https:\/\/blog.polityka.pl\/passent\/wp-json\/wp\/v2\/posts"}],"about":[{"href":"https:\/\/blog.polityka.pl\/passent\/wp-json\/wp\/v2\/types\/post"}],"author":[{"embeddable":true,"href":"https:\/\/blog.polityka.pl\/passent\/wp-json\/wp\/v2\/users\/4"}],"replies":[{"embeddable":true,"href":"https:\/\/blog.polityka.pl\/passent\/wp-json\/wp\/v2\/comments?post=588"}],"version-history":[{"count":0,"href":"https:\/\/blog.polityka.pl\/passent\/wp-json\/wp\/v2\/posts\/588\/revisions"}],"wp:attachment":[{"href":"https:\/\/blog.polityka.pl\/passent\/wp-json\/wp\/v2\/media?parent=588"}],"wp:term":[{"taxonomy":"category","embeddable":true,"href":"https:\/\/blog.polityka.pl\/passent\/wp-json\/wp\/v2\/categories?post=588"},{"taxonomy":"post_tag","embeddable":true,"href":"https:\/\/blog.polityka.pl\/passent\/wp-json\/wp\/v2\/tags?post=588"}],"curies":[{"name":"wp","href":"https:\/\/api.w.org\/{rel}","templated":true}]}}