
{"id":5880,"date":"2020-01-12T23:12:54","date_gmt":"2020-01-12T22:12:54","guid":{"rendered":"https:\/\/passent.blog.polityka.pl\/?p=5880"},"modified":"2020-01-12T23:36:43","modified_gmt":"2020-01-12T22:36:43","slug":"historia-w-sluzbie-polityki","status":"publish","type":"post","link":"https:\/\/blog.polityka.pl\/passent\/2020\/01\/12\/historia-w-sluzbie-polityki\/","title":{"rendered":"Historia w s\u0142u\u017cbie polityki"},"content":{"rendered":"\n<p>Historia nauczycielk\u0105 \u017cycia. Kto panuje nad przesz\u0142o\u015bci\u0105, ten panuje nad przysz\u0142o\u015bci\u0105. Sentencje od\u017cywaj\u0105, kiedy obserwujemy, co si\u0119 wyprawia wok\u00f3\u0142\u00a0zbli\u017caj\u0105cych si\u0119 rocznic i obchod\u00f3w.<\/p>\n\n\n\n<!--more-->\n\n\n\n<p>75. rocznica wyzwolenia Auschwitz, obchody w Jerozolimie, w Polsce, a ponadto w Pary\u017cu i innych stolicach. Pierwsze pytanie: jak dosz\u0142o do tego, \u017ce tak wa\u017cne uroczysto\u015bci odb\u0119d\u0105 si\u0119 najpierw w Jerozolimie, w Izraelu, a nie w Auschwitz, w dodatku PRZED\u00a0obchodami w naszym kraju?\u00a0Czy mo\u017cna by\u0142o temu zapobiec?<\/p>\n\n\n\n<p>O tym, \u017ce 75. rocznica wypada w 2020 r., wie ka\u017cde dziecko. Ciekawe by\u0142oby dowiedzie\u0107 si\u0119, jak przebiega\u0142y przygotowania w obu najbardziej zainteresowanych krajach. Wygl\u0105da na to, \u017ce dyplomacja izraelska, wspierana przez jednego oligarch\u0119, zdo\u0142a\u0142a przechwyci\u0107 obchody i zapewni\u0107 sobie udzia\u0142 prezydenta Putina, kanclerz Merkel, prezydenta Macrona, wiceprezydenta Pence\u2019a i innych osobisto\u015bci.\u00a0Rz\u0105d jest nam winien prawd\u0119 w tej sprawie.<\/p>\n\n\n\n<p>Oczywi\u015bcie, nie jest to tragedia i nie ma nic dziwnego w tym, \u017ce pa\u0144stwo \u017cydowskie chce uczci\u0107 t\u0119 rocznic\u0119 &#8211; ma do tego wszelkie prawa. Ale gdyby stosunki w tr\u00f3jk\u0105cie Rosja\u2013Polska\u2013Izrael by\u0142y lepsze, gdyby pozycja naszego kraju by\u0142a mocniejsza (jak nas o tym zapewnia na ka\u017cdym kroku rz\u0105d i prezydent), by\u0107 mo\u017ce znalaz\u0142oby si\u0119 lepsze rozwi\u0105zanie.<\/p>\n\n\n\n<p>Niestety, stosunki polsko-rosyjskie s\u0105 z\u0142e. Putin wyst\u0105pi\u0142 z bezprecedensowym atakiem na Polsk\u0119. Dla Putina Polska jest wrogiem nr 1, pa\u0144stwem, kt\u00f3re jest najwa\u017cniejszym sojusznikiem USA na wsch\u00f3d od Niemiec, pa\u0144stwem, kt\u00f3re wydaje miliardy na obronno\u015b\u0107, pa\u0144stwem, w kt\u00f3rym zakotwiczonych jest 6 tys. \u017co\u0142nierzy ameryka\u0144skich, kt\u00f3re utrudnia ekspansj\u0119 Rosji na Ukrainie, Bia\u0142orusi oraz w republikach ba\u0142tyckich, pa\u0144stwem, kt\u00f3re przedstawia w\u0142asn\u0105 wersj\u0119 historii etc.<\/p>\n\n\n\n<p>Z kolei dla Polski i NATO Rosja jest zagro\u017ceniem nr 1, pa\u0144stwem, kt\u00f3re nie ukrywa swoich ambicji mocarstwowych, dla kt\u00f3rego najwa\u017cniejszym wydarzeniem w historii jest zwyci\u0119stwo w II wojnie \u015bwiatowej, dzi\u0119ki kt\u00f3remu uzyska\u0142o status mocarstwa, nie cofa si\u0119 przed wojn\u0105 hybrydow\u0105 na Ukrainie i zaj\u0119ciem\u00a0Krymu, pa\u0144stwem dalekim od demokracji, pa\u0144stwem, kt\u00f3re nie upora\u0142o si\u0119 z w\u0142asn\u0105 histori\u0105 (Polska te\u017c ma swoje problemy z histori\u0105, ale nie na tak\u0105 skal\u0119), pa\u0144stwem, kt\u00f3re jest dumne ze swojej armii i nie \u017ca\u0142uje jej niczego, pa\u0144stwem, kt\u00f3re usi\u0142uje rozbi\u0107 jedno\u015b\u0107 Zachodu, dysponuje silnymi atutami energetycznymi,\u00a0mimo\u00a0sankcji pozostaje wa\u017cnym partnerem Niemiec, Francji, krajem, z kt\u00f3rym musz\u0105 si\u0119 liczy\u0107 Stany Zjednoczone, odgrywa wa\u017cn\u0105 rol\u0119 na Bliskim Wschodzie, co oznacza wiele dla Izraela.<\/p>\n\n\n\n<p>Widz\u0105c stan stosunk\u00f3w Polska\u2013Rosja oraz maj\u0105c swoje w\u0142asne interesy, w kt\u00f3rych Rosja wa\u017cy wi\u0119cej ni\u017c Polska, dalej &#8211;\u00a0czuj\u0105c och\u0142odzenie w stosunkach z Warszaw\u0105 i maj\u0105c na g\u0142owie swoj\u0105 niepewn\u0105 sytuacj\u0119 w kraju, premier Netanjahu szeroko otworzy\u0142 drzwi przed Putinem i innymi przyw\u00f3dcami. W obchodach\u00a0rocznicy 75-lecia\u00a0wyzwolenia obozu w Auschwitz Izrael i Rosja porozumia\u0142y si\u0119 kosztem naszego kraju, w czym pewn\u0105 rol\u0119 odegra\u0142y interesy i kontakty pewnego oligarchy, jak r\u00f3wnie\u017c liczne inne wzgl\u0119dy.<\/p>\n\n\n\n<p>Nie chodzi o presti\u017c, cho\u0107 i ten si\u0119 liczy, ale o pozycj\u0119 Polski na arenie mi\u0119dzynarodowej. Dla\u00a0nas najwa\u017cniejsze b\u0119d\u0105 obchody w Auschwitz.\u00a0Dla innych &#8211; podw\u00f3jne obchody b\u0119d\u0105 sygna\u0142em jednoznacznym. 75 lat to za ma\u0142o, by zostawi\u0107 przesz\u0142o\u015b\u0107 w spokoju.<\/p>\n","protected":false},"excerpt":{"rendered":"<p>Historia nauczycielk\u0105 \u017cycia. Kto panuje nad przesz\u0142o\u015bci\u0105, ten panuje nad przysz\u0142o\u015bci\u0105.<\/p>\n","protected":false},"author":4,"featured_media":5886,"comment_status":"open","ping_status":"closed","sticky":false,"template":"","format":"standard","meta":{"footnotes":""},"categories":[1],"tags":[],"_links":{"self":[{"href":"https:\/\/blog.polityka.pl\/passent\/wp-json\/wp\/v2\/posts\/5880"}],"collection":[{"href":"https:\/\/blog.polityka.pl\/passent\/wp-json\/wp\/v2\/posts"}],"about":[{"href":"https:\/\/blog.polityka.pl\/passent\/wp-json\/wp\/v2\/types\/post"}],"author":[{"embeddable":true,"href":"https:\/\/blog.polityka.pl\/passent\/wp-json\/wp\/v2\/users\/4"}],"replies":[{"embeddable":true,"href":"https:\/\/blog.polityka.pl\/passent\/wp-json\/wp\/v2\/comments?post=5880"}],"version-history":[{"count":4,"href":"https:\/\/blog.polityka.pl\/passent\/wp-json\/wp\/v2\/posts\/5880\/revisions"}],"predecessor-version":[{"id":5885,"href":"https:\/\/blog.polityka.pl\/passent\/wp-json\/wp\/v2\/posts\/5880\/revisions\/5885"}],"wp:featuredmedia":[{"embeddable":true,"href":"https:\/\/blog.polityka.pl\/passent\/wp-json\/wp\/v2\/media\/5886"}],"wp:attachment":[{"href":"https:\/\/blog.polityka.pl\/passent\/wp-json\/wp\/v2\/media?parent=5880"}],"wp:term":[{"taxonomy":"category","embeddable":true,"href":"https:\/\/blog.polityka.pl\/passent\/wp-json\/wp\/v2\/categories?post=5880"},{"taxonomy":"post_tag","embeddable":true,"href":"https:\/\/blog.polityka.pl\/passent\/wp-json\/wp\/v2\/tags?post=5880"}],"curies":[{"name":"wp","href":"https:\/\/api.w.org\/{rel}","templated":true}]}}