
{"id":5887,"date":"2020-01-18T14:48:42","date_gmt":"2020-01-18T13:48:42","guid":{"rendered":"https:\/\/passent.blog.polityka.pl\/?p=5887"},"modified":"2020-01-18T16:53:03","modified_gmt":"2020-01-18T15:53:03","slug":"bija-naszych-3","status":"publish","type":"post","link":"https:\/\/blog.polityka.pl\/passent\/2020\/01\/18\/bija-naszych-3\/","title":{"rendered":"Bij\u0105 naszych"},"content":{"rendered":"\n<p>Polska\u2013Wenecja. Szpica pot\u0119\u017cnej Komisji Weneckiej, mimo zaciemnienia wprowadzonego przez w\u0142adze na lotnisku w Warszawie, wyl\u0105dowa\u0142a szcz\u0119\u015bliwie. W\u015br\u00f3d witaj\u0105cych zabrak\u0142o prezesa z kwiatami i premiera bez kwiat\u00f3w. Nie by\u0142o nikogo z obozu w\u0142adzy. Rz\u0105d (?) postanowi\u0142 potraktowa\u0107 wizyt\u0119 jako\u00a0nieby\u0142\u0105, nieoficjaln\u0105, co\u015b w rodzaju wycieczki krajoznawczej. Program wycieczki \u00a0rz\u0105d chcia\u0142 uzupe\u0142ni\u0107 o wizyt\u0119 w Muzeum \u017bo\u0142nierzy Wykl\u0119tych, kt\u00f3re podobno nie jest jeszcze otwarte, ale czego si\u0119 nie robi dla przyjaci\u00f3\u0142\u2026<\/p>\n\n\n\n<!--more-->\n\n\n\n<p>Wenecjanie nie skorzystali z oferty. Zignorowali r\u00f3wnie\u017c wszystkie aroganckie i nieprzystojne komentarze, daj\u0105ce do zrozumienia, i\u017c s\u0105 non grata i im szybciej wyjad\u0105 z naszej wyspy wolno\u015bci \u2013 tym lepiej. Na pewno wp\u0142ynie to \u017ale na wizerunek Polski w \u015bwiecie, kt\u00f3ry jest jednym z priorytet\u00f3w w\u0142adz. Dorzuci si\u0119 jeszcze milion na Polsk\u0105 Fundacj\u0119 Narodow\u0105 i szkody (jakie szkody?) zostan\u0105 naprawione.<\/p>\n\n\n\n<p>Prawnicy z Wenecji (a w\u0142a\u015bciwie z r\u00f3\u017cnych pa\u0144stw) sp\u0119dzili dwa pracowite dni w Warszawie, po czym w cierpkich s\u0142owach opisali i ocenili to, co w Polsce zastali. Ich grzech polega na tym, \u017ce przybyli na zaproszenie marsza\u0142ka Senatu Tomasza Grodzkiego. Poniewa\u017c Ziobro and Co ci\u0105gle m\u00f3wi\u0105, \u017ce rozwi\u0105zania przyj\u0119te w \u201eposelskim\u201d projekcie ustawy s\u0105 wzorowane na Francji, Niemczech i innych krajach, \u201eWenecjanie\u201d byli gotowi opowiedzie\u0107 Ziobrze, jak jest w Europie, ale kogo obchodzi Europa? Wynik: 0:1 dla Polski.<\/p>\n\n\n\n<p>Polska\u2013Bruksela. Parlament Europejski przyj\u0105\u0142 rezolucj\u0119 krytyczn\u0105 wobec sytuacji w dziedzinie praworz\u0105dno\u015bci na W\u0119grzech i w Polsce. Komisja Europejska podziela ten pogl\u0105d i niewykluczone, \u017ce wyst\u0105pi do TSUE, by zwr\u00f3ci\u0142 si\u0119 o \u201ezamro\u017cenie\u201d Izby Dyscyplinarnej SN do czasu ostatecznego wyroku (co\u015b \u00e0 la wstrzymanie wyr\u0119bu Puszczy Bia\u0142owieskiej).<\/p>\n\n\n\n<p>W czasie gor\u0105cej debaty, transmitowanej przez TVN, wzburzona premier (by\u0142a) Szyd\u0142o grzmia\u0142a (\u201epanie Sikorski, pan nie jest godzien\u201d, okrzyki \u201ek\u0142amca, k\u0142amca\u201d). Ona oraz deputowany Patryk Jaki dali popis gry foul. Krzyczeli, ale parlament i tak pozosta\u0142 g\u0142uchy. Jaki przepytywa\u0142 Czech\u00f3w, jak oni wybieraj\u0105 s\u0119dzi\u00f3w, na co by\u0142y minister sprawiedliwo\u015bci tego kraju powiedzia\u0142, i\u017c nie tak jak w Polsce, po czym rzuci\u0142 kilka s\u0142\u00f3w, kt\u00f3re trudno uzna\u0107 za komplementy. Pobudzony Jaki oskar\u017cy\u0142 poprzednie rz\u0105dy w Polsce, i\u017c \u201etrzyma\u0142y si\u0119 niemieckiej nogawki\u201d. S\u0142owa te z zainteresowaniem przyj\u0119to w Berlinie. Jaki strzeli\u0142 nam samob\u00f3ja. Wynik: 0:2 dla Polski.<\/p>\n\n\n\n<p>Polska \u2013Izrael. Od pewnego czasu stosunki uleg\u0142y och\u0142odzeniu. G\u0142\u0119boka analiza przyczyn pogorszenia stosunk\u00f3w wymaga\u0142aby traktatu. Za czas\u00f3w prezydentury Lecha Kaczy\u0144skiego i Aleksandra Kwa\u015bniewskiego oficjalne stosunki by\u0142y dobre. Za punkt zwrotny uwa\u017ca si\u0119 nowel\u0119 ustawy o IPN, (made by Ziobro and his boys), w tym penalizacj\u0119 wypowiedzi krytycznych wobec roli Polak\u00f3w w czasie II wojny \u015bwiatowej, \u201epolskich\u201d oboz\u00f3w koncentracyjnych etc.<\/p>\n\n\n\n<p>By\u0142 to skutek polityki historycznej PiS, wstawania z kolan, reakcji na antypolskie wypowiedzi, rewizj\u0119 ustale\u0144 historyk\u00f3w (minister Zalewska, dzi\u015b europos\u0142anka, mia\u0142a problemy z tym, kto mordowa\u0142 w czasie pogromu kieleckiego). Zdaniem w\u0142adz\u00a0Polsk\u0119 usi\u0142uje si\u0119 przedstawia\u0107 jako sprawc\u0119, a nie jako ofiar\u0119. Izrael z kolei z niepokojem patrzy na dopisywanie si\u0119\u00a0 innych do ofiar Holokaustu, kt\u00f3ry by\u0142 jeden jedyny.<\/p>\n\n\n\n<p>Pozornie wydawa\u0142o si\u0119, \u017ce sprawa zosta\u0142a wyja\u015bniona w porozumieniu premier\u00f3w Netanjahu-Morawiecki (m\u00f3wi si\u0119 w nim o antysemityzmie i antypolonizmie), ale\u00a0nie na d\u0142ugo. Obecnie Izrael i Rosja organizuj\u0105 w Jerozolimie mi\u0119dzynarodowe obchody 75. rocznicy wyzwolenia Auschwitz z udzia\u0142em kanclerz Merkel, prezydenta Macrona, ministra z USA i innych. Najwa\u017cniejszym go\u015bciem\u00a0i m\u00f3wc\u0105 ma by\u0107 Putin. Dla polskiego prezydenta, mimo nalega\u0144, nie przewidziano m\u00f3wnicy.<\/p>\n\n\n\n<p>Obchody rosyjsko-izraelskie i to w czasie, gdy Putin prowadzi pot\u0119\u017cn\u0105 ofensyw\u0119 historyczn\u0105 przeciw Polsce, nie mog\u0105 by\u0107 w Warszawie odebrane z zadowoleniem. Obchody, kt\u00f3re powinny odby\u0107 si\u0119 przede wszystkim i jako pierwsze w Polsce, w Auschwitz, zaczn\u0105 si\u0119 w Izraelu, gdzie \u015bci\u0105gn\u0105 uwag\u0119 \u015bwiatowych medi\u00f3w i odwr\u00f3c\u0105 j\u0105 od obchod\u00f3w polskich kilka dni p\u00f3\u017aniej. Nieobecno\u015b\u0107 prezydenta Polski, cho\u0107 usprawiedliwiona okoliczno\u015bciami, nie jest naszym sukcesem. Raczej pora\u017ck\u0105 polskiej dyplomacji. Wynik: 0:3 dla Polski.<\/p>\n\n\n\n<p><strong>Zaproszenie<\/strong><br>Naszymi go\u015b\u0107mi w TOK FM b\u0119d\u0105: Maciej Koz\u0142owski (dyplomata, by\u0142y ambasador RP w Izraelu, \u201etaternik\u201d opozycji demokratycznej w Polsce), dr Anna Maria Dymer (Polski Instytut Spraw Mi\u0119dzynarodowych) i red. Ewa Siedlecka (kr\u00f3lowa dziennikarstwa prawnego). Niedziela 19 stycznia o godz. 10:05.<\/p>\n","protected":false},"excerpt":{"rendered":"<p>W\u015br\u00f3d witaj\u0105cych zabrak\u0142o prezesa z kwiatami i premiera bez kwiat\u00f3w.<\/p>\n","protected":false},"author":4,"featured_media":5891,"comment_status":"open","ping_status":"closed","sticky":false,"template":"","format":"standard","meta":{"footnotes":""},"categories":[1],"tags":[],"_links":{"self":[{"href":"https:\/\/blog.polityka.pl\/passent\/wp-json\/wp\/v2\/posts\/5887"}],"collection":[{"href":"https:\/\/blog.polityka.pl\/passent\/wp-json\/wp\/v2\/posts"}],"about":[{"href":"https:\/\/blog.polityka.pl\/passent\/wp-json\/wp\/v2\/types\/post"}],"author":[{"embeddable":true,"href":"https:\/\/blog.polityka.pl\/passent\/wp-json\/wp\/v2\/users\/4"}],"replies":[{"embeddable":true,"href":"https:\/\/blog.polityka.pl\/passent\/wp-json\/wp\/v2\/comments?post=5887"}],"version-history":[{"count":4,"href":"https:\/\/blog.polityka.pl\/passent\/wp-json\/wp\/v2\/posts\/5887\/revisions"}],"predecessor-version":[{"id":5892,"href":"https:\/\/blog.polityka.pl\/passent\/wp-json\/wp\/v2\/posts\/5887\/revisions\/5892"}],"wp:featuredmedia":[{"embeddable":true,"href":"https:\/\/blog.polityka.pl\/passent\/wp-json\/wp\/v2\/media\/5891"}],"wp:attachment":[{"href":"https:\/\/blog.polityka.pl\/passent\/wp-json\/wp\/v2\/media?parent=5887"}],"wp:term":[{"taxonomy":"category","embeddable":true,"href":"https:\/\/blog.polityka.pl\/passent\/wp-json\/wp\/v2\/categories?post=5887"},{"taxonomy":"post_tag","embeddable":true,"href":"https:\/\/blog.polityka.pl\/passent\/wp-json\/wp\/v2\/tags?post=5887"}],"curies":[{"name":"wp","href":"https:\/\/api.w.org\/{rel}","templated":true}]}}