
{"id":589,"date":"2009-07-21T06:24:52","date_gmt":"2009-07-21T04:24:52","guid":{"rendered":"http:\/\/passent.blog.polityka.pl\/?p=589"},"modified":"2009-07-21T06:24:52","modified_gmt":"2009-07-21T04:24:52","slug":"kaminski-i-pinochet","status":"publish","type":"post","link":"https:\/\/blog.polityka.pl\/passent\/2009\/07\/21\/kaminski-i-pinochet\/","title":{"rendered":"Kami\u0144ski i Pinochet"},"content":{"rendered":"<p>Wyb\u00f3r Micha\u0142a Kami\u0144skiego na przewodnicz\u0105cego konserwatywnej frakcji w Parlamencie Europejskim (brytyjscy Torysi, PiS oraz ODS z Czech) wywo\u0142a\u0142 kontrowersje w Wielkiej Brytanii.\u00a0 Jedn\u0105 z przyczyn zgorszenia jest pami\u0119tna wizyta Kami\u0144skiego (plus Marek Jurek i Tomasz Wo\u0142ek) u gen. Pinocheta,\u00a0 w 1999 roku, kiedy genera\u0142 przebywa\u0142\u00a0 w Londynie, zatrzymany przez tamtejsze w\u0142adze. \u201eTo manifestacja solidarno\u015bci ze starym cz\u0142owiekiem, kt\u00f3remu dzi\u015b lewica chce zrobi\u0107 krzywd\u0119, poniewa\u017c przed laty obna\u017cy\u0142 jej s\u0142abo\u015b\u0107 i n\u0119dz\u0119\u201d \u2013 m\u00f3wi\u0142 pose\u0142 Kami\u0144ski przed wyjazdem. To nieprawda.\u00a0 Lewica nie chcia\u0142a zrobi\u0107 Pinochetowi krzywdy,\u00a0 domaga\u0142a si\u0119, \u017ceby mia\u0142 uczciwy proces \u2013 co\u015b, czego odm\u00f3wi\u0142 tysi\u0105com swoich ofiar. Mieli\u015bmy ju\u017c marsza\u0142ka Sejmu, Marka Jurka, kt\u00f3ry by\u0142 entuzjast\u0105 Pinocheta. To ju\u017c by\u0142 wstyd. Mieli\u015bmy prezydenckiego ministra i spindoktora Kami\u0144skiego zapatrzonego w Pinocheta. To te\u017c nie by\u0142o powodem do chwa\u0142y.\u00a0 Teraz zosta\u0142 on wyeksportowany do Brukseli, Pragi i Wielkiej Brytanii. Czy ten przeszczep si\u0119 przyjmie?<\/p>\n<p>Zapytany, czy akceptuje wszystkie dzia\u0142ania Pinocheta, Kami\u0144ski odpowiedzia\u0142: \u201eNie spos\u00f3b solidaryzowa\u0107 si\u0119 ze wszystkim, co wtedy, w sytuacji wojny domowej, wydarzy\u0142o si\u0119 w Chile. Ale zwolennicy rewolucji francuskiej te\u017c nie aprobuj\u0105 egzekucji arystokrat\u00f3w, kt\u00f3re jej towarzyszy\u0142y. Ob\u0142ud\u0105 by\u0142oby, gdyby\u015bmy nie dostrzegali, \u017ce Pinochetowi uda\u0142o si\u0119 to, o co po 1945 r. walczyli polscy patrioci ze zbrojnego podziemia.\u201d Micha\u0142 Kami\u0144ski nisko chyba ceni polskich patriot\u00f3w, je\u015bli s\u0105dzi, \u017ce oni byliby zdolni do takich tortur i takiej brutalno\u015bci, do jakiej posun\u0119\u0142y si\u0119 oddzia\u0142y Pinocheta, do porywania ludzi, do \u201ekarawany \u015bmierci\u201d i do zrzucania ofiar z helikoptera do morza.<\/p>\n<p>Jak by\u0142o u Pinocheta? \u201eOd razu by\u0142o bardzo serdecznie. Genera\u0142 powiedzia\u0142, \u017ce otrzyma\u0142 z Polski bardzo wiele wyraz\u00f3w solidarno\u015bci. Zacz\u0105\u0142 w og\u00f3le od mi\u0142ego, my\u015bl\u0119 dla ka\u017cdego Polaka, podkre\u015blenia swojej wiedzy na temat naszego kraju, sympatii dla Polski katolickiej i Polski narodowej, patriotycznej. Spotkanie trwa\u0142o godzin\u0119. Rozmawiali\u015bmy o historii Chile, o tzw. przewrocie, podczas kt\u00f3rego uda\u0142o si\u0119 odsun\u0105\u0107 lewic\u0119 od w\u0142adzy.\u201d Kami\u0144ski m\u00f3wi\u0142 o \u201etak zwanym przewrocie\u201d, poniewa\u017c w terminologii radykalnej prawicy, obalenie rz\u0105du, prezydenta i przej\u0119cie pe\u0142ni w\u0142adzy, towarzysz\u0105ce temu bestialstwa, to by\u0142o dzia\u0142anie w obronie porz\u0105dku konstytucyjnego.<\/p>\n<p>Kami\u0144ski odczuwa\u0142 g\u0142\u0119bok\u0105 wi\u0119\u017a z Pinochetem. \u201eZabawne \u2013 m\u00f3wi\u0142 &#8211; by\u0142o to, \u017ce genera\u0142, chc\u0105c nam prawdopodobnie pokaza\u0107 paradoksy lewicowych rz\u0105d\u00f3w, powiedzia\u0142 z widocznym oburzeniem i odraz\u0105, \u017ce za rz\u0105d\u00f3w prezydenta Salvadora Allende lewica ustala\u0142a nawet ceny chleba. Odpowiedzieli\u015bmy: &#8211; Panie generale, to dla nas nic nowego, my to dobrze znamy z naszej w\u0142asnej perspektywy. Przez 40 lat rz\u0105dzili u nas panowie robi\u0105cy swoje bolszewickie\u00a0 eksperymenty.\u201d<\/p>\n<p>Wiele jest os\u00f3b na \u015bwiecie, kt\u00f3re uwa\u017caj\u0105, \u017ce w chilijskiej tragedii lewica nie jest bez winy, a Pinochet nie by\u0142 wy\u0142\u0105cznie potworem.\u00a0 Ale tylko nieliczni pielgrzymowali do Pinocheta. Anglicy to pami\u0119taj\u0105.<\/p>\n<p>By\u0142a pewna osoba, kt\u00f3ra odwiedzi\u0142a genera\u0142a \u2013 Margaret Thatcher. Ale ona przynajmniej mia\u0142a sw\u00f3j pow\u00f3d: za czas\u00f3w wojny z Argentyn\u0105, Pinochet pom\u00f3g\u0142 jej zachowa\u0107 Falklandy.<\/p>\n<p>Anglicy to pami\u0119taj\u0105.<\/p>\n<p>(<strong>PS<\/strong>. Cytaty wg pracy doktorskiej dr Ma\u0142gorzaty Kolankowskiej \u201eCzerwony i Czarny. Polski sp\u00f3r o Chile w latach 1973-2006\u201d, Uniwersytet Wroc\u0142awski 2009)<\/p>\n","protected":false},"excerpt":{"rendered":"<p>Wyb\u00f3r Micha\u0142a Kami\u0144skiego na przewodnicz\u0105cego konserwatywnej frakcji w Parlamencie Europejskim (brytyjscy Torysi, PiS oraz ODS z Czech) wywo\u0142a\u0142 kontrowersje w Wielkiej Brytanii.\u00a0 Jedn\u0105 z przyczyn zgorszenia jest pami\u0119tna wizyta Kami\u0144skiego (plus Marek Jurek i Tomasz Wo\u0142ek) u gen. Pinocheta,\u00a0 w 1999 roku, kiedy genera\u0142 przebywa\u0142\u00a0 w Londynie, zatrzymany przez tamtejsze w\u0142adze. \u201eTo manifestacja solidarno\u015bci ze [&hellip;]<\/p>\n","protected":false},"author":4,"featured_media":0,"comment_status":"open","ping_status":"open","sticky":false,"template":"","format":"standard","meta":{"footnotes":""},"categories":[1],"tags":[],"_links":{"self":[{"href":"https:\/\/blog.polityka.pl\/passent\/wp-json\/wp\/v2\/posts\/589"}],"collection":[{"href":"https:\/\/blog.polityka.pl\/passent\/wp-json\/wp\/v2\/posts"}],"about":[{"href":"https:\/\/blog.polityka.pl\/passent\/wp-json\/wp\/v2\/types\/post"}],"author":[{"embeddable":true,"href":"https:\/\/blog.polityka.pl\/passent\/wp-json\/wp\/v2\/users\/4"}],"replies":[{"embeddable":true,"href":"https:\/\/blog.polityka.pl\/passent\/wp-json\/wp\/v2\/comments?post=589"}],"version-history":[{"count":0,"href":"https:\/\/blog.polityka.pl\/passent\/wp-json\/wp\/v2\/posts\/589\/revisions"}],"wp:attachment":[{"href":"https:\/\/blog.polityka.pl\/passent\/wp-json\/wp\/v2\/media?parent=589"}],"wp:term":[{"taxonomy":"category","embeddable":true,"href":"https:\/\/blog.polityka.pl\/passent\/wp-json\/wp\/v2\/categories?post=589"},{"taxonomy":"post_tag","embeddable":true,"href":"https:\/\/blog.polityka.pl\/passent\/wp-json\/wp\/v2\/tags?post=589"}],"curies":[{"name":"wp","href":"https:\/\/api.w.org\/{rel}","templated":true}]}}