
{"id":5893,"date":"2020-01-20T14:41:22","date_gmt":"2020-01-20T13:41:22","guid":{"rendered":"https:\/\/passent.blog.polityka.pl\/?p=5893"},"modified":"2020-01-20T15:57:17","modified_gmt":"2020-01-20T14:57:17","slug":"tok-fm-goscie-passenta-2019","status":"publish","type":"post","link":"https:\/\/blog.polityka.pl\/passent\/2020\/01\/20\/tok-fm-goscie-passenta-2019\/","title":{"rendered":"TOK FM. Go\u015bcie Passenta 2019"},"content":{"rendered":"\n<p>Podobnie jak przed rokiem &#8211; serdecznie dzi\u0119kuj\u0119 wszystkim, kt\u00f3rzy u\u015bwietnili program &#8222;Go\u015bcie Passenta&#8221; w TOK FM. Wiem, \u017ce wybranie si\u0119 do radia w niedzielne przedpo\u0142udnie (godz. 10:05\u201311:00)\u00a0nie jest najwi\u0119ksz\u0105 przyjemno\u015bci\u0105, ale wynagradza nam to ciekawa rozmowa,\u00a0znakomici go\u015bcie (podaj\u0119 w przypadkowej kolejno\u015bci i bez wszelkich tytu\u0142\u00f3w) i wierni s\u0142uchacze. Wszystkim dzi\u0119kuj\u0119 i do kolejnych \u00a0spotka\u0144!<\/p>\n\n\n\n<!--more-->\n\n\n\n<p>Stanis\u0142aw Koziej, Karolina Wigura, \u0141ukasz W\u00f3jcik, Krystyna Skar\u017cy\u0144ska, Marek Grela, Marcin Zaremba, Joanna Solska, Marek Borowski, Bogus\u0142aw Chrabota, Katarzyna Kasia, P\u0142omi\u0144ski Krzysztof, Bachmann Klaus, Pawe\u0142 Kowal, Joanna Scheuring-Wielgus, Andrzej Stankiewicz, Jakub Bierzy\u0144ski, Ewa Marciniak, Aleksander Smolar, Joanna Podg\u00f3rska, Ryszard Markowski, Renata Mie\u0144kowska-Norkiene, Patrycja Sasnal, S\u0142awomir Sierakowski, Grzegorz Gauden, Jerzy Haszczy\u0144ski, Ewa Siedlecka, Marcin Kula, Ma\u0142gorzata Omilanowska, Marek \u015awierczy\u0144ski, Pawe\u0142 Wro\u0144ski, Ryszard Schnepf, Anna Materska-Sosnowska, Ignacy Dutkiewicz, Andrzej Rychard, Agata Szcze\u015bniak, Jaros\u0142aw Guga\u0142a, Aleksander Kwa\u015bniewski, Wojciech Szacki, Marek Ostrowski, \u0141ukasz Warzecha, Marek Bie\u0144czyk, Stefan Szczep\u0142ek, Tomasz Zi\u00f3\u0142kowski, Jan Sk\u00f3rzy\u0144ski, Zuzanna D\u0105browska, Bohdan Szklarski, Antoni Dudek, Maciej Taborowski, Anna Tatar, Katarzyna Pe\u0142czy\u0144ska-Na\u0142\u0119cz, Eliza Olczyk, Adam Krzemi\u0144ski, Jan Truszczy\u0144ski, Roman Ku\u017aniar, Monika P\u0142atek, Agnieszka Cianciara, Micha\u0142 Sutowski, Micha\u0142 Broniatowski, \u0141ukasz Turski, Renata Kim, \u0141ukasz Lipi\u0144ski, Aleksander Pociej, Katarzyna Piekarska, Leszek Ja\u017cd\u017cewski, Dorota Jarecka, Justyna Sobolewska, Jakub Majmurek, Edwin Bendyk, Magdalena \u015aroda, Adam Daniel Rotfeld, Miros\u0142aw Wyrzykowski, Igor Janke, Marcin Dzier\u017canowski, Katarzyna Gajowniczek-Pruszy\u0144ska, Jacek Raciborski, Pawe\u0142 Reszka, Bartosz W\u0119glarczyk, Grzegorz Rzeczkowski.<\/p>\n","protected":false},"excerpt":{"rendered":"<p>Podobnie jak przed rokiem &#8211; serdecznie dzi\u0119kuj\u0119 wszystkim, kt\u00f3rzy u\u015bwietnili program &#8222;Go\u015bcie Passenta&#8221; w TOK FM. Wiem, \u017ce wybranie si\u0119 do radia w niedzielne przedpo\u0142udnie (godz. 10:05\u201311:00)\u00a0nie jest najwi\u0119ksz\u0105 przyjemno\u015bci\u0105, ale wynagradza nam to ciekawa rozmowa,\u00a0znakomici go\u015bcie (podaj\u0119 w przypadkowej kolejno\u015bci i bez wszelkich tytu\u0142\u00f3w) i wierni s\u0142uchacze. Wszystkim dzi\u0119kuj\u0119 i do kolejnych \u00a0spotka\u0144!<\/p>\n","protected":false},"author":4,"featured_media":0,"comment_status":"open","ping_status":"closed","sticky":false,"template":"","format":"standard","meta":{"footnotes":""},"categories":[1],"tags":[],"_links":{"self":[{"href":"https:\/\/blog.polityka.pl\/passent\/wp-json\/wp\/v2\/posts\/5893"}],"collection":[{"href":"https:\/\/blog.polityka.pl\/passent\/wp-json\/wp\/v2\/posts"}],"about":[{"href":"https:\/\/blog.polityka.pl\/passent\/wp-json\/wp\/v2\/types\/post"}],"author":[{"embeddable":true,"href":"https:\/\/blog.polityka.pl\/passent\/wp-json\/wp\/v2\/users\/4"}],"replies":[{"embeddable":true,"href":"https:\/\/blog.polityka.pl\/passent\/wp-json\/wp\/v2\/comments?post=5893"}],"version-history":[{"count":2,"href":"https:\/\/blog.polityka.pl\/passent\/wp-json\/wp\/v2\/posts\/5893\/revisions"}],"predecessor-version":[{"id":5895,"href":"https:\/\/blog.polityka.pl\/passent\/wp-json\/wp\/v2\/posts\/5893\/revisions\/5895"}],"wp:attachment":[{"href":"https:\/\/blog.polityka.pl\/passent\/wp-json\/wp\/v2\/media?parent=5893"}],"wp:term":[{"taxonomy":"category","embeddable":true,"href":"https:\/\/blog.polityka.pl\/passent\/wp-json\/wp\/v2\/categories?post=5893"},{"taxonomy":"post_tag","embeddable":true,"href":"https:\/\/blog.polityka.pl\/passent\/wp-json\/wp\/v2\/tags?post=5893"}],"curies":[{"name":"wp","href":"https:\/\/api.w.org\/{rel}","templated":true}]}}