
{"id":5897,"date":"2020-01-24T12:31:12","date_gmt":"2020-01-24T11:31:12","guid":{"rendered":"https:\/\/passent.blog.polityka.pl\/?p=5897"},"modified":"2020-01-24T13:21:40","modified_gmt":"2020-01-24T12:21:40","slug":"grodzki-sciagaj-spodnie","status":"publish","type":"post","link":"https:\/\/blog.polityka.pl\/passent\/2020\/01\/24\/grodzki-sciagaj-spodnie\/","title":{"rendered":"Grodzki \u2013 \u015bci\u0105gaj spodnie!"},"content":{"rendered":"\n<p>\u201eCzy marsza\u0142ek Senatu Tomasz Grodzki jest pochodzenia \u017cydowskiego?\u201d \u2013 czytamy w najnowszym numerze prawicowego tygodnika \u201eNajwy\u017cszy Czas\u201d. I dalej: \u201ePytanie by\u0142oby bez sensu, gdyby Grodzki kontentowa\u0142 si\u0119 zawodem lekarza, piekarza, kelnera, sportowca etc. Ale \u017ce\u00a0przejawia ambicje polityczne i zosta\u0142 a\u017c marsza\u0142kiem polskiego Senatu \u2013 sprawa pochodzenia staje si\u0119 bardzo wa\u017cna. W polityce pochodzenie\u00a0odgrywa olbrzymi\u0105 rol\u0119!&#8221;.<\/p>\n\n\n\n<!--more-->\n\n\n\n<p>Samo nazwisko Grodzki nale\u017cy do tej podejrzanej grupy nazwisk (Suwalski, Warszawski, Mazowiecki, Sandomierski, Wojew\u00f3dzki, Gromadzki etc.), jakie \u017bydzi przyjmowali\u00a0\u2013 zw\u0142aszcza w czasach stalinowskich \u2013 \u017ceby ukry\u0107 swe \u017cydowskie pochodzenie przed Polakami i nie tylko. W KC PZPR wymy\u015blaniem polskobrzmi\u0105cych nazwisk dla \u017byd\u00f3w zajmowa\u0142a si\u0119 \u017cydowska \u017cona \u201eantysemity\u201d\u00a0W\u0142adys\u0142awa Gomu\u0142ki Liwa Szoken.<\/p>\n\n\n\n<p>Usi\u0142owa\u0142em znale\u017a\u0107 w internecie \u2013 pisze dalej Marian Miszalski \u2013 jakie\u015b informacje o rodzicach Tomasza Grodzkiego: z jakiej rodziny si\u0119 wywodzi, z jakiego \u015brodowiska. Czy jego ojciec od zawsze nazywa\u0142 si\u0119 Grodzki? Jak z domu nazywa\u0142a si\u0119 matka? &#8222;FIZIS NOWEGO MARSZA\u0141KA SENATU I JEGO O\u017bYWIONA GESTYKULACJA MOG\u0104 WSKAZYWA\u0106, \u017bE JEST POCHODZENIA \u017bYDOWSKIEGO LUB P\u00d3\u0141\u017bYDOWSKIEGO&#8221; (podkr. Pass).<\/p>\n\n\n\n<p>Dalej czytamy, \u017ce wok\u00f3\u0142 Grodzkiego \u201ecoraz bardziej \u015bmierdzi\u201d, \u201ebezczelno\u015b\u0107 jest jego najsilniejsz\u0105 stron\u0105\u201d, \u201esmr\u00f3d wok\u00f3\u0142 jego marsza\u0142kowania g\u0119stnieje\u201d. Nast\u0119pnie autor rzuca spraw\u0119 \u017cydostwa na szersze t\u0142o. \u201eUleg\u0142o\u015b\u0107 [Trumpa] wobec lobby \u017cydowskiego staje si\u0119 niepokoj\u0105ca \u2013 zw\u0142aszcza w kontek\u015bcie nieskrywanej ju\u017c wrogo\u015bci\u00a0\u017cydowskich rasist\u00f3w wobec Polski\u201d.<\/p>\n\n\n\n<p>Nast\u0119pnie autor demaskuje \u201espisek berli\u0144ski, realizowany przy pomocy niemieckich agent\u00f3w wp\u0142ywu ulokowanych w Komisji Europejskiej, , Europejskim Trybunale Sprawiedliwo\u015bci i rodzimej Targowicy. (\u2026) Podobnie jak spisek rosyjsko-pruski sfinalizowa\u0142 rozbiory Polski, z udzia\u0142em Targowicy \u2013 tak dzisiaj spisek rosyjsko-niemiecko-\u017cydowski zmierza do tego samego celu z dodatkowym elementem \u2013 w\u0142a\u015bnie uczestnictwa \u017cydowskiego\u201d.<\/p>\n\n\n\n<p>\u201eWobec tr\u00f3jstronnego spisku przeciw Polsce\u00a0polska obrona powinna skoncentrowa\u0107 si\u0119 na jego NAJS\u0141ABSZYM [podkr. MM] ogniwie, kt\u00f3rym jest CZYNNIK \u017bYDOWSKI\u201d. Przechodz\u0105c do konkret\u00f3w, autor proponuje obni\u017cenie rangi stosunk\u00f3w dyplomatycznych z Izraelem do stopnia konsulat\u00f3w, likwidacj\u0119 urz\u0119du pe\u0142nomocnika rz\u0105du polskiego do kontakt\u00f3w z diaspor\u0105 \u017cydowsk\u0105, ograniczenie \u201erozdawnictwa pieni\u0119dzy \u017cydowskim instytucjom w Polsce (lub utrzymywanie ich z bud\u017cetu pa\u0144stwa)\u201d.<\/p>\n\n\n\n<p>Nie b\u0119d\u0119 d\u0142u\u017cej m\u0119czy\u0142 blogowiska cytatami. Tak si\u0119 sk\u0142ada, \u017ce jeste\u015bmy po uroczysto\u015bciach w Jerozolimie, gdzie silnie akcentowano potrzeb\u0119 walki z antysemityzmem (zaczyna si\u0119 od s\u0142\u00f3w, a ko\u0144czy si\u0119 na zbrodni), a uroczysto\u015bciami w Auschwitz, miejscu, w kt\u00f3rym antysemityzm osi\u0105gn\u0105\u0142 swoje apogeum. Co wi\u0119c robi\u0107 z takimi bredniami jak wy\u017cej cytowane? Lekcewa\u017cy\u0107, wzruszy\u0107 ramionami, bo \u2013 wiadomo &#8211; &#8222;Najwy\u017cszy Czas&#8221; to nie jest g\u0142\u00f3wny nurt? (Cho\u0107 niekt\u00f3re z tych \u201eargument\u00f3w\u201d trafiaj\u0105 ju\u017c do g\u0142\u00f3wnego nurtu).<\/p>\n\n\n\n<p>Czeka\u0107 na prokuratora, bo mamy do czynienia z ewidentnym naruszeniem prawa? W\u0105tpi\u0119, \u017ceby si\u0119 ruszy\u0142. Pozostaje wy\u0107. No i zaci\u0105gn\u0105\u0107 marsza\u0142ka Grodzkiego do bramy, \u017ceby \u015bci\u0105gn\u0105\u0142 spodnie.<\/p>\n\n\n\n<p><strong>Zaproszenie<br><\/strong>W\u00a0niedziel\u0119 26 stycznia o godz. 10:05 naszymi go\u015b\u0107mi w TOK FM b\u0119d\u0105: ambasador Jan Truszczy\u0144ski, by\u0142y g\u0142\u00f3wny negocjator Polski z UE i wiceminister spraw zagranicznych, dr Anna Materska-Sosnowska (politolo\u017cka, UW) i historyk, prof. Andrzej \u017bbikowski (\u017bIH). Zapraszam, w tym tygodniu jest o czym rozmawia\u0107!<\/p>\n","protected":false},"excerpt":{"rendered":"<p>Czy marsza\u0142ek Senatu Tomasz Grodzki jest pochodzenia \u017cydowskiego? \u2013 czytamy.<\/p>\n","protected":false},"author":4,"featured_media":5901,"comment_status":"open","ping_status":"closed","sticky":false,"template":"","format":"standard","meta":{"footnotes":""},"categories":[1],"tags":[],"_links":{"self":[{"href":"https:\/\/blog.polityka.pl\/passent\/wp-json\/wp\/v2\/posts\/5897"}],"collection":[{"href":"https:\/\/blog.polityka.pl\/passent\/wp-json\/wp\/v2\/posts"}],"about":[{"href":"https:\/\/blog.polityka.pl\/passent\/wp-json\/wp\/v2\/types\/post"}],"author":[{"embeddable":true,"href":"https:\/\/blog.polityka.pl\/passent\/wp-json\/wp\/v2\/users\/4"}],"replies":[{"embeddable":true,"href":"https:\/\/blog.polityka.pl\/passent\/wp-json\/wp\/v2\/comments?post=5897"}],"version-history":[{"count":8,"href":"https:\/\/blog.polityka.pl\/passent\/wp-json\/wp\/v2\/posts\/5897\/revisions"}],"predecessor-version":[{"id":5910,"href":"https:\/\/blog.polityka.pl\/passent\/wp-json\/wp\/v2\/posts\/5897\/revisions\/5910"}],"wp:featuredmedia":[{"embeddable":true,"href":"https:\/\/blog.polityka.pl\/passent\/wp-json\/wp\/v2\/media\/5901"}],"wp:attachment":[{"href":"https:\/\/blog.polityka.pl\/passent\/wp-json\/wp\/v2\/media?parent=5897"}],"wp:term":[{"taxonomy":"category","embeddable":true,"href":"https:\/\/blog.polityka.pl\/passent\/wp-json\/wp\/v2\/categories?post=5897"},{"taxonomy":"post_tag","embeddable":true,"href":"https:\/\/blog.polityka.pl\/passent\/wp-json\/wp\/v2\/tags?post=5897"}],"curies":[{"name":"wp","href":"https:\/\/api.w.org\/{rel}","templated":true}]}}