
{"id":590,"date":"2009-07-23T00:07:12","date_gmt":"2009-07-22T22:07:12","guid":{"rendered":"http:\/\/passent.blog.polityka.pl\/?p=590"},"modified":"2009-07-23T01:07:49","modified_gmt":"2009-07-22T23:07:49","slug":"%e2%80%9ekupcy%e2%80%9d-i-politycy","status":"publish","type":"post","link":"https:\/\/blog.polityka.pl\/passent\/2009\/07\/23\/%e2%80%9ekupcy%e2%80%9d-i-politycy\/","title":{"rendered":"\u201eKupcy\u201d i politycy"},"content":{"rendered":"<p>W sprawie \u201ekupc\u00f3w\u201d z Placu Defilad mamy do czynienia z wyra\u017anym nadu\u017cyciem. Jacy to s\u0105 \u201ekupcy\u201d? S\u0142owo \u201ekupiec\u201d kojarzy si\u0119 z \u201eLalk\u0105\u201d Prusa, z cz\u0142owiekiem kulturalnym i zacnym, przedstawicielem cn\u00f3t mieszcza\u0144skich. W przypadku sklepikarzy z Placu Defilad mamy do czynienia z \u0142obuzeri\u0105, kt\u00f3rej prezes publicznie dzi\u0119kuje kibolom za to, \u017ce \u201espontanicznie\u201d wyst\u0105pili w ich obronie. Pos\u0142ugiwanie si\u0119 s\u0142owem \u201ekupcy\u201d jest zwyczajnym nadu\u017cyciem. Podobnie jak m\u00f3wienie o \u201eobronie miejsc pracy\u201d, przez co sugeruje si\u0119 podobie\u0144stwo do sytuacji w stoczniach lub w zamykanych przedsi\u0119biorstwach. W\u0142a\u015bciciele i pracownicy\u00a0 sklepik\u00f3w w KDT \u2013 gdyby zale\u017ca\u0142o im na miejscach pracy \u2013 mogli si\u0119 przenie\u015b\u0107 w inne miejsca. Im jednak chodzi\u0142o\u00a0 nie tyle o obron\u0119 miejsc pracy, co o zaw\u0142aszczenie \u2013 przez zasiedzenie i inne manipulacje &#8211; targowiska w najlepszym punkcie stolicy, a mo\u017ce i ca\u0142ej Polski.<\/p>\n<p>Politycy nie s\u0105 tu bez winy, od Paw\u0142a Piskorskiego i Lecha Kaczy\u0144skiego po Hann\u0119 Gronkiewicz &#8211; Waltz \u2013 wszyscy oni robili \u201ekupcom\u201d nadziej\u0119, ale dobrze, \u017ce H.G.-W.\u00a0 wykaza\u0142a w ko\u0144cu determinacj\u0119 i wrz\u00f3d zosta\u0142 przeci\u0119ty. Akcja nie by\u0142a przeprowadzona dobrze, wida\u0107 by\u0142o oczywiste b\u0142\u0119dy si\u0142 porz\u0105dkowych, jak np. brak pier\u015bcienia odcinaj\u0105cego miejsce wydarze\u0144 od posi\u0142k\u00f3w przybywaj\u0105cych na odsiecz \u201ekupcom\u201d z miasta. Policja znalaz\u0142a si\u0119 trudnej sytuacji. Gdyby dzia\u0142a\u0142a szybko i stanowczo \u2013 by\u0142aby dzi\u015b krytykowana za prowokowanie niewinnych \u201ekupc\u00f3w\u201d i brutalne u\u017cycie si\u0142y. Skoro jednak oci\u0105ga\u0142a si\u0119 z interwencj\u0105, jest dzi\u015b krytykowana za nieudolno\u015b\u0107 i co\u015b w tym jest. Niekt\u00f3rzy dziennikarze jednak przesadzili. Kilka godzin po wydarzeniach ogl\u0105da\u0142em w TVN 24 rozmow\u0119 Kamila Durczoka z Hanna Gronkiewicz &#8211; Waltz, a nast\u0119pnie z gen. Polko. Z pyta\u0144 redaktora D. mo\u017cna by\u0142o odnie\u015b\u0107 wra\u017cenie, \u017ce win\u0119 za ca\u0142y incydent ponosz\u0105 w\u0142adze, \u017ce to pani prezydent Warszawy lekcewa\u017cy\u0142a prawo, rzuca\u0142a kamieniami, miota\u0142a wyzwiskami, wyrywa\u0142a p\u0142yty chodnikowe etc.\u00a0 Je\u015bli kto\u015b w tej sprawie mia\u0142 zasi\u0105\u015b\u0107 na \u0142awie oskar\u017conych, to jednak nie w\u0142adze, a \u201ekupcy\u201d.<\/p>\n<p>Najwa\u017cniejsze jednak, \u017ce sko\u0144czy\u0142 si\u0119\u00a0 pokaz lekcewa\u017cenia prawa, festiwal anarchii i warcholstwa w wykonaniu \u201ekupc\u00f3w\u201d oraz ich kibic\u00f3w w samym sercu Warszawy. Oby winni zostali szybko i sprawiedliwie ukarani. Obro\u0144cy \u201ekupc\u00f3w\u201d, a przede wszystkim krytycy H.G.-W. maj\u0105 racj\u0119, kiedy m\u00f3wi\u0105, \u017ce przez najbli\u017cszy rok-dwa nic na miejscu KDT nie powstanie, ale \u201ezapominaj\u0105\u201d, \u017ce im d\u0142u\u017cej ten potworek by sta\u0142, tym trudniej by\u0142oby go ruszy\u0107, a ka\u017cde rozwi\u0105zanie urbanistyczne na Placu Defilad wymaga\u0142oby jego likwidacji.<\/p>\n<p>Politycy PiS, z prezydentem kraju i by\u0142ym prezydentem Warszawy na czele, kt\u00f3rzy bior\u0105 dzi\u015b w obron\u0119 \u201ekupc\u00f3w\u201d, w czasach IV RP byli or\u0119downikami silnego pa\u0144stwa, poszanowania prawa, r\u00f3wno\u015bci wobec prawa itd. itp. Gdyby obowi\u0105zywa\u0142y porz\u0105dki zapowiadane przez IV RP, to \u201ekupcy\u201d, kt\u00f3rzy bili si\u0119 z policj\u0105, byliby ju\u017c dzi\u015b skazani w s\u0142awnym trybie 24-godzinnym. Tandem Ziobro \u2013 Dorn\u00a0 zrobi\u0142by ju\u017c z tym porz\u0105dek.\u00a0 Zamiast tego mamy festiwal ob\u0142udy. Prezydent Kaczy\u0144ski nie rozumie dlaczego dosz\u0142o do u\u017cycia si\u0142y,\u00a0\u00a0 Rafa\u0142 Ziemkiewicz odmienia na wszystkie sposoby s\u0142owo \u201ebrutalny\u201d, i nie uwa\u017ca prawomocnego wyroku s\u0105du za rozstrzygni\u0119cie sprawy, a pos\u0142anka PiS m\u00f3wi o \u201ebestialstwie\u201d policji. Jeszcze troch\u0119, a pos\u0142owie PiS przy\u0142\u0105cz\u0105 si\u0119 do \u201ekupc\u00f3w\u201d i razem z nimi b\u0119d\u0105 skandowali \u201ege-sta-po!\u201d. Na Placu Defilad skompromitowali si\u0119 nie tylko \u201ekupcy\u201d i w\u0142adze, ale i \u201epolitycy\u201d.<\/p>\n","protected":false},"excerpt":{"rendered":"<p>W sprawie \u201ekupc\u00f3w\u201d z Placu Defilad mamy do czynienia z wyra\u017anym nadu\u017cyciem. Jacy to s\u0105 \u201ekupcy\u201d? S\u0142owo \u201ekupiec\u201d kojarzy si\u0119 z \u201eLalk\u0105\u201d Prusa, z cz\u0142owiekiem kulturalnym i zacnym, przedstawicielem cn\u00f3t mieszcza\u0144skich. W przypadku sklepikarzy z Placu Defilad mamy do czynienia z \u0142obuzeri\u0105, kt\u00f3rej prezes publicznie dzi\u0119kuje kibolom za to, \u017ce \u201espontanicznie\u201d wyst\u0105pili w ich obronie. [&hellip;]<\/p>\n","protected":false},"author":4,"featured_media":0,"comment_status":"open","ping_status":"open","sticky":false,"template":"","format":"standard","meta":{"footnotes":""},"categories":[1],"tags":[],"_links":{"self":[{"href":"https:\/\/blog.polityka.pl\/passent\/wp-json\/wp\/v2\/posts\/590"}],"collection":[{"href":"https:\/\/blog.polityka.pl\/passent\/wp-json\/wp\/v2\/posts"}],"about":[{"href":"https:\/\/blog.polityka.pl\/passent\/wp-json\/wp\/v2\/types\/post"}],"author":[{"embeddable":true,"href":"https:\/\/blog.polityka.pl\/passent\/wp-json\/wp\/v2\/users\/4"}],"replies":[{"embeddable":true,"href":"https:\/\/blog.polityka.pl\/passent\/wp-json\/wp\/v2\/comments?post=590"}],"version-history":[{"count":0,"href":"https:\/\/blog.polityka.pl\/passent\/wp-json\/wp\/v2\/posts\/590\/revisions"}],"wp:attachment":[{"href":"https:\/\/blog.polityka.pl\/passent\/wp-json\/wp\/v2\/media?parent=590"}],"wp:term":[{"taxonomy":"category","embeddable":true,"href":"https:\/\/blog.polityka.pl\/passent\/wp-json\/wp\/v2\/categories?post=590"},{"taxonomy":"post_tag","embeddable":true,"href":"https:\/\/blog.polityka.pl\/passent\/wp-json\/wp\/v2\/tags?post=590"}],"curies":[{"name":"wp","href":"https:\/\/api.w.org\/{rel}","templated":true}]}}