
{"id":5911,"date":"2020-01-29T23:32:24","date_gmt":"2020-01-29T22:32:24","guid":{"rendered":"https:\/\/passent.blog.polityka.pl\/?p=5911"},"modified":"2020-01-30T16:44:27","modified_gmt":"2020-01-30T15:44:27","slug":"duda-tanczy-prezes-gra","status":"publish","type":"post","link":"https:\/\/blog.polityka.pl\/passent\/2020\/01\/29\/duda-tanczy-prezes-gra\/","title":{"rendered":"Duda ta\u0144czy \u2013 prezes gra"},"content":{"rendered":"\n<p>Im wi\u0119kszy po\u017car, tym lepiej dla podpalaczy. Spotkanie prezydenta Dudy z przedstawicielami klub\u00f3w i k\u00f3\u0142 parlamentarnych zako\u0144czy\u0142o si\u0119 tak, jak&nbsp; mo\u017cna by\u0142o przewidzie\u0107 \u2013 fiaskiem. Uczestnicy spotkania nie mieli wyj\u015bcia, musieli wzi\u0105\u0107 udzia\u0142 w przedstawieniu o dobrym, \u201eotwartym\u201d prezydencie, kt\u00f3remu si\u0119 nie odmawia, a kt\u00f3ry ws\u0142uchuje si\u0119 w g\u0142os obywateli.&nbsp;<\/p>\n\n\n\n<!--more-->\n\n\n\n<p>Tymczasem Andrzej (\u201eja jako prezydent\u201d) Duda jest dzisiaj \u201efrontmanem\u201d Jaros\u0142awa Kaczy\u0144skiego. Ta\u0144czy tak, jak mu prezes zagra. Uwielbia ta\u0144czy\u0107 oberka z gospodyniami wiejskimi. Ustaw\u0119 kaga\u0144cow\u0105 podpisze jak 2+4=4. Zamiast \u0142agodzi\u0107 \u2013 zaostrza, zamiast koi\u0107 rany \u2013 soli je, zamiast zasypywa\u0107 podzia\u0142y \u2013 pog\u0142\u0119bia.<\/p>\n\n\n\n<p>Prezes i sp\u00f3\u0142ka musieli doj\u015b\u0107 do wniosku, \u017c wzmo\u017cenie atak\u00f3w na opozycj\u0119, na s\u0119dzi\u00f3w, na s\u0105dy, na Uni\u0119 Europejsk\u0105, na Niemcy &#8211;&nbsp;skupi nar\u00f3d wok\u00f3\u0142 w\u0142adzy, zw\u0142aszcza \u017ce opozycja nie gwarantuje poczucia sprawiedliwo\u015bci i bezpiecze\u0144stwa. Po stronie opozycji jest \u2013 owszem \u2013 pluralizm, ale&nbsp;nie ma alternatywy programowej ani personalnej dla w\u0142adzy. Opozycja nie ma jeszcze twarzy, nie ma wiarygodnego lidera. W zwi\u0105zku z tym PiS i prezydent&nbsp;mog\u0105 jecha\u0107 ostro i bezkarnie, licz\u0105c przy okazji na pozyskanie klienteli Konfederacji, kt\u00f3ra drwi z Andrzeja Dudy&nbsp;jako potomka Unii Wolno\u015bci.<\/p>\n\n\n\n<p>Oto kilka fragment\u00f3w prezydenckich monolog\u00f3w. &#8222;Nam, Polakom, nale\u017cy si\u0119 w\u0142asne pa\u0144stwo, niepodleg\u0142e, suwerenne, demokratyczne, kt\u00f3re jest dzisiaj&nbsp;organizacj\u0105 wsp\u00f3lnoty Polak\u00f3w, (\u2026) by ten nowy zamach&nbsp;na nasz\u0105 suwerenno\u015b\u0107 zosta\u0142 odparty. (\u2026) My, Polacy, mamy prawo sami decydowa\u0107 o sobie i swoich prawach. Nie b\u0119d\u0105 nam tutaj w obcych j\u0119zykach narzucali, jaki ustr\u00f3j&nbsp;mamy mie\u0107 w Polsce i jak maj\u0105 by\u0107 prowadzone polskie sprawy\u201d.<\/p>\n\n\n\n<p>Duda straszy, podobnie jak strasz\u0105 prawicowe media \u2013 zagra\u017caj\u0105 nam s\u0119dziowie, LGBT, Bruksela, postkomuni\u015bci oraz ich wychowankowie\u2026<\/p>\n\n\n\n<p>Wt\u00f3ruje mu Ziobro. Opublikowany dokument jest \u201eparodi\u0105 opinii Komisji Weneckiej\u201d. \u201eTym&nbsp;m\u0119drcom, tym pysza\u0142kom, kt\u00f3rzy przyje\u017cd\u017caj\u0105 do Polski z nad\u0119ciem, chcia\u0142bym powiedzie\u0107, \u017ce tego rodzaju tony obra\u017aliwe nie zostan\u0105 nigdy przez Polsk\u0119 zaakceptowane. (\u2026 ) Taki pouczaj\u0105cy pomruk \u017ale si\u0119 kojarzy z polskiej&nbsp;historii i jest niegodny ludzi, kt\u00f3rzy maj\u0105 si\u0119 za Europejczyk\u00f3w. (\u2026) Niech nikt nas nie poucza, \u017ce jest lepszy, m\u0105drzejszy, \u017ce ma bardziej ugruntowane zaplecze&nbsp;cywilizacyjne, kulturowo-prawne, poniewa\u017c to \u017ale brzmi, \u017ale si\u0119 kojarzy\u201d.<\/p>\n\n\n\n<p>Patryk Jaki: \u201ePolska wam przeszkadza, bo ju\u017c nie trzyma si\u0119 niemieckiej nogawki\u201d. (W\u0142a\u015bnie s\u0142ysza\u0142em, \u017ce w Polsce nie ma \u017cadnego laboratorium, kt\u00f3re umie stwierdzi\u0107 obecno\u015b\u0107 koronawirusa. Pr\u00f3bki nasze s\u0105 wysy\u0142ane do Berlina).<\/p>\n\n\n\n<p>Tego rodzaju patriotyczno-godno\u015bciowe frazesy na pewno trafiaj\u0105 do cz\u0119\u015bci wyborc\u00f3w, poprawiaj\u0105 ich ego, poczucie w\u0142asnej warto\u015bci, ta ca\u0142a gadanina o czyszczeniu naszego kraju, o czarnych owcach \u2013 ta demagogia dodaje ludziom krzepy i zadowolenia, \u017ce s\u0105 fajni, a \u201etamci\u201d to gnidy, zdrajcy i zaprza\u0144cy.<\/p>\n\n\n\n<p><strong>Zaproszenie<\/strong><br>Prof. Miros\u0142aw Wyrzykowski (s\u0119dzia Trybuna\u0142u Konstytucyjnego w stanie spoczynku), prof. Jan Barcz (dyplomata, znawca prawa mi\u0119dzynarodowego) oraz dr Aleksandra Gliszczy\u0144ska (PAN), specjalizuj\u0105ca si\u0119 w badaniach uprzedze\u0144 i dyskryminacji &#8211;  b\u0119d\u0105 naszymi go\u015b\u0107mi w TOK FM w niedziel\u0119 2 lutego o godz. 10:05. <\/p>\n","protected":false},"excerpt":{"rendered":"<p>Im wi\u0119kszy po\u017car, tym lepiej dla podpalaczy.<\/p>\n","protected":false},"author":4,"featured_media":5914,"comment_status":"open","ping_status":"closed","sticky":false,"template":"","format":"standard","meta":{"footnotes":""},"categories":[1],"tags":[],"_links":{"self":[{"href":"https:\/\/blog.polityka.pl\/passent\/wp-json\/wp\/v2\/posts\/5911"}],"collection":[{"href":"https:\/\/blog.polityka.pl\/passent\/wp-json\/wp\/v2\/posts"}],"about":[{"href":"https:\/\/blog.polityka.pl\/passent\/wp-json\/wp\/v2\/types\/post"}],"author":[{"embeddable":true,"href":"https:\/\/blog.polityka.pl\/passent\/wp-json\/wp\/v2\/users\/4"}],"replies":[{"embeddable":true,"href":"https:\/\/blog.polityka.pl\/passent\/wp-json\/wp\/v2\/comments?post=5911"}],"version-history":[{"count":3,"href":"https:\/\/blog.polityka.pl\/passent\/wp-json\/wp\/v2\/posts\/5911\/revisions"}],"predecessor-version":[{"id":5915,"href":"https:\/\/blog.polityka.pl\/passent\/wp-json\/wp\/v2\/posts\/5911\/revisions\/5915"}],"wp:featuredmedia":[{"embeddable":true,"href":"https:\/\/blog.polityka.pl\/passent\/wp-json\/wp\/v2\/media\/5914"}],"wp:attachment":[{"href":"https:\/\/blog.polityka.pl\/passent\/wp-json\/wp\/v2\/media?parent=5911"}],"wp:term":[{"taxonomy":"category","embeddable":true,"href":"https:\/\/blog.polityka.pl\/passent\/wp-json\/wp\/v2\/categories?post=5911"},{"taxonomy":"post_tag","embeddable":true,"href":"https:\/\/blog.polityka.pl\/passent\/wp-json\/wp\/v2\/tags?post=5911"}],"curies":[{"name":"wp","href":"https:\/\/api.w.org\/{rel}","templated":true}]}}