
{"id":5917,"date":"2020-02-05T11:31:59","date_gmt":"2020-02-05T10:31:59","guid":{"rendered":"https:\/\/passent.blog.polityka.pl\/?p=5917"},"modified":"2020-02-05T11:46:05","modified_gmt":"2020-02-05T10:46:05","slug":"dziekuje-panie-prezydencie","status":"publish","type":"post","link":"https:\/\/blog.polityka.pl\/passent\/2020\/02\/05\/dziekuje-panie-prezydencie\/","title":{"rendered":"Dzi\u0119kuj\u0119, Panie Prezydencie!"},"content":{"rendered":"\n<p>Za to, \u017ce jest Pan niez\u0142omny. Za to, \u017ce przywr\u00f3ci\u0142 Pan godno\u015b\u0107 urz\u0119dowi Prezydenta. Za to, \u017ce powstali\u015bmy z kolan.<\/p>\n\n\n\n<!--more-->\n\n\n\n<p>Za to, \u017ce z prowincjonalnego, operetkowego pa\u0144stwa, z kt\u00f3rym\nnikt si\u0119 nie liczy\u0142, powr\u00f3cili\u015bmy do centrum Europy, a nasza rola w Unii jest\nkluczowa.<\/p>\n\n\n\n<p>Za to, \u017ce nie ugi\u0105\u0142 si\u0119 Pan pod presj\u0105 Komisji Europejskiej, Trybuna\u0142u Sprawiedliwo\u015bci Unii Europejskiej, paso\u017cyt\u00f3w z Wenecji, brukselskich eurokrat\u00f3w, takich jak Vera Jourova.<\/p>\n\n\n\n<p>Za to, \u017ce jak zwykle zachowa\u0142 si\u0119 Pan elegancko i zaczeka\u0142 z podpisaniem \u201eustawy dyscyplinuj\u0105cej\u201d a\u017c do wyjazdu prezydenta Macrona.<\/p>\n\n\n\n<p>Za to, \u017ce nie pos\u0142ucha\u0142 Pan okre\u015blonych medi\u00f3w zagranicznych, takich jak \u201eNew York Times\u201d, \u201eDer Spiegel\u201d, \u201eThe Guardian\u201d, kt\u00f3re nie mog\u0105 si\u0119 pogodzi\u0107 z tym,&nbsp;\u017ce jeste\u015bmy pa\u0144stwem&nbsp;suwerennym, kt\u00f3re kroczy w\u0142asn\u0105 drog\u0105.<\/p>\n\n\n\n<p>Za to, \u017ce wykona\u0142 Pan wa\u017cny, by\u0107 mo\u017ce decyduj\u0105cy krok&nbsp;w kierunku uratowania naszego wymiaru sprawiedliwo\u015bci&nbsp;przed pseudoautorytetami, takimi jak \u0141\u0119towska, Zoll, Safjan, Sadurski, Niedorzecznik Praw Obywatelskich, a tak\u017ce postkomunist\u00f3w oraz ich wychowank\u00f3w, kt\u00f3rych liczba ro\u015bnie w zastraszaj\u0105cym tempie.<\/p>\n\n\n\n<p>Za to, \u017ce pod okiem Pana Prezydenta przywraca si\u0119 dyscyplin\u0119 w s\u0105downictwie, pokazuj\u0105c rozmaitym Juszczyszynom, gdzie jest ich miejsce. Jak Pan Prezydent trafnie zauwa\u017cy\u0142,\u00a0na\u00a0nic zdadz\u0105 si\u0119 ich mod\u0142y \u201eOjczyzn\u0119 dojn\u0105 racz nam wr\u00f3ci\u0107, Panie!\u201d. Pozbawiaj\u0105c t\u0142uste koty 40 proc. uposa\u017cenia i ustalaj\u0105c uposa\u017cenie s\u0119dzi\u00f3w Izby Dyscyplinarnej SN na\u00a0najwy\u017cszym poziomie, przywr\u00f3cona zosta\u0142a zasada \u201eka\u017cdemu wed\u0142ug zas\u0142ug\u201d.<\/p>\n\n\n\n<p>Kasta dosta\u0142a od Pana Prezydenta po \u0142apach,&nbsp;niech nie my\u015bli, \u017ce jest \u015bwi\u0119ta, \u017ce mo\u017ce wszystko, w tym sia\u0107 chaos. Miejmy nadziej\u0119, \u017ce m\u0105dra i odwa\u017cna decyzja Pana Prezydenta wywo\u0142a refleksj\u0119 i raz na zawsze przestanie ona s\u0142a\u0107 prowokacyjne pytania \u201eprejudycjalne\u201d za granic\u0119 i grzeba\u0107 w listach poparcia w KRS. Kiedy\u017c ci ludzie zrozumiej\u0105, \u017ce skoro Pan Prezydent kogo\u015b powo\u0142a\u0142, to wszystko inne si\u0119 nie liczy?<\/p>\n\n\n\n<p>Za to, \u017ce nie zdradzi\u0142 Pan prezesa i pozosta\u0142 wierny\nugrupowaniu, kt\u00f3re Pana wynios\u0142o.<\/p>\n\n\n\n<p>Za to, \u017ce zn\u00f3w mo\u017cemy chodzi\u0107 z podniesion\u0105 G\u0142ow\u0105 Pa\u0144stwa.<\/p>\n","protected":false},"excerpt":{"rendered":"<p>Za to, \u017ce nie zdradzi\u0142 Pan prezesa i pozosta\u0142 wierny ugrupowaniu, kt\u00f3re Pana wynios\u0142o.<\/p>\n","protected":false},"author":4,"featured_media":5921,"comment_status":"open","ping_status":"closed","sticky":false,"template":"","format":"standard","meta":{"footnotes":""},"categories":[1],"tags":[],"_links":{"self":[{"href":"https:\/\/blog.polityka.pl\/passent\/wp-json\/wp\/v2\/posts\/5917"}],"collection":[{"href":"https:\/\/blog.polityka.pl\/passent\/wp-json\/wp\/v2\/posts"}],"about":[{"href":"https:\/\/blog.polityka.pl\/passent\/wp-json\/wp\/v2\/types\/post"}],"author":[{"embeddable":true,"href":"https:\/\/blog.polityka.pl\/passent\/wp-json\/wp\/v2\/users\/4"}],"replies":[{"embeddable":true,"href":"https:\/\/blog.polityka.pl\/passent\/wp-json\/wp\/v2\/comments?post=5917"}],"version-history":[{"count":3,"href":"https:\/\/blog.polityka.pl\/passent\/wp-json\/wp\/v2\/posts\/5917\/revisions"}],"predecessor-version":[{"id":5922,"href":"https:\/\/blog.polityka.pl\/passent\/wp-json\/wp\/v2\/posts\/5917\/revisions\/5922"}],"wp:featuredmedia":[{"embeddable":true,"href":"https:\/\/blog.polityka.pl\/passent\/wp-json\/wp\/v2\/media\/5921"}],"wp:attachment":[{"href":"https:\/\/blog.polityka.pl\/passent\/wp-json\/wp\/v2\/media?parent=5917"}],"wp:term":[{"taxonomy":"category","embeddable":true,"href":"https:\/\/blog.polityka.pl\/passent\/wp-json\/wp\/v2\/categories?post=5917"},{"taxonomy":"post_tag","embeddable":true,"href":"https:\/\/blog.polityka.pl\/passent\/wp-json\/wp\/v2\/tags?post=5917"}],"curies":[{"name":"wp","href":"https:\/\/api.w.org\/{rel}","templated":true}]}}