
{"id":593,"date":"2009-08-04T23:44:05","date_gmt":"2009-08-04T21:44:05","guid":{"rendered":"http:\/\/passent.blog.polityka.pl\/?p=593"},"modified":"2009-08-04T23:44:05","modified_gmt":"2009-08-04T21:44:05","slug":"przepraszam-pani-doroto","status":"publish","type":"post","link":"https:\/\/blog.polityka.pl\/passent\/2009\/08\/04\/przepraszam-pani-doroto\/","title":{"rendered":"Przepraszam, Pani Doroto!"},"content":{"rendered":"<p>A wi\u0119c sta\u0142o si\u0119 \u2013 wilki z sieci zagryz\u0142y Dorot\u0119 \u015awieniewicz, jedn\u0105 z najlepszych siatkarek w Polsce i w Europie. M.in. z powodu agresywnych, chamskich g\u0142os\u00f3w w Internecie, znakomita sportsmenka postanowi\u0142a zako\u0144czy\u0107 karier\u0119. Oczywi\u015bcie, mo\u017cna powiedzie\u0107, \u017ce osoba publiczna, znana nie mo\u017ce liczy\u0107 tylko na ochy i achy, musi by\u0107 przygotowana i na g\u0142osy negatywne, ale to, co przytacza \u201eGazeta\u201d,\u00a0 przekracza wszelkie normy: \u201eReprezentacja to nie przytu\u0142ek dla starszych pa\u0144, ile lat ma ta stara baba ze zmarszczkami i cellulitisem, tu trzeba wypruwa\u0107\u00a0 \u017cy\u0142y, skoro pani \u015awieniewicz tego nie rozumie, to do widzenia\u2026\u201d\u00a0 Takie wpisy to wstyd i ha\u0144ba. Pani Doroto, przepraszam Pani\u0105 za to chamstwo w sieci (i w realu tak\u017ce), kt\u00f3re musia\u0142a Pani znosi\u0107, rozs\u0142awiaj\u0105c nasz kraj na parkietach ca\u0142ego \u015bwiata.<\/p>\n<p>O agresji w Internecie m\u00f3wi si\u0119 stale, niedawno by\u0142 w \u201ePolityce\u201d <a href=\"http:\/\/www.polityka.pl\/chmowo\/Text01,936,297802,18\/\" target=\"_blank\"><strong>obszerny raport Piotra Stasiaka<\/strong><\/a> na ten temat,\u00a0 ale temat nie jest wyczerpany. Wiadomo, \u017ce anonimowy charakter wypowiedzi i poczucie bezkarno\u015bci wyzwalaj\u0105\u00a0 niskie instynkty, \u017ce \u201ebij mistrza!\u201d to choroba rozpowszechniona, \u017ce kompleksy wobec ludzi znanych etc. (Ludzie znani skupiaj\u0105 na sobie cz\u0119sto zawi\u015b\u0107 i agresj\u0119 nienawistnik\u00f3w.) Mnie jednak interesuje (<strong>a<\/strong>) czy w innych krajach agresja jest podobna (zapraszam Blogowicz\u00f3w do refleksji, mo\u017ce wtedy si\u0119 dowiem) oraz (<strong>b<\/strong>) jak cechy naszego spo\u0142ecze\u0144stwa w realu przenosz\u0105 si\u0119 do wirtualu?<\/p>\n<p>Skoro mamy dw\u00f3ch by\u0142ych prezydent\u00f3w w stanie wojny s\u0142ownej, to jak mo\u017cna si\u0119 dziwi\u0107 anonimom, kt\u00f3rzy wypisuj\u0105 brednie na murach, zachowuj\u0105 si\u0119 jak dzicz na stadionach i w sieci. Skoro kombatanci bucz\u0105 na cmentarzu \u2013 to czego mo\u017cna wymaga\u0107 od kibic\u00f3w? Skoro krakowscy kibice u\u017cywaj\u0105 s\u0142owa \u201d\u017cyd\u201d jako epitetu, i to ch\u00f3rem, zbiorowo, publicznie i bezkarnie, to jak dziwi\u0107 si\u0119, \u017ce pewien rodzaj ludzi ujada i k\u0105sa w sieci. W jakim stopniu agresja w sieci jest kopi\u0105 albo przed\u0142u\u017ceniem agresji w realu, a na ile jest truj\u0105cym owocem Internetu?<\/p>\n<p>Kiedy czyta si\u0119 komentarze w sieci (nie m\u00f3wi\u0119 o naszym blogu, cho\u0107 i tu niekt\u00f3re wypowiedzi s\u0105 napastliwe i ad personam), to r\u0119ce opadaj\u0105. Cz\u0119sto zreszt\u0105 nie s\u0105 to komentarze wymierzone w autora bloga, tylko wr\u0119cz przeciwnie \u2013 to ch\u00f3r my\u015bl\u0105cych podobnie, ubranych w kominiarki, poszczutych przez gospodarza, ujada w t\u0119 sam\u0105 stron\u0119, i to ju\u017c bez kaga\u0144ca.<\/p>\n<p>Obawiam si\u0119, \u017ce Dorota \u015awieniewicz nie jest ani jedyn\u0105, ani ostatni\u0105 ofiar\u0105 sadyst\u00f3w z sieci. Obawiam si\u0119, \u017ce b\u0119d\u0105 ofiary nawet bardziej bolesne, tragiczne, poniewa\u017c cz\u0142owieka mo\u017cna zaszczu\u0107 na \u015bmier\u0107.<\/p>\n","protected":false},"excerpt":{"rendered":"<p>A wi\u0119c sta\u0142o si\u0119 \u2013 wilki z sieci zagryz\u0142y Dorot\u0119 \u015awieniewicz, jedn\u0105 z najlepszych siatkarek w Polsce i w Europie. M.in. z powodu agresywnych, chamskich g\u0142os\u00f3w w Internecie, znakomita sportsmenka postanowi\u0142a zako\u0144czy\u0107 karier\u0119. Oczywi\u015bcie, mo\u017cna powiedzie\u0107, \u017ce osoba publiczna, znana nie mo\u017ce liczy\u0107 tylko na ochy i achy, musi by\u0107 przygotowana i na g\u0142osy negatywne, [&hellip;]<\/p>\n","protected":false},"author":4,"featured_media":0,"comment_status":"open","ping_status":"open","sticky":false,"template":"","format":"standard","meta":{"footnotes":""},"categories":[1],"tags":[],"_links":{"self":[{"href":"https:\/\/blog.polityka.pl\/passent\/wp-json\/wp\/v2\/posts\/593"}],"collection":[{"href":"https:\/\/blog.polityka.pl\/passent\/wp-json\/wp\/v2\/posts"}],"about":[{"href":"https:\/\/blog.polityka.pl\/passent\/wp-json\/wp\/v2\/types\/post"}],"author":[{"embeddable":true,"href":"https:\/\/blog.polityka.pl\/passent\/wp-json\/wp\/v2\/users\/4"}],"replies":[{"embeddable":true,"href":"https:\/\/blog.polityka.pl\/passent\/wp-json\/wp\/v2\/comments?post=593"}],"version-history":[{"count":0,"href":"https:\/\/blog.polityka.pl\/passent\/wp-json\/wp\/v2\/posts\/593\/revisions"}],"wp:attachment":[{"href":"https:\/\/blog.polityka.pl\/passent\/wp-json\/wp\/v2\/media?parent=593"}],"wp:term":[{"taxonomy":"category","embeddable":true,"href":"https:\/\/blog.polityka.pl\/passent\/wp-json\/wp\/v2\/categories?post=593"},{"taxonomy":"post_tag","embeddable":true,"href":"https:\/\/blog.polityka.pl\/passent\/wp-json\/wp\/v2\/tags?post=593"}],"curies":[{"name":"wp","href":"https:\/\/api.w.org\/{rel}","templated":true}]}}