
{"id":5933,"date":"2020-02-10T22:12:33","date_gmt":"2020-02-10T21:12:33","guid":{"rendered":"https:\/\/passent.blog.polityka.pl\/?p=5933"},"modified":"2020-02-10T23:19:22","modified_gmt":"2020-02-10T22:19:22","slug":"profesura-wykleta","status":"publish","type":"post","link":"https:\/\/blog.polityka.pl\/passent\/2020\/02\/10\/profesura-wykleta\/","title":{"rendered":"Profesura wykl\u0119ta"},"content":{"rendered":"\n<p>Wiele\u00a0os\u00f3b kompetentnych\u00a0i\u00a0uznanych zosta\u0142o w ostatnich latach usuni\u0119tych ze stanowisk lub pomini\u0119tych w awansach i\u00a0zaszczytach. Polska Kaczy\u0144skiego, Dudy, Morawieckiego tworzy now\u0105 elit\u0119,\u00a0buduje pomniki swoim i zwalcza obcych.<\/p>\n\n\n\n<!--more-->\n\n\n\n<p>Wystarczy pos\u0142ucha\u0107\u00a0i popatrze\u0107 na prezesa S\u0105du Rejonowego w Olsztynie, cz\u0142onka KRS, s\u0119dziego Nawackiego, \u017ceby mie\u0107 poj\u0119cie o nowej elicie (zachowa\u0142 si\u0119 po chamsku, dr\u0105c publicznie projekty uchwa\u0142 zgromadzenia og\u00f3lnego s\u0119dzi\u00f3w).\u00a0Albo prze\u015bledzi\u0107 zmiany na stanowiskach dyrektor\u00f3w rozmaitych muze\u00f3w, z Muzeum Narodowym w Warszawie na czele. Ile\u017c ci ludzie zmarnowali umiej\u0119tno\u015bci, do\u015bwiadczenia i po prostu ludzi!<\/p>\n\n\n\n<p>Szczeg\u00f3lnym zainteresowaniem w\u0142a\u015bcicieli IV RP ciesz\u0105 si\u0119 historycy. Oczywi\u015bcie nie wszyscy. Niekt\u00f3rzy absolwenci studi\u00f3w historycznych, tacy jak pp. Morawiecki, Macierewicz czy B\u0142aszczak, s\u0105 OK. Ale prawdziwi historycy \u2013 naukowcy &#8211; nie s\u0105 ju\u017c tacy bezpieczni. O ich losach decyduj\u0105 mierni, ale wierni.<\/p>\n\n\n\n<p>W IV RP, podobnie jak w systemie s\u0142usznie minionym (zw\u0142aszcza kiedy by\u0142 w \u201erozkwicie\u201d), specjalnymi wzgl\u0119dami cieszy\u0142y si\u0119 nauki oko\u0142opolityczne \u2013 ekonomia, socjologia (zakazana w latach 50.), filozofia, historia i pokrewne. Od Ajdukiewicza\u00a0i\u00a0Tatarkiewicza po Brusa i Ko\u0142akowskiego\u00a0&#8211; pouczaj\u0105ce s\u0105 ich prze\u017cycia.\u00a0Niekt\u00f3rzy\u00a0najpierw usuwali, a potem sami zostawali\u00a0 usuni\u0119ci. Kiedy zestawi si\u0119 p. mgr Przy\u0142\u0119bsk\u0105 z prof. Zollem, Safjanem, \u0141\u0119towsk\u0105, Wyrzykowskim czy St\u0119pniem, to r\u0119ce opadaj\u0105. Na stanowisku dyrektora Muzeum Historii II Wojny \u015awiatowej w Gda\u0144sku kontrast jest podobny.<\/p>\n\n\n\n<p>Mam nadziej\u0119, \u017ce kto\u015b ju\u017c\u00a0sposobi si\u0119 do napisania wielotomowej \u201eHistorii polityki kadrowej Kaczy\u0144skiego i sp\u00f3\u0142ki&#8221; \u2013 w s\u0105downictwie, w nauce, w si\u0142ach zbrojnych, w dyplomacji, w s\u0142u\u017cbach specjalnych. Trzy nazwiska przychodz\u0105 dzi\u015b na my\u015bl.<\/p>\n\n\n\n<p><strong>BILEWICZ<\/strong>. Profesor doktor habilitowany Micha\u0142 Bilewicz (o kt\u00f3rym pisze \u201eGW\u201d) nie zostaje profesorem, cho\u0107\u00a0spe\u0142nia wszelkie wymogi, a wszystkie (sze\u015b\u0107)\u00a0recenzje jego dorobku s\u0105 pe\u0142ne uznania. Co si\u0119 nie podoba \u2013 pyta Agnieszka Kublik\u00a0w \u201eGW\u201d. Wyk\u0142ad o mowie nienawi\u015bci i analogii z Marcem\u201968 zosta\u0142 uznany przez prawdziwych Polak\u00f3w za \u201eantypolski, szkaluj\u0105cy\u201d etc. S\u0105dz\u0119, \u017ce prawdziwi patrioci maj\u0105 wi\u0119cej zastrze\u017ce\u0144, bo Bilewicz \u201enie jest z nich\u201d, bada uprzedzenia bez uprzedze\u0144. Nie dostaje nominacji profesorskiej pod wydumanym pretekstem,\u00a0\u017ce czworo recenzent\u00f3w pochodzi z jednej uczelni. Gdyby byli nawet z sze\u015bciu uczelni, znalaz\u0142by si\u0119 inny pretekst, bo jak si\u0119 chce psa uderzy\u0107\u2026<\/p>\n\n\n\n<p><strong>MACHCEWICZ<\/strong>. Profesor doktor habilitowany\u00a0Pawe\u0142 Machcewicz \u2013 jeden z najbardziej znanych historyk\u00f3w czas\u00f3w najnowszych, profesor zwyczajny, stypendysta zagranicznych uczelni i instytut\u00f3w od Madrytu do Londynu, autor ksi\u0105\u017cek m.in. o migracjach polskich, Jedwabnem, Radiu Wolna Europa. Przede wszystkich za\u015b tw\u00f3rca Muzeum Historii II Wojny \u015awiatowej w Gda\u0144sku (2008-16), kt\u00f3re zyska\u0142o tyle uznania w kraju i za granic\u0105, zosta\u0142 odwo\u0142any\u00a0pod drugorz\u0119dnymi pretekstami: wojna przedstawiona zbyt okrutnie, za ma\u0142o miejsca po\u015bwi\u0119cono polskiemu wysi\u0142kowi zbrojnemu, za du\u017co o ludno\u015bci cywilnej \u2013 za ma\u0142o o wojsku, jeden portret ukryty, drugi za ma\u0142o widoczny etc. Na miejsce Machcewicza sadzaj\u0105 dr. Karola Nawrockiego &#8211; swojego \u201eNawackiego\u201d.<\/p>\n\n\n\n<p><strong>STOLA<\/strong>. Prof. Dariusz Stola jest ju\u017c symbolem polityki historycznej i\u00a0 personalnej rz\u0105du, a zw\u0142aszcza wicepremiera Gli\u0144skiego. Profesor pe\u0142n\u0105 g\u0119b\u0105, Stola jest autorem wielu prac, m.in. na temat\u00a0migracji z Polski 1949-89 (nagroda historyczna &#8222;Polityki&#8221; 2010). Gli\u0144ski, te\u017c profesor, ale i wicepremier, minister kultury, to\u00a0cz\u0142owiek pe\u0142en kompleks\u00f3w, pami\u0119tliwy i zawzi\u0119ty, ma za z\u0142e, jakoby Stola \u2013 jako dyrektor Muzeum Polin &#8211; miesza\u0142 si\u0119 do polityki, robi\u0142 trudno\u015bci z udost\u0119pnieniem sali na cel bliski rz\u0105dowi. Poza tym wicepremier ma zastrze\u017cenia do wystawy \u201emarcowej\u201d. Czy sam j\u0105 ogl\u0105da\u0142 \u2013 nie wiem.<\/p>\n\n\n\n<p>W ka\u017cdym razie po up\u0142ywie swojej pierwszej kadencji, kt\u00f3ra by\u0142a jednym wielkim sukcesem Polin, Stola wygra\u0142 konkurs na dyrektora i ju\u017c dawno (od roku!) powinien by\u0142 nim kierowa\u0107, pozostali dwaj cz\u0142onkowie triumwiratu rz\u0105dz\u0105cego (prezydent Warszawy oraz\u00a0stowarzyszenie \u017bIH) go popieraj\u0105, ale Gli\u0144ski si\u0119 zapar\u0142. Sw\u0105d\u00a0jest od dawna i dotar\u0142 ju\u017c do diaspory za oceanem.<\/p>\n\n\n\n<p>Im d\u0142u\u017cej Gli\u0144ski si\u0119 upiera, tym bardziej poszukiwane jest rozwi\u0105zanie, kt\u00f3re pozwoli mu zachowa\u0107 twarz. Kr\u0105\u017c\u0105 plotki i spekulacje, kt\u00f3rych nie warto powtarza\u0107. Oficjalny komunikat ministerstwa zapewnia, \u017ce nie ma problemu, muzeum funkcjonuje i realizuje sw\u00f3j program.<\/p>\n\n\n\n<p>Takie s\u0105 skutki polityki historycznej i kadrowej. Wstyd na ca\u0142y \u015bwiat, gdy\u017c oba muzea \u2013 w Gda\u0144sku i w Warszawie \u2013 tworzone by\u0142y z udzia\u0142em wybitnych historyk\u00f3w z kilku kraj\u00f3w. Tak wygl\u0105da \u201enormalno\u015b\u0107\u201d, kt\u00f3r\u0105 obiecywa\u0142 rz\u0105d Morawieckiego.<\/p>\n","protected":false},"excerpt":{"rendered":"<p>Wiele os\u00f3b kompetentnych i uznanych zosta\u0142o w ostatnich latach usuni\u0119tych ze stanowisk lub pomini\u0119tych w awansach i zaszczytach.<\/p>\n","protected":false},"author":4,"featured_media":5936,"comment_status":"open","ping_status":"closed","sticky":false,"template":"","format":"standard","meta":{"footnotes":""},"categories":[1],"tags":[],"_links":{"self":[{"href":"https:\/\/blog.polityka.pl\/passent\/wp-json\/wp\/v2\/posts\/5933"}],"collection":[{"href":"https:\/\/blog.polityka.pl\/passent\/wp-json\/wp\/v2\/posts"}],"about":[{"href":"https:\/\/blog.polityka.pl\/passent\/wp-json\/wp\/v2\/types\/post"}],"author":[{"embeddable":true,"href":"https:\/\/blog.polityka.pl\/passent\/wp-json\/wp\/v2\/users\/4"}],"replies":[{"embeddable":true,"href":"https:\/\/blog.polityka.pl\/passent\/wp-json\/wp\/v2\/comments?post=5933"}],"version-history":[{"count":2,"href":"https:\/\/blog.polityka.pl\/passent\/wp-json\/wp\/v2\/posts\/5933\/revisions"}],"predecessor-version":[{"id":5935,"href":"https:\/\/blog.polityka.pl\/passent\/wp-json\/wp\/v2\/posts\/5933\/revisions\/5935"}],"wp:featuredmedia":[{"embeddable":true,"href":"https:\/\/blog.polityka.pl\/passent\/wp-json\/wp\/v2\/media\/5936"}],"wp:attachment":[{"href":"https:\/\/blog.polityka.pl\/passent\/wp-json\/wp\/v2\/media?parent=5933"}],"wp:term":[{"taxonomy":"category","embeddable":true,"href":"https:\/\/blog.polityka.pl\/passent\/wp-json\/wp\/v2\/categories?post=5933"},{"taxonomy":"post_tag","embeddable":true,"href":"https:\/\/blog.polityka.pl\/passent\/wp-json\/wp\/v2\/tags?post=5933"}],"curies":[{"name":"wp","href":"https:\/\/api.w.org\/{rel}","templated":true}]}}