
{"id":5947,"date":"2020-02-15T16:27:21","date_gmt":"2020-02-15T15:27:21","guid":{"rendered":"https:\/\/passent.blog.polityka.pl\/?p=5947"},"modified":"2020-02-16T21:07:47","modified_gmt":"2020-02-16T20:07:47","slug":"prezydent-marzen","status":"publish","type":"post","link":"https:\/\/blog.polityka.pl\/passent\/2020\/02\/15\/prezydent-marzen\/","title":{"rendered":"Prezydent marze\u0144"},"content":{"rendered":"\n<p>Z wyj\u0105tkiem tabliczki mno\u017cenia wszystko, co dobre, zawdzi\u0119czamy prezydentowi Andrzejowi Dudzie \u2013 taki wniosek p\u0142ynie z jego konwencji wyborczej.<\/p>\n\n\n\n<!--more-->\n\n\n\n<p>Pod wzgl\u0119dem organizacyjnym i wizualnym impreza PiS jak zwykle wypad\u0142a bez zarzutu. Byli g\u00f3rnicy w swoich strojach, g\u00f3ralki, g\u00f3rale i g\u00f3ral\u0105tka na ludowo, by\u0142o narastaj\u0105ce napi\u0119cie przed wej\u015bciem prezydenta do hali w Warszawie, by\u0142a rodzina i aktyw partyjny. Ku mojemu zadowoleniu nie zauwa\u017cy\u0142em przedstawicieli wojska ani duchowie\u0144stwa.<\/p>\n\n\n\n<p>Najpierw by\u0142y przem\u00f3wienia prezesa Kaczy\u0144skiego oraz premiera Morawieckiego. Jak przysta\u0142o na okazj\u0119 \u2013 oba jednako ba\u0142wochwalcze. \u201ePrezydent marze\u0144\u201d \u2013 powiedzia\u0142 prezes, podnosz\u0105c jego zas\u0142ugi. Udana polityka zagraniczna i historyczna, obrona konstytucji, nieustanny dialog ze spo\u0142ecze\u0144stwem, udaremnienie pr\u00f3by zamachu stanu (szczeg\u00f3\u0142\u00f3w nie poznali\u015bmy) oraz planu si\u0119gaj\u0105cego zagranicy.<\/p>\n\n\n\n<p>R\u00f3wnie hojny w pochwa\u0142ach by\u0142 premier Morawiecki, kt\u00f3ry wskaza\u0142 na Dud\u0119 jako dusz\u0119 polityki socjalnej i przede wszystkim gospodarczej (!) rz\u0105du, 500 plus, 300 plus, rent i emerytur, skr\u00f3cenia wieku emerytalnego, stra\u017cnika prawa i sprawiedliwo\u015bci.<\/p>\n\n\n\n<p>Wreszcie pojawi\u0142 si\u0119 bohater. \u015aciska\u0142 d\u0142onie entuzjast\u00f3w z ca\u0142ego kraju, obj\u0119cia, poca\u0142unki, wsp\u00f3lne selfie \u2013 wszystko by\u0142o. Przej\u015bcie trwa\u0142o odpowiednio d\u0142ugo. Samo wyst\u0105pienie by\u0142o rozczarowuj\u0105ce. Za najwi\u0119ksze osi\u0105gni\u0119cie i znak firmowy prezydentury uzna\u0142 swoje podr\u00f3\u017ce po kraju \u2013 od Ba\u0142tyku do Tatr, wszystkie powiaty, wsz\u0119dzie uci\u015bni\u0119te d\u0142onie i rozmowy, nieustaj\u0105ce rozmowy z lud\u017ami. Prezydentura blisko ludzi.<\/p>\n\n\n\n<p>Co prawda nie by\u0142a to okazja do refleksji, ale pytania nasuwaj\u0105 si\u0119 same. Pierwsze: czy ta prezydentura w drodze, na walizkach, nie kosztuje zbyt du\u017co czasu, kt\u00f3ry mo\u017cna by wykorzysta\u0107 inaczej \u2013 na skupienie si\u0119 wok\u00f3\u0142 wa\u017cnych spraw, narady z naukowcami i specjalistami, niezb\u0119dne reformy, np. ochrony zdrowia, a tak\u017ce czytanie, teatr, sztuki pi\u0119kne?<\/p>\n\n\n\n<p>I druga refleksja \u2013 ile warte s\u0105 rozmowy w biegu z uczestnikami wiec\u00f3w poparcia? Czasem jedna godzinna rozmowa warta jest wi\u0119cej ni\u017c dziesi\u0105tki u\u015bci\u015bni\u0119\u0107 r\u0105k. Duda wyra\u017anie idzie na ilo\u015b\u0107, a nie na jako\u015b\u0107. Gdyby przyj\u0105\u0142 wybitnego re\u017cysera, pisarza, artyst\u0119, emerytowanego genera\u0142a, konstruktora \u2013 na pewno by\u015bmy si\u0119 o tym dowiedzieli. Na to si\u0119 jednak nie zanosi.<\/p>\n\n\n\n<p>Tonacja wszystkich trzech przem\u00f3wie\u0144 by\u0142a umiarkowana, nieliczne uk\u0142ony pod adresem prawicowego elektoratu (obni\u017cenie rent i emerytur by\u0142ym s\u0142ugom Moskwy) odbierane by\u0142y ciep\u0142o przez zgromadzony aktyw. M\u00f3wi\u0105c o polityce zagranicznej, panowie k\u0142aniali si\u0119 Stanom Zjednoczonym, \u017caden nie wspomnia\u0142 o naszych s\u0105siadach, o NATO ani o Unii Europejskiej. Raczej mo\u017cemy si\u0119 spodziewa\u0107 wi\u0119cej tego samego, co przynios\u0142o sukces pi\u0119\u0107 lat temu.<\/p>\n\n\n\n<p><strong>Zaproszenie<\/strong><br>Prof. Jan Hartman, dr Katarzyna Kasia (ASP) i red. Micha\u0142 Broniatowski (POLITICO) b\u0119d\u0105 naszymi go\u015b\u0107mi w TOK FM, niedziela 16 lutego, godz. 10:05.<\/p>\n","protected":false},"excerpt":{"rendered":"<p>Raczej mo\u017cemy si\u0119 spodziewa\u0107 wi\u0119cej tego samego, co przynios\u0142o sukces pi\u0119\u0107 lat temu.<\/p>\n","protected":false},"author":4,"featured_media":5952,"comment_status":"open","ping_status":"closed","sticky":false,"template":"","format":"standard","meta":{"footnotes":""},"categories":[1],"tags":[],"_links":{"self":[{"href":"https:\/\/blog.polityka.pl\/passent\/wp-json\/wp\/v2\/posts\/5947"}],"collection":[{"href":"https:\/\/blog.polityka.pl\/passent\/wp-json\/wp\/v2\/posts"}],"about":[{"href":"https:\/\/blog.polityka.pl\/passent\/wp-json\/wp\/v2\/types\/post"}],"author":[{"embeddable":true,"href":"https:\/\/blog.polityka.pl\/passent\/wp-json\/wp\/v2\/users\/4"}],"replies":[{"embeddable":true,"href":"https:\/\/blog.polityka.pl\/passent\/wp-json\/wp\/v2\/comments?post=5947"}],"version-history":[{"count":4,"href":"https:\/\/blog.polityka.pl\/passent\/wp-json\/wp\/v2\/posts\/5947\/revisions"}],"predecessor-version":[{"id":5951,"href":"https:\/\/blog.polityka.pl\/passent\/wp-json\/wp\/v2\/posts\/5947\/revisions\/5951"}],"wp:featuredmedia":[{"embeddable":true,"href":"https:\/\/blog.polityka.pl\/passent\/wp-json\/wp\/v2\/media\/5952"}],"wp:attachment":[{"href":"https:\/\/blog.polityka.pl\/passent\/wp-json\/wp\/v2\/media?parent=5947"}],"wp:term":[{"taxonomy":"category","embeddable":true,"href":"https:\/\/blog.polityka.pl\/passent\/wp-json\/wp\/v2\/categories?post=5947"},{"taxonomy":"post_tag","embeddable":true,"href":"https:\/\/blog.polityka.pl\/passent\/wp-json\/wp\/v2\/tags?post=5947"}],"curies":[{"name":"wp","href":"https:\/\/api.w.org\/{rel}","templated":true}]}}