
{"id":5953,"date":"2020-02-19T22:13:21","date_gmt":"2020-02-19T21:13:21","guid":{"rendered":"https:\/\/passent.blog.polityka.pl\/?p=5953"},"modified":"2020-02-19T22:25:35","modified_gmt":"2020-02-19T21:25:35","slug":"skoczyli-sobie-do-gardel","status":"publish","type":"post","link":"https:\/\/blog.polityka.pl\/passent\/2020\/02\/19\/skoczyli-sobie-do-gardel\/","title":{"rendered":"Skoczyli sobie do garde\u0142"},"content":{"rendered":"\n<p>Z pozoru &#8211; ale tylko z\u00a0pozoru &#8211; to, co si\u0119 wydarzy\u0142o w \u015brod\u0119 19 lutego, wygl\u0105da tak, jak gdyby Joanna Lichocka by\u0142a kr\u00f3low\u0105 Polski. Jeden ruch palcem i drapie\u017cniki skoczy\u0142y sobie do garde\u0142.<\/p>\n\n\n\n<!--more-->\n\n\n\n<p>Trzeba jednak by\u0107 pierwsz\u0105 naiwn\u0105, \u017ceby nie widzie\u0107, \u017ce wszystko tu jest powi\u0105zane. Jeden cel: odwr\u00f3ci\u0107 uwag\u0119 opinii od skandalicznego zachowania pos\u0142anki PiS Joanny Lichockiej. Jej chamski gest rozszed\u0142 si\u0119 w milionach wy\u015bwietle\u0144 w kraju i za granic\u0105, walnie przyczyniaj\u0105c si\u0119 do wzrostu presti\u017cu Polski. Opr\u00f3cz tego ka\u017cdy ma swoje interesy do za\u0142atwienia.<\/p>\n\n\n\n<p>Najazd CBA na mieszkania Mariana Banasia i jego rodziny, rewizja z k\u0142opotami w gabinecie prezesa NIK i w innych pomieszczeniach s\u0142u\u017cbowych, zgarni\u0119cie Jakuba Banasia, syna prezesa, przeszukania w mieszkaniach rodziny, list protestacyjny prezesa do marsza\u0142ek Sejmu itd., a to jeszcze nie koniec.<\/p>\n\n\n\n<p>Zaczyna si\u0119 nag\u0142a i niespodziewana kontrola NIK w Prokuraturze Krajowej! Wida\u0107, \u017ce g\u0142\u00f3wni aktorzy zwarli si\u0119 ze sob\u0105 w morderczym u\u015bcisku, a i to jeszcze nie koniec, bo mamy zmian\u0119 na stanowisku szefa Centralnego Biura Antykorupcyjnego, w samym \u015brodku przeprawy z Banasiem.<\/p>\n\n\n\n<p>To s\u0105 wydarzenia niewiarygodne, trzeba mie\u0107 dog\u0142\u0119bn\u0105 wiedz\u0119, tkwi\u0107 g\u0142\u0119boko w \u015brodowisku s\u0142u\u017cb oraz zna\u0107 ich powi\u0105zania z\u00a0politykami, \u017ceby rozszyfrowa\u0107 ich gr\u0119. Powo\u0142anie Banasia na stanowisko najpierw wiceministra, a potem ministra finans\u00f3w mimo zastrze\u017ce\u0144 opozycji to by\u0142 pocz\u0105tek tej afery. Zastrze\u017cenia zbagatelizowano, poniewa\u017c pochodzi\u0142y od opozycji, w Polsce nie ma za grosz zaufania w to, co m\u00f3wi strona przeciwna. Podobnie by\u0142o, kiedy nasz kryszta\u0142owy Bana\u015b zosta\u0142 szefem NIK \u2013 jednym z najbardziej zaufanych i nienaruszalnych polityk\u00f3w obozu w\u0142adzy. Lekcewa\u017cono (prezes, Mateusz Morawiecki i inni) wszelkie sygna\u0142y, a\u017c do czasu, kiedy ta wstr\u0119tna \u201eameryka\u0144ska\u201d TVN ujawni\u0142a tajemnicze powi\u0105zania wok\u00f3\u0142 kamienicy w Krakowie, kt\u00f3ra s\u0142u\u017cy\u0142a szemranym w\u0142a\u015bcicielom jako hotel na\u00a0godziny.<\/p>\n\n\n\n<p>Gdy w wyniku odkrycia TVN pad\u0142 cie\u0144 na Banasia, okaza\u0142o si\u0119, \u017ce jego o\u015bwiadczenie maj\u0105tkowe budzi powa\u017cne w\u0105tpliwo\u015bci, ale prezesa NIK chroni immunitet i to jeszcze na kilka lat. Pr\u00f3bowano po dobroci (Morawiecki: ludzie nie s\u0105 czarno-biali, wiele MB zawdzi\u0119czamy) i po z\u0142o\u015bci (\u201emamy plan B\u201d).\u00a0Pozosta\u0142 pat, do kt\u00f3rego mo\u017cna si\u0119 by\u0142o przyzwyczai\u0107. A\u017c tu nagle pos\u0142anka Lichocka, kt\u00f3ra mia\u0142a zosta\u0107 twarz\u0105 kampanii prezydenta Andrzeja Dudy, pokaza\u0142a sw\u00f3j wstr\u0119tny paluszek, pomno\u017cony przez ok. 100 mln ods\u0142on.\u00a0Z dnia na dzie\u0144 po\u017car si\u0119 rozprzestrzenia\u0142.<\/p>\n\n\n\n<p>Suweren, czyli elektorat, mo\u017ce ma\u0142o rozumie\u0107 krytyk\u0119 p\u0142yn\u0105c\u0105 z ust Kidawy-B\u0142o\u0144skiej, Kosiniaka czy Biedronia, ale co to jest fak, co oznacza \u015brodkowy palec w ca\u0142ej swej bezczelno\u015bci w sali plenarnej Sejmu \u2013 to \u201eprosty lud\u201d rozumie i nie ka\u017cdemu musi si\u0119 podoba\u0107. To wygl\u0105da katastrofalnie. Na ratunek trzeba by\u0142o po\u015bwi\u0119ci\u0107\u00a0kryszta\u0142owego Banasia i jego NIK, u\u017cywaj\u0105c do tego CBA i prokuratury Ziobry, bez zgody kt\u00f3rego nie by\u0142aby mo\u017cliwa rewizja w NIK i w mieszkaniach prezesa.<\/p>\n\n\n\n<p>Co ma do tego zmiana na stanowisku szefa CBA w takim momencie \u2013 to si\u0119 oka\u017ce. Mo\u017ce kto\u015b nie chcia\u0142 si\u0119 na co\u015b zgodzi\u0107? Mo\u017ce kto\u015b urwa\u0142 si\u0119 spod kontroli?<\/p>\n\n\n\n<p>Tak czy owak wizerunek Polski jako pa\u0144stwa prawa jest\u00a0jeszcze mocniej pokiereszowany, wszystko to przypomina raczej Paragwaj ni\u017c dumny kraj o tysi\u0105cletniej tradycji. Kampania prezydenta zaczyna si\u0119 w fatalnym dla obozu w\u0142adzy momencie. Tak si\u0119 dzieje, kiedy s\u0142u\u017cby s\u0105 pozbawione wszelkiej demokratycznej kontroli.<\/p>\n\n\n\n<p>Zwyci\u0119stwo, kt\u00f3re wydawa\u0142o si\u0119 przes\u0105dzone,\u00a0zaczyna by\u0107 w\u0105tpliwie.<\/p>\n\n\n\n<p><strong>Zaproszenie<\/strong><br>Prof. Monika P\u0142atek (karnistka, dzia\u0142aczka spo\u0142eczna, UW) oraz prof. Marek Grela (ekonomista, dyplomata) b\u0119d\u0105 naszymi go\u015b\u0107mi w TOK FM, niedziela 23 lutego, godz. 10:05!<\/p>\n","protected":false},"excerpt":{"rendered":"<p>Jeden ruch palcem i drapie\u017cniki skoczy\u0142y sobie do garde\u0142.<\/p>\n","protected":false},"author":4,"featured_media":5956,"comment_status":"open","ping_status":"closed","sticky":false,"template":"","format":"standard","meta":{"footnotes":""},"categories":[1],"tags":[],"_links":{"self":[{"href":"https:\/\/blog.polityka.pl\/passent\/wp-json\/wp\/v2\/posts\/5953"}],"collection":[{"href":"https:\/\/blog.polityka.pl\/passent\/wp-json\/wp\/v2\/posts"}],"about":[{"href":"https:\/\/blog.polityka.pl\/passent\/wp-json\/wp\/v2\/types\/post"}],"author":[{"embeddable":true,"href":"https:\/\/blog.polityka.pl\/passent\/wp-json\/wp\/v2\/users\/4"}],"replies":[{"embeddable":true,"href":"https:\/\/blog.polityka.pl\/passent\/wp-json\/wp\/v2\/comments?post=5953"}],"version-history":[{"count":2,"href":"https:\/\/blog.polityka.pl\/passent\/wp-json\/wp\/v2\/posts\/5953\/revisions"}],"predecessor-version":[{"id":5955,"href":"https:\/\/blog.polityka.pl\/passent\/wp-json\/wp\/v2\/posts\/5953\/revisions\/5955"}],"wp:featuredmedia":[{"embeddable":true,"href":"https:\/\/blog.polityka.pl\/passent\/wp-json\/wp\/v2\/media\/5956"}],"wp:attachment":[{"href":"https:\/\/blog.polityka.pl\/passent\/wp-json\/wp\/v2\/media?parent=5953"}],"wp:term":[{"taxonomy":"category","embeddable":true,"href":"https:\/\/blog.polityka.pl\/passent\/wp-json\/wp\/v2\/categories?post=5953"},{"taxonomy":"post_tag","embeddable":true,"href":"https:\/\/blog.polityka.pl\/passent\/wp-json\/wp\/v2\/tags?post=5953"}],"curies":[{"name":"wp","href":"https:\/\/api.w.org\/{rel}","templated":true}]}}