
{"id":5958,"date":"2020-02-24T20:06:50","date_gmt":"2020-02-24T19:06:50","guid":{"rendered":"https:\/\/passent.blog.polityka.pl\/?p=5958"},"modified":"2020-02-24T20:19:57","modified_gmt":"2020-02-24T19:19:57","slug":"obronca-wolnosci","status":"publish","type":"post","link":"https:\/\/blog.polityka.pl\/passent\/2020\/02\/24\/obronca-wolnosci\/","title":{"rendered":"Obro\u0144ca wolno\u015bci"},"content":{"rendered":"\n<p>Z niejakim zdumieniem przeczyta\u0142em kilka dni temu w \u201eRzeczpospolitej\u201d rozmow\u0119 z Piotrem Bernatowiczem, nowym dyrektorem Centrum Sztuki Wsp\u00f3\u0142czesnej, jednej z najwa\u017cniejszych instytucji kultury w Polsce. Nie bardzo wiedzia\u0142em, \u201ewho is who\u201d, poza tym, \u017ce minister-wicepremier Gli\u0144ski powo\u0142a\u0142 go bez konkursu, co jest prawnie dozwolone, ale, powiedzmy, ma\u0142o demokratyczne, gdy\u017c pozbawia innych specjalist\u00f3w i \u015brodowisko wp\u0142ywu na decyzj\u0119.<\/p>\n\n\n\n<!--more-->\n\n\n\n<p>Jeszcze kadencja dotychczasowej dyrektor nie dobieg\u0142a ko\u0144ca, a ministerstwo zapowiedzia\u0142o nominacj\u0119 nast\u0119pcy (w Muzeum Narodowym w Warszawie by\u0142o podobnie). &#8222;To skandal&#8221; \u2013 powiedzia\u0142 Piotr Rypson, historyk sztuki, by\u0142y dyrektor MN. Zdaniem rzecznik resortu doktor historii sztuki Piotr Bernatowicz posiada \u201epo\u017c\u0105dane przygotowanie fachowe oraz do\u015bwiadczenie zawodowe\u201d. Jak poda\u0142o Radio Zet, w tym do\u015bwiadczeniu mie\u015bci si\u0119 wystawianie w Galerii Miejskiej Arsena\u0142 w Poznaniu, kt\u00f3rej by\u0142 dyrektorem, prac o tre\u015bci i charakterze antyfeminstycznym i homofobicznym. Nowy dyrektor CSW bliski jest Prawu i Sprawiedliwo\u015bci &#8211; czytamy w &#8222;GW&#8221;.<\/p>\n\n\n\n<p>Wracam do wywiadu dyrektora Bernatowicza w \u201eRz\u201d. Wygra\u0142 on w 2017 r. konkurs na stanowisko dyrektora Galerii Arsena\u0142, ale prezydent Poznania powierzy\u0142 to stanowisko \u201elewicowemu arty\u015bcie Markowi Wasilewskiemu, uczestnikowi demonstracji KOD\u201d. Kto to jest lewicowy artysta, dr B. nie wyja\u015bnia, ale wida\u0107, \u017ce jest to gatunek, za kt\u00f3rym nie przepada.<\/p>\n\n\n\n<p>Co ma udzia\u0142 w manifestacji KOD do tego \u2013 nie wiem. Natomiast dyr. B. \u201eniezwykle ceni i szanuje redaktora Jana Pospieszalskiego\u201d, dla kt\u00f3rego mia\u0142 czas nawet, kiedy by\u0142 bardzo zaj\u0119ty. Pogl\u0105dy to sprawa prywatna &#8211; twierdzi &#8211; ale zapami\u0119ta\u0142 sobie, \u017ce pan Wasilewski bra\u0142 udzia\u0142 w demonstracji KOD.<\/p>\n\n\n\n<p>Najwi\u0119kszym zagro\u017ceniem dla wolno\u015bci sztuki jest zdaniem dyr. Bernatowicza \u201elewicowa poprawno\u015b\u0107 polityczna instytucji na Zachodzie\u201d.<\/p>\n\n\n\n<p>Nie dziwi\u0119 si\u0119, \u017ce minister Gli\u0144ski mianowa\u0142 dyrektora kolejnej instytucji, kt\u00f3ry jest mu bliski ideowo. Dziwi\u0119 si\u0119 natomiast, \u017ce nowy dyrektor CSW tak obnosi si\u0119 ze swoj\u0105 sympati\u0105 dla prawicy. Po co dyrektor instytucji kultury przywi\u0105zuje takie znaczenie do polityki, troski o to, \u017ceby dzie\u0142a sztuki spe\u0142nia\u0142y wymogi polityczne? Czy pan Bernatowicz jest komisarzem, nominatem politycznym, czy \u201ebezpartyjnym fachowcem\u201d?<\/p>\n\n\n\n<p>Moim  skromnym zdaniem im mniej w muzeum polityki, a wi\u0119cej sztuki \u2013 tym lepiej. XX w. to by\u0142 wiek triumfu polityki nad sztuk\u0105. \u201eSztuka wynaturzona\u201d i \u201ezdegenerowana\u201d nie by\u0142a w gu\u015bcie narodowego socjalizmu w Niemczech, tysi\u0105ce dzie\u0142 sztuki znikn\u0119\u0142y z muze\u00f3w, \u201edegenerat\u00f3w\u201d  prze\u015bladowano, wyje\u017cd\u017cali za granic\u0119 lub na odleg\u0142\u0105 prowincj\u0119, szczyt represji przypad\u0142 na lata 1936-37.<\/p>\n\n\n\n<p>Mniej wi\u0119cej w tym samym czasie w Rosji sowieckiej mia\u0142 miejsce podobny proces, nawet dominowa\u0142 gust oficjalny (realizm socjalistyczny, rze\u017aba \u201eRobotnik i ko\u0142cho\u017anica\u201d) zbli\u017cony do realizmu narodowego w Niemczech. Stalin mordowa\u0142 niesfornych artyst\u00f3w, w\u0142adza radziecka likwidowa\u0142a  liczne organizacje i stowarzyszenia pisarzy, tworz\u0105c np. jedyne legalne Stowarzyszenie Pisarzy Radzieckich (1932).<\/p>\n\n\n\n<p>Realizm socjalistyczny narzucono tak\u017ce krajom demokracji ludowej, m.in. na zje\u017adzie pisarzy polskich w Szczecinie (1949) i plastyk\u00f3w w Nieborowie. Dlatego nie lubi\u0119 rozmawiania o sztuce w kategoriach politycznych.<\/p>\n\n\n\n<p><strong>Zaproszenie<\/strong><br>Cezary Stypu\u0142kowski (prezes mBanku, wybitny finansista o szerokich zainteresowaniach) oraz red. Rafa\u0142 Wo\u015b (&#8222;Tygodnik Powszechny&#8221;, jeden z najciekawszych publicyst\u00f3w ekonomicznych m\u0142odszego pokolenia) b\u0119d\u0105 naszymi go\u015b\u0107mi w TOK FM, niedziela 1 marca, godz. 10:05. Zapraszam!<\/p>\n","protected":false},"excerpt":{"rendered":"<p>Z niejakim zdumieniem przeczyta\u0142em kilka dni temu w \u201eRzeczpospolitej\u201d rozmow\u0119 z Piotrem Bernatowiczem, nowym dyrektorem Centrum Sztuki Wsp\u00f3\u0142czesnej, jednej z najwa\u017cniejszych instytucji kultury w Polsce. Nie bardzo wiedzia\u0142em, \u201ewho is who\u201d, poza tym, \u017ce minister-wicepremier Gli\u0144ski powo\u0142a\u0142 go bez konkursu, co jest prawnie dozwolone, ale, powiedzmy, ma\u0142o demokratyczne, gdy\u017c pozbawia innych specjalist\u00f3w i \u015brodowisko wp\u0142ywu [&hellip;]<\/p>\n","protected":false},"author":4,"featured_media":0,"comment_status":"open","ping_status":"closed","sticky":false,"template":"","format":"standard","meta":{"footnotes":""},"categories":[1],"tags":[],"_links":{"self":[{"href":"https:\/\/blog.polityka.pl\/passent\/wp-json\/wp\/v2\/posts\/5958"}],"collection":[{"href":"https:\/\/blog.polityka.pl\/passent\/wp-json\/wp\/v2\/posts"}],"about":[{"href":"https:\/\/blog.polityka.pl\/passent\/wp-json\/wp\/v2\/types\/post"}],"author":[{"embeddable":true,"href":"https:\/\/blog.polityka.pl\/passent\/wp-json\/wp\/v2\/users\/4"}],"replies":[{"embeddable":true,"href":"https:\/\/blog.polityka.pl\/passent\/wp-json\/wp\/v2\/comments?post=5958"}],"version-history":[{"count":4,"href":"https:\/\/blog.polityka.pl\/passent\/wp-json\/wp\/v2\/posts\/5958\/revisions"}],"predecessor-version":[{"id":5963,"href":"https:\/\/blog.polityka.pl\/passent\/wp-json\/wp\/v2\/posts\/5958\/revisions\/5963"}],"wp:attachment":[{"href":"https:\/\/blog.polityka.pl\/passent\/wp-json\/wp\/v2\/media?parent=5958"}],"wp:term":[{"taxonomy":"category","embeddable":true,"href":"https:\/\/blog.polityka.pl\/passent\/wp-json\/wp\/v2\/categories?post=5958"},{"taxonomy":"post_tag","embeddable":true,"href":"https:\/\/blog.polityka.pl\/passent\/wp-json\/wp\/v2\/tags?post=5958"}],"curies":[{"name":"wp","href":"https:\/\/api.w.org\/{rel}","templated":true}]}}