
{"id":5969,"date":"2020-03-04T18:05:31","date_gmt":"2020-03-04T17:05:31","guid":{"rendered":"https:\/\/passent.blog.polityka.pl\/?p=5969"},"modified":"2020-03-04T18:35:44","modified_gmt":"2020-03-04T17:35:44","slug":"glos-wysokiego-ryzyka","status":"publish","type":"post","link":"https:\/\/blog.polityka.pl\/passent\/2020\/03\/04\/glos-wysokiego-ryzyka\/","title":{"rendered":"G\u0142os wysokiego ryzyka"},"content":{"rendered":"\n<p>Zewsz\u0105d s\u0142ysz\u0119, \u017ce im kto starszy, tym mniejsze ma szanse w walce z koronawirusem. Jako osobnik wysokiego ryzyka pragn\u0119, by ofensywa wirusa za\u0142ama\u0142a si\u0119 na Polsce, by nasz kraj jeszcze raz uratowa\u0142 Europ\u0119 przed niebezpiecze\u0144stwem.\u00a0By wygra\u0142 wojn\u0119 \u015bwiatow\u0105 z wirusem. W sukces jednak nie bardzo wierz\u0119, a to z nast\u0119puj\u0105cych powod\u00f3w.<\/p>\n\n\n\n<!--more-->\n\n\n\n<p>Po pierwsze, rz\u0105d zapewnia, \u017ce jeste\u015bmy dobrze przygotowani, mamy procedury, szpitale, oddzia\u0142y, \u201ezaka\u017anik\u00f3w\u201d (c\u00f3\u017c za wstr\u0119tne s\u0142owo\u2026), karetki, maseczki itd. itp. Ja w urz\u0119dowy optymizm w\u0105tpi\u0119, ten rz\u0105d jest\u00a0 pozbawiony wiarygodno\u015bci i mimo dobrych ch\u0119ci (w kt\u00f3re tym razem wyj\u0105tkowo wierz\u0119) nie ufam\u00a0zapewnieniom rz\u0105du. Po pi\u0119ciu latach k\u0142amstw &#8211;\u00a0w sprawach historii, \u017co\u0142nierzy, helikopter\u00f3w, Srebrnej, KNF, Banasia, dron\u00f3w, obwodnic i wielu innych \u2013 nie wierz\u0119 \u017cadnemu s\u0142owu premiera. Oczywi\u015bcie chcia\u0142bym si\u0119 myli\u0107, bo nie ma sensu chorowa\u0107, a tym bardziej\u00a0umiera\u0107 na z\u0142o\u015b\u0107 rz\u0105dowi.<\/p>\n\n\n\n<p>Po drugie, jak nasza s\u0142u\u017cba zdrowia mo\u017ce by\u0107 dobrze przygotowana na atak koronawirusa, je\u015bli jest nasz\u0105 najwi\u0119ksz\u0105 bol\u0105czk\u0105,\u00a0pi\u0119t\u0105 achillesow\u0105 naszego kraju. Za ma\u0142o pieni\u0119dzy, lekarzy, piel\u0119gniarek, salowych, ratownik\u00f3w, karetek, bieda a\u017c piszczy, biurokracja szaleje. Orkiestra\u00a0Owsiaka gra na ulicach o ka\u017cde kilka z\u0142otych na wyposa\u017cenie szpitali. Dzieci na oddziale psychiatrii dzieci\u0119cej \u015bpi\u0105 na materacach na korytarzu.\u00a0Geriatrzy to gatunek wymieraj\u0105cy. Za to pod wzgl\u0119dem wysoko\u015bci nak\u0142ad\u00f3w na obronno\u015b\u0107 budzimy uznanie nawet wymagaj\u0105cego Donalda Trumpa. Parady i defilady podtrzymuj\u0105 na duchu. Je\u017celi terminy wizyt u specjalist\u00f3w, niekt\u00f3rych bada\u0144 i zabieg\u00f3w s\u0105 wielomiesi\u0119czne, to jak mo\u017cna wierzy\u0107, \u017ce \u201esta\u0107 nas\u201d na koronawirusa?<\/p>\n\n\n\n<p>Po trzecie, co b\u0119dzie w tej wojnie sukcesem, a co pora\u017ck\u0105? Rz\u0105d zawsze b\u0119dzie\u00a0m\u00f3wi\u0142 o sukcesie, \u201egdyby nie nasze wysi\u0142ki \u2013 by\u0142oby znacznie gorzej\u201d, powie,\u00a0i oby tym razem mia\u0142 racj\u0119. (Przy okazji wyborcy, skupieni na wirusie, nie b\u0119d\u0105 mieli g\u0142owy do afer). Opozycja b\u0119dzie jak\u00a0zawsze krytyczna i oby mia\u0142a ma\u0142o argument\u00f3w. Na razie zachowuje si\u0119 pow\u015bci\u0105gliwie.<\/p>\n\n\n\n<p>Po czwarte, znaczna cz\u0119\u015b\u0107 spo\u0142ecze\u0144stwa korzysta z prywatnej s\u0142u\u017cby zdrowia. Ta jednak nie jest przygotowana do walki z wirusem. Wszyscy oni, je\u015bli b\u0119d\u0105 w potrzebie,\u00a0stan\u0105 w tej samej kolejce. Na tym ko\u0144cz\u0119 ten g\u0142os wysokiego ryzyka.<\/p>\n\n\n\n<p><strong>Zaproszenie<br><\/strong>Prof. Magdalena \u015aroda, filozofka, etyczka, niez\u0142omna dzia\u0142aczka spo\u0142eczna, oraz Piotr Pacewicz, jeden z filar\u00f3w OKO.press, b\u0119d\u0105 naszymi go\u015b\u0107mi w TOK FM w niedziel\u0119 8 marca o godz. 10:05.<\/p>\n","protected":false},"excerpt":{"rendered":"<p>Zewsz\u0105d s\u0142ysz\u0119, \u017ce im kto starszy, tym mniejsze ma szanse w walce z koronawirusem. Jako osobnik wysokiego ryzyka pragn\u0119, by ofensywa wirusa za\u0142ama\u0142a si\u0119 na Polsce, by nasz kraj jeszcze raz uratowa\u0142 Europ\u0119 przed niebezpiecze\u0144stwem.\u00a0By wygra\u0142 wojn\u0119 \u015bwiatow\u0105 z wirusem. W sukces jednak nie bardzo wierz\u0119, a to z nast\u0119puj\u0105cych powod\u00f3w.<\/p>\n","protected":false},"author":4,"featured_media":5974,"comment_status":"open","ping_status":"closed","sticky":false,"template":"","format":"standard","meta":{"footnotes":""},"categories":[1],"tags":[],"_links":{"self":[{"href":"https:\/\/blog.polityka.pl\/passent\/wp-json\/wp\/v2\/posts\/5969"}],"collection":[{"href":"https:\/\/blog.polityka.pl\/passent\/wp-json\/wp\/v2\/posts"}],"about":[{"href":"https:\/\/blog.polityka.pl\/passent\/wp-json\/wp\/v2\/types\/post"}],"author":[{"embeddable":true,"href":"https:\/\/blog.polityka.pl\/passent\/wp-json\/wp\/v2\/users\/4"}],"replies":[{"embeddable":true,"href":"https:\/\/blog.polityka.pl\/passent\/wp-json\/wp\/v2\/comments?post=5969"}],"version-history":[{"count":3,"href":"https:\/\/blog.polityka.pl\/passent\/wp-json\/wp\/v2\/posts\/5969\/revisions"}],"predecessor-version":[{"id":5973,"href":"https:\/\/blog.polityka.pl\/passent\/wp-json\/wp\/v2\/posts\/5969\/revisions\/5973"}],"wp:featuredmedia":[{"embeddable":true,"href":"https:\/\/blog.polityka.pl\/passent\/wp-json\/wp\/v2\/media\/5974"}],"wp:attachment":[{"href":"https:\/\/blog.polityka.pl\/passent\/wp-json\/wp\/v2\/media?parent=5969"}],"wp:term":[{"taxonomy":"category","embeddable":true,"href":"https:\/\/blog.polityka.pl\/passent\/wp-json\/wp\/v2\/categories?post=5969"},{"taxonomy":"post_tag","embeddable":true,"href":"https:\/\/blog.polityka.pl\/passent\/wp-json\/wp\/v2\/tags?post=5969"}],"curies":[{"name":"wp","href":"https:\/\/api.w.org\/{rel}","templated":true}]}}