
{"id":597,"date":"2009-08-18T22:58:41","date_gmt":"2009-08-18T20:58:41","guid":{"rendered":"http:\/\/passent.blog.polityka.pl\/?p=597"},"modified":"2009-08-18T22:58:41","modified_gmt":"2009-08-18T20:58:41","slug":"berlin-na-medal","status":"publish","type":"post","link":"https:\/\/blog.polityka.pl\/passent\/2009\/08\/18\/berlin-na-medal\/","title":{"rendered":"Berlin na medal"},"content":{"rendered":"<p><strong>Je\u017celi kilka dni nie ma mnie na blogu, to prawdopodobnie jestem w Berlinie. Co za miasto! <\/strong><\/p>\n<p>30-40 lat temu zapewne usi\u0142owa\u0142bym dosta\u0107 si\u0119 na mistrzostwa \u015bwiata\u00a0 w lekkiej atletyce (wszak pope\u0142ni\u0142em kiedy\u015b ksi\u0105\u017ck\u0119 o igrzyskach w Monachium). By\u0142y to czasy, kiedy sport by\u0142 dla nas wa\u017cny, i pisali o nim prawdziwi pisarze, jak Tadeusz Konwicki, i wybitni reporterzy. Do dzi\u015b pami\u0119tam reporta\u017ce Ryszarda Kapu\u015bci\u0144skiego o wybitnym dyskobolu, Pi\u0105tkowskim, (\u201eBia\u0142y anio\u0142\u201d), a tak\u017ce o znanym bokserze, Leszku Drogoszu. Tytu\u0142u nie pami\u0119tam (mo\u017ce kto\u015b przypomni?), ale jedno zdanie dobrze zapami\u0119ta\u0142em: \u201eMi\u0119dzy linami ringu bokser jest sam\u201d.<\/p>\n<p>Czas leci, w sporcie nie mam szans, uda\u0142em si\u0119 wi\u0119c do wspania\u0142ego gmachu Martin-Gropius-Bau, w centrum Berlina (metro Potsdamer Platz), tu\u017c obok muru berli\u0144skiego, gdzie czynne s\u0105 dwie wspania\u0142e wystawy: \u201eBAUHAUS\u201d i \u201eLE CORBUSIER\u201d, obie otwarte do 4. pa\u017adziernika. Nie jestem krytykiem ani \u017cadnym znawc\u0105 kultury, ale uwa\u017cam, \u017ce ka\u017cdy kulturalny cz\u0142owiek \u2013 je\u015bli tylko mo\u017ce \u2013 powinien koniecznie\u00a0 obie te wystawy obejrze\u0107. To tylko jeden dzie\u0144, a wra\u017ce\u0144 moc. Jedno, to wiedzie\u0107 ze szko\u0142y (je\u015bli w szko\u0142ach tego ucz\u0105), \u017ce Bauhaus (oficjalnie czynny w latach 1919-1933), to by\u0142 najwa\u017cniejszy kierunek w niemieckiej sztuce, architekturze, rzemio\u015ble, wzornictwie\u00a0 w XX wieku.<\/p>\n<p>Drugie, to obejrze\u0107 zgromadzone na wystawie dzieje najwa\u017cniejszej szko\u0142y sztuki nowoczesnej w Niemczech, szko\u0142y, kt\u00f3ra zgromadzi\u0142a takich ludzi jak Walter Gropius, Mies van der Rohe, Paul Klee, Wassily Kandinsky, Georg\u00a0 Muche, Laszlo Moholy-Nagy (obficie na wystawie reprezentowany), Oskar Schlemmer, Lothar Schreyer i inni. Czeg\u00f3\u017c na tej wystawie nie ma: Manifest Bauhausu z 1919 roku, ideologia tej grupy czy szko\u0142y, projekty architektoniczne (w tym \u201eKatedra\u201d Feiningera), wyroby sztuki u\u017cytkowej, owe s\u0142ynne czajniki, dzbanki, a nawet \u201eKo\u0142yska\u201d Kelera, \u201eKrzes\u0142o afryka\u0144skie\u201d, projekt \u201ePomnika bohater\u00f3w\u201d Gropiusa, meble, a\u017c po sam koniec szko\u0142y unicestwionej przez hitleryzm.<\/p>\n<p>Wystawa jest ogromna (18 sal), chyba po raz pierwszy na t\u0119 skal\u0119, czerpie ze zbior\u00f3w trzech instytucji niemieckich, kt\u00f3re specjalizuj\u0105 si\u0119 w badaniach tej szko\u0142y\u00a0 (Dessau, Weimar i Archiwum Bauhausu w Berlinie). Na parterze, w hallu, znajduje si\u0119 cz\u0119\u015b\u0107 interaktywna wystawy, dzieci mog\u0105 budowa\u0107 z klock\u00f3w z Bauhausu, a doro\u015bli &#8211; obejrze\u0107 do\u015b\u0107 drogie wydawnictwa i gad\u017cety albo sfotografowa\u0107 si\u0119 za darmo wsadzaj\u0105c g\u0142ow\u0119 w zbiorowy portret s\u0142ynnych artyst\u00f3w, kt\u00f3rzy wywarli niezatarte pi\u0119tno, a wiele z ich wzor\u00f3w przetrwa\u0142o do dzi\u015b. Wystawa na medal!<\/p>\n<p>W tym samym budynku mie\u015bci si\u0119 wystawa monograficzna jednego z najwi\u0119kszych architekt\u00f3w i urbanist\u00f3w XX. wieku, Le Corbusier (pseudonim, faktycznie nazywa\u0142 si\u0119 Charles-Eduard Jeanneret, 1887-1965). W Polsce znany chyba g\u0142\u00f3wnie jako architekt o rozbudzonej \u015bwiadomo\u015bci spo\u0142ecznej, projektant i tw\u00f3rca wielkich blok\u00f3w mieszkalnych (\u201emaszyna do mieszkania\u201d w Marsylii i w Berlinie), kt\u00f3ry szuka\u0142 dachu nad g\u0142ow\u0105 dla cz\u0142onk\u00f3w spo\u0142ecze\u0144stwa masowego, na wystawie pokazany jest jako rysownik, malarz, rze\u017abiarz, konstruktor, fotografik, wizjoner, \u015bwiatowej s\u0142awy architekt, kt\u00f3ry projektowa\u0142 od Rio de Janeiro, poprzez Bruksel\u0119 (Pawilon Philipsa na wystawie \u015bwiatowej 1958),\u00a0 po Moskw\u0119 (Pa\u0142ac Zwi\u0105zk\u00f3w) i Indie, tw\u00f3rca projekt\u00f3w willi, ko\u015bcio\u0142\u00f3w, gmach\u00f3w rz\u0105dowych, a tak\u017ce utopijnych projekt\u00f3w miast i osiedli.<\/p>\n<p>Le Corbusier i Bauhaus \u2013 dwie wystawy, kt\u00f3re \u015bwietnie si\u0119 uzupe\u0142niaj\u0105, obie dotycz\u0105 pierwszej po\u0142owy naszego (mam na my\u015bli moje pokolenie) dramatycznego stulecia, obie s\u0105 z pogranicza sztuki i programu spo\u0142ecznego, jedna pokazuje geniusz jednostki, a druga \u2013 zespo\u0142u. W sumie niezapomniane prze\u017cycie (za 11 euro\u2026).<\/p>\n<p>To by\u0142 dla mnie Berlin na medal. Na wystawie Bauhausu w niedziel\u0119 w godzinach porannych t\u0142ok by\u0142 ogromny, prawie jak na stadionie olimpijskim. Po wyj\u015bciu z Martin-Gropius-Bau dowiedzia\u0142em si\u0119 o medalach zdobytych przez nasze tyczkarki i miotaczy, a w poci\u0105gu powrotnym do Warszawy le\u017ca\u0142y polskie gazety: Tusk, Grad, Klich w opa\u0142ach, a genera\u0142 Skrzypczak nawet gorzej.<\/p>\n<p>Tusk nie powinien swoim ministrom wygra\u017ca\u0107, nie podoba mi si\u0119, \u017ce ich ci\u0105gle straszy dymisj\u0105 i znajduje w tym jak\u0105\u015b sadystyczn\u0105 przyjemno\u015b\u0107. Minister Grad jest w porz\u0105dku, ale powinien by\u0142 studzi\u0107 gor\u0105ce g\u0142owy i powiedzie\u0107 co\u015b wi\u0119cej o kunktatorach z Kataru; genera\u0142 Skrzypczak zachowa\u0142 si\u0119 fatalnie, wypowiedzi w rodzaju \u201e\u017ba\u0142uj\u0119, \u017ce tego, co powiedzia\u0142em dzi\u015b, nie powiedzia\u0142em wcze\u015bniej\u201d i \u201earmia jest zm\u0119czona histeri\u0105 strachu i braku zaufania\u201d, s\u0105 na jego stanowisku wysoce nie w porz\u0105dku. Swoim zachowaniem przypomina min. Kownackiego \u2013 mia\u0142 du\u017co racji, ale by\u0142 nie fair.<\/p>\n<p>Mam nadziej\u0119, \u017ce prezydent Kaczy\u0144ski odwo\u0142a genera\u0142a Skrzypczaka, tak jak min. Kownackiego. To by by\u0142o na medal.<\/p>\n","protected":false},"excerpt":{"rendered":"<p>Je\u017celi kilka dni nie ma mnie na blogu, to prawdopodobnie jestem w Berlinie. Co za miasto! 30-40 lat temu zapewne usi\u0142owa\u0142bym dosta\u0107 si\u0119 na mistrzostwa \u015bwiata\u00a0 w lekkiej atletyce (wszak pope\u0142ni\u0142em kiedy\u015b ksi\u0105\u017ck\u0119 o igrzyskach w Monachium). By\u0142y to czasy, kiedy sport by\u0142 dla nas wa\u017cny, i pisali o nim prawdziwi pisarze, jak Tadeusz Konwicki, [&hellip;]<\/p>\n","protected":false},"author":4,"featured_media":0,"comment_status":"open","ping_status":"open","sticky":false,"template":"","format":"standard","meta":{"footnotes":""},"categories":[1],"tags":[],"_links":{"self":[{"href":"https:\/\/blog.polityka.pl\/passent\/wp-json\/wp\/v2\/posts\/597"}],"collection":[{"href":"https:\/\/blog.polityka.pl\/passent\/wp-json\/wp\/v2\/posts"}],"about":[{"href":"https:\/\/blog.polityka.pl\/passent\/wp-json\/wp\/v2\/types\/post"}],"author":[{"embeddable":true,"href":"https:\/\/blog.polityka.pl\/passent\/wp-json\/wp\/v2\/users\/4"}],"replies":[{"embeddable":true,"href":"https:\/\/blog.polityka.pl\/passent\/wp-json\/wp\/v2\/comments?post=597"}],"version-history":[{"count":0,"href":"https:\/\/blog.polityka.pl\/passent\/wp-json\/wp\/v2\/posts\/597\/revisions"}],"wp:attachment":[{"href":"https:\/\/blog.polityka.pl\/passent\/wp-json\/wp\/v2\/media?parent=597"}],"wp:term":[{"taxonomy":"category","embeddable":true,"href":"https:\/\/blog.polityka.pl\/passent\/wp-json\/wp\/v2\/categories?post=597"},{"taxonomy":"post_tag","embeddable":true,"href":"https:\/\/blog.polityka.pl\/passent\/wp-json\/wp\/v2\/tags?post=597"}],"curies":[{"name":"wp","href":"https:\/\/api.w.org\/{rel}","templated":true}]}}