
{"id":5975,"date":"2020-03-09T13:34:04","date_gmt":"2020-03-09T12:34:04","guid":{"rendered":"https:\/\/passent.blog.polityka.pl\/?p=5975"},"modified":"2020-03-09T15:11:22","modified_gmt":"2020-03-09T14:11:22","slug":"transakcja-dekady","status":"publish","type":"post","link":"https:\/\/blog.polityka.pl\/passent\/2020\/03\/09\/transakcja-dekady\/","title":{"rendered":"Transakcja dekady"},"content":{"rendered":"\n<p>Transakcja &#8211; g\u0142owa Jacka Kurskiego za 2 mld z\u0142 co roku przez pi\u0119\u0107 lat &#8211; odby\u0142a si\u0119 z naruszeniem wszelkich regu\u0142 pa\u0144stwa demokratycznego.<\/p>\n\n\n\n<!--more-->\n\n\n\n<p>Parlament? Jaki parlament? Sejm ustaw\u0119 uchwali\u0142, owszem, ale co Sejm i Senat mia\u0142y do powiedzenia w sprawie obsadzenia jednego z najwa\u017cniejszych stanowisk w kraju, co jest cz\u0119\u015bci\u0105 transakcji?<\/p>\n\n\n\n<p>Przypominam, \u017ce w dzisiejszych czasach wszelkie zamachy stanu rozpoczynaj\u0105 si\u0119 od szturmu na radio i telewizj\u0119. Kiedy na ekranach telewizor\u00f3w pojawiaj\u0105 si\u0119 umundurowani buntownicy z karabinami, to znaczy, \u017ce przynajmniej \u201ena t\u0119 chwil\u0119\u201d pucz si\u0119 powi\u00f3d\u0142. Je\u017celi rebelianci pakowani s\u0105 do policyjnych suk \u2013 to znaczy, \u017ce \u201ena dzie\u0144 dzisiejszy\u201d re\u017cim si\u0119 obroni\u0142.<\/p>\n\n\n\n<p>Wracam do naszych baran\u00f3w: gdzie by\u0142a jawno\u015b\u0107 \u017cycia politycznego, owa zapowiadana przejrzysto\u015b\u0107, os\u0142awiona transparentno\u015b\u0107? Gdzie by\u0142a dyskusja o mediach: w odpowiedniej komisji sejmowej, w Radzie Medi\u00f3w Narodowych, w Krajowej Radzie Radiofonii i Telewizji? Dlaczego milczy wicepremier Gli\u0144ski, kt\u00f3remu publiczne radio i telewizja podlegaj\u0105?<\/p>\n\n\n\n<p>Telewizja Kurskiego by\u0142a pod&nbsp;nieustann\u0105 krytyk\u0105 ze strony opozycji oraz&nbsp;w og\u00f3le ludzi rozumnych, kt\u00f3rzy z polityk\u0105 nie mieli nic wsp\u00f3lnego. Ale to Kurskiemu&nbsp;nie szkodzi\u0142o \u2013 wr\u0119cz przeciwnie, oficjalna doktryna m\u00f3wi\u0142a, i\u017c TVP musi by\u0107 stronnicza, \u017ceby zr\u00f3wnowa\u017cy\u0107 k\u0142amstwa pozosta\u0142ych medi\u00f3w. Dopiero po prze\u0142kni\u0119ciu k\u0142amstw TVP otrzymamy media obiektywne. Ponadto Kurski chodzi\u0142 w glorii tego, kt\u00f3rego TVP walnie przyczyni\u0142a si\u0119 do wygrania przez PiS wybor\u00f3w do Sejmu i do PE. Czy po odej\u015bciu Kurskiego zmieni sie oblicze TVP? W\u0105tpi\u0119, raczej tylko makija\u017c.<\/p>\n\n\n\n<p>Z braku jawno\u015bci w \u017cyciu politycznym otrzymywali\u015bmy tylko plotki i intrygi, \u017ce prezydent jest niezadowolony z telewizji publicznej, \u017ce&nbsp;premier&nbsp;podobnie, ale prezes Kaczy\u0144ski trzyma nad prezesem Kurskim parasol. Nawet teraz, post factum, kr\u0105\u017c\u0105 g\u0142\u00f3wnie domys\u0142y i spekulacje. Wed\u0142ug zazwyczaj dobrze poinformowanych dziennikarzy Onetu Stankiewicza i Gajcego o losie Kurskiego decydowa\u0142y wzgl\u0119dy&nbsp; ma\u0142ostkowe, rozgrywki osobiste, wzajemne animozje&nbsp;i ura\u017cone ambicje. Nie chodzi\u0142o o wielk\u0105 polityk\u0119 czy o wizj\u0119 programow\u0105 TVP. <\/p>\n\n\n\n<p>Po prostu prezydent by\u0142 niezadowolony z tego, ile i jak on i pierwsza dama s\u0105 pokazywani w telewizji, opinia premiera te\u017c by\u0142a krytyczna&nbsp;(nie by\u0142o z Kurskim chemii, nie lubi\u0105 si\u0119, nie ufali sobie). Czar\u0119 goryczy mog\u0142o przepe\u0142ni\u0107 np. pokazanie wyst\u0105pienia pani Kosiniak-Kamysz na konwencji PSL (nie b\u0119dzie milcza\u0142a, nie b\u0119dzie malowan\u0105 lal\u0105 etc).<\/p>\n\n\n\n<p>Duda s\u0142usznie odebra\u0142 to jako po\u015bredni\u0105\u00a0krytyk\u0119 pierwszej damy, ale wina le\u017cy po stronie Agaty Kornhauser-Dudy. Prezydent, kt\u00f3ry ma kompleksy, nie przeszed\u0142 nad tym do porz\u0105dku dziennego. Na szcz\u0119\u015bcie dla Dudy wszechmocny prezes Kaczy\u0144ski potrzebowa\u0142 jego podpisu pod ustaw\u0105 przewiduj\u0105c\u0105 2\u00a0mld z\u0142 rocznie przez pi\u0119\u0107 lat dla medi\u00f3w pa\u0144stwowych. Duda wiedzia\u0142, \u017ce ta ustawa to b\u0142\u0105d, opowiada\u0142 bajki o niedofinansowanych o\u015brodkach regionalnych, o kanale Kultura w TVP, ale nic nie zmieni faktu, \u017ce prezydent i prezes PiS dobili targu: Duda podpisze ustaw\u0119, ale za cen\u0119 dymisji Kurskiego.<\/p>\n\n\n\n<p>W dodatku Duda mia\u0142 tak ma\u0142e zaufanie do prezesa, \u017ce transakcja mia\u0142a charakter got\u00f3wkowy. Obecny na sali&nbsp;Krzysztof Czaba\u0144ski, przewodnicz\u0105cy Rady&nbsp;Medi\u00f3w Narodowych, zameldowa\u0142, \u017ce w \u201ekorespondencyjnym g\u0142osowaniu\u201d dymisja Kurskiego zosta\u0142a zatwierdzona. Czyli nic na kredyt, zero zaufania, podpis prezydenta za g\u0142ow\u0119 prezesa TVP.<\/p>\n\n\n\n<p>Wiele lat temu Mieczys\u0142aw Rakowski, naczelny \u201ePolityki\u201d i cz\u0142onek KC PZPR, opowiada\u0142, jak w gmachu KC przechodzi\u0142 obok otwartych drzwi do gabinetu I sekretarza, Gomu\u0142ka rozmawia\u0142 z Moczarem. \u2013 Mietek \u2013 m\u00f3wi\u0142 Gomu\u0142ka \u2013 jak ty mi b\u0119dziesz podsr\u2026\u0142, to ja ci podes&#8230;m\u201d. Jest to pierwsze prawo wszelkiej\u00a0polityki.<\/p>\n\n\n\n<p><strong>Zaproszenie<\/strong><br>Cezary Stypu\u0142kowski (prezes mBanku, jeden z najwy\u017cej cenionych finansist\u00f3w) i Joanna Solska (\u015bwietna publicystka \u201ePolityki\u201d) b\u0119d\u0105 naszymi go\u015b\u0107mi w TOK FM, niedziela 15 marca, godz. 10:05.<\/p>\n","protected":false},"excerpt":{"rendered":"<p>Transakcja &#8211; g\u0142owa Jacka Kurskiego za 2 mld z\u0142 co roku przez pi\u0119\u0107 lat &#8211; odby\u0142a si\u0119 z naruszeniem wszelkich regu\u0142 pa\u0144stwa demokratycznego.<\/p>\n","protected":false},"author":4,"featured_media":5981,"comment_status":"open","ping_status":"closed","sticky":false,"template":"","format":"standard","meta":{"footnotes":""},"categories":[1],"tags":[],"_links":{"self":[{"href":"https:\/\/blog.polityka.pl\/passent\/wp-json\/wp\/v2\/posts\/5975"}],"collection":[{"href":"https:\/\/blog.polityka.pl\/passent\/wp-json\/wp\/v2\/posts"}],"about":[{"href":"https:\/\/blog.polityka.pl\/passent\/wp-json\/wp\/v2\/types\/post"}],"author":[{"embeddable":true,"href":"https:\/\/blog.polityka.pl\/passent\/wp-json\/wp\/v2\/users\/4"}],"replies":[{"embeddable":true,"href":"https:\/\/blog.polityka.pl\/passent\/wp-json\/wp\/v2\/comments?post=5975"}],"version-history":[{"count":9,"href":"https:\/\/blog.polityka.pl\/passent\/wp-json\/wp\/v2\/posts\/5975\/revisions"}],"predecessor-version":[{"id":5985,"href":"https:\/\/blog.polityka.pl\/passent\/wp-json\/wp\/v2\/posts\/5975\/revisions\/5985"}],"wp:featuredmedia":[{"embeddable":true,"href":"https:\/\/blog.polityka.pl\/passent\/wp-json\/wp\/v2\/media\/5981"}],"wp:attachment":[{"href":"https:\/\/blog.polityka.pl\/passent\/wp-json\/wp\/v2\/media?parent=5975"}],"wp:term":[{"taxonomy":"category","embeddable":true,"href":"https:\/\/blog.polityka.pl\/passent\/wp-json\/wp\/v2\/categories?post=5975"},{"taxonomy":"post_tag","embeddable":true,"href":"https:\/\/blog.polityka.pl\/passent\/wp-json\/wp\/v2\/tags?post=5975"}],"curies":[{"name":"wp","href":"https:\/\/api.w.org\/{rel}","templated":true}]}}