
{"id":598,"date":"2009-08-24T00:01:33","date_gmt":"2009-08-23T22:01:33","guid":{"rendered":"http:\/\/passent.blog.polityka.pl\/?p=598"},"modified":"2009-08-24T01:24:11","modified_gmt":"2009-08-23T23:24:11","slug":"egzamin-tuska","status":"publish","type":"post","link":"https:\/\/blog.polityka.pl\/passent\/2009\/08\/24\/egzamin-tuska\/","title":{"rendered":"Egzamin Tuska"},"content":{"rendered":"<p><strong>W najbli\u017cszych dniach premier Tusk b\u0119dzie mia\u0142 egzamin dojrza\u0142o\u015bci. Oto przedmioty, z kt\u00f3rych b\u0119dzie zdawa\u0142<\/strong>.<\/p>\n<p><strong>LOJALNO\u015a\u0106<\/strong>. Premier jest ubezw\u0142asnowolniony w sprawie prywatyzacji. Jego los jest w r\u0119kach polityk\u00f3w i biznesmen\u00f3w z Kataru. Je\u017celi do ko\u0144ca sierpnia z Kataru nie nap\u0142ynie zdecydowany sygna\u0142, a najlepiej pieni\u0105dze, to premier i minister Grad b\u0119d\u0105 w k\u0142opocie. Ich sytuacja jest niezno\u015bna, s\u0105 jak gdyby zak\u0142adnikami,\u00a0 poniewa\u017c wygl\u0105da na to, \u017ce nie maj\u0105 w r\u0119kach narz\u0119dzi, przy pomocy kt\u00f3rych mogliby wymusi\u0107 pozytywn\u0105 decyzj\u0119 Kataru. B\u0119dzie to test lojalno\u015bci Tuska. Premier nie powinien dystansowa\u0107 si\u0119 od ministra Grada i czyni\u0107 ze\u0144 koz\u0142a ofiarnego, tak jak post\u0105pi\u0142 \u2013 niestety \u2013 wobec ministra sprawiedliwo\u015bci Zbigniewa \u0106wi\u0105kalskiego. Po samob\u00f3jstwie Roberta Pazika, kolejnego skazanego za zab\u00f3jstwo Krzysztofa Olewnika, premier Tusk \u2013 chc\u0105c pokaza\u0107 jaki jest zdeterminowany i surowy \u2013 rzuci\u0142 \u0106wi\u0105kalskiego na po\u017carcie mediom i t\u0142uszczy.\u00a0 By\u0142o to niesprawiedliwe, typowe zagranie pod publiczk\u0119, przejaw asekuranctwa i egoizmu Tuska, kt\u00f3ry nie musia\u0142 wyrzuca\u0107 ministra, wystarczy\u0142o, \u017ce usun\u0105\u0142 kierownictwo wi\u0119ziennictwa. Donald Tusk ma jednak sk\u0142onno\u015b\u0107 kry\u0107 si\u0119 za innymi i spycha\u0107 ich w przepa\u015b\u0107, gdy si\u0119 taka otwiera. Ewentualne zdymisjonowanie min. Grada nic Tuskowi nie pomo\u017ce, podobnie jak nie pomog\u0142a, a wr\u0119cz zaszkodzi\u0142a, zamiana \u0106wi\u0105kalskiego na Czum\u0119. Podobn\u0105 lojalno\u015b\u0107 powinien wykaza\u0107 wobec ministra Klicha. Wiadomo, \u017ce tandem Kaczy\u0144ski &#8211; Szczyg\u0142o b\u0119dzie atakowa\u0142 ka\u017cdego ministra Obrony w rz\u0105dzie Tuska (tak jak to by\u0142o wobec Sikorskiego). Po\u015bwi\u0119cenie Klicha nic nie da, poza tym by\u0142oby niesprawiedliwe. Tusk ju\u017c i tak by\u0142 nie fair wobec Klicha wymuszaj\u0105c na ministrze oszcz\u0119dno\u015bci (bo jak ich nie znajdzie, to zostanie odwo\u0142any), a po tym m\u00f3wi\u0105c, \u017ce w Afganistanie potrzeba wi\u0119cej sprz\u0119tu.<\/p>\n<p><strong>ODWAGA<\/strong>. 1 wrze\u015bnia Donald Tusk powinien przeciwstawi\u0107 si\u0119 \u201eprawdziwym Polakom\u201d i \u201eprawdziwym Rosjanom\u201d. Ci pierwsi usi\u0142uj\u0105 za wszelk\u0105 cen\u0119 pomniejszy\u0107 osi\u0105gni\u0119cia rz\u0105du w stosunkach z Niemcami i z Rosj\u0105. Prof. Krasnod\u0119bski w \u201eRzepie\u201d (23 VIII) usi\u0142uje pomniejszy\u0107 uroczysto\u015bci na Wawelu ku czci \u201eSolidarno\u015bci\u201d, pisz\u0105c o \u201enudnych wawelskich celebracjach\u201d, podczas kt\u00f3rych kanclerz Merkel powiedzia\u0142a \u201epar\u0119 mi\u0142ych zdawkowych s\u0142\u00f3w\u201d. Zdaniem profesora, stali\u015bmy si\u0119 w \u015bwiadomo\u015bci Europejczyk\u00f3w i Niemc\u00f3w \u201estron\u0105 moralnie obci\u0105\u017con\u0105. Pozycja moralna Niemiec ros\u0142a, nasza mala\u0142a\u2026\u201d To wzmacnianie narodowych kompleks\u00f3w i\u00a0 nastroj\u00f3w antyniemieckich. Jak jest na prawd\u0119, \u015bwiadczy o\u015bwiadczenie 140 niemieckich intelektualist\u00f3w, w kt\u00f3rym czytamy m.in.: \u201eNie zapominamy, \u017ce to przede wszystkim Polacy walcz\u0105cy za w\u0142asn\u0105 i nasz\u0105 wolno\u015b\u0107 zadali pierwsze ciosy systemowi komunistycznemu.\u201d \u201eZe wstydem i smutkiem pami\u0119tamy o 1 wrze\u015bnia 1939 roku, kiedy to narodowo-socjalistyczne Niemcy napad\u0142y na Polsk\u0119\u201d. Niech wi\u0119c prof. Krasnod\u0119bski nie pisze o spadku pozycji moralnej Polski, bo to nieprawda. Merkel i Putin nie wybieraliby si\u0119 na Westerplatte, gdyby Polska moralnie do\u0142owa\u0142a. Jako publicysta PiS, prof. Krasnod\u0119bski przypomina dra\u00a0 Migalskiego, z tym \u017ce ten drugi mia\u0142 odwag\u0119 wsi\u0105\u015b\u0107 na \u0142\u00f3dk\u0119 PiS, kt\u00f3r\u0105 przedtem tylko popycha\u0142. Podczas kiedy \u201eprawdziwi Polacy\u201d b\u0119d\u0105 starali si\u0119 licytowa\u0107 w krzywdach, kl\u0119skach i kompleksach, \u201eprawdziwi Rosjanie\u201d b\u0119d\u0105 fa\u0142szowa\u0107 histori\u0119, tak by wypad\u0142a ona na ich korzy\u015b\u0107, na korzy\u015b\u0107 sowieckich zbrodni.<\/p>\n<p><strong>DOJRZA\u0141O\u015a\u0106<\/strong>. Donald Tusk b\u0119dzie musia\u0142 przypomnie\u0107, co spotka\u0142o Polsk\u0119 ze strony mocarstw o\u015bciennych, b\u0119dzie musia\u0142 pokaza\u0107, \u017ce Polska pami\u0119ta 1 i 17 wrze\u015bnia, pakt Hitlera i Stalina, Auschwitz i Katy\u0144. Powinien wesprze\u0107 tych ludzi i te si\u0142y w Niemczech i w Rosji, kt\u00f3re dzia\u0142a\u0142y i dzia\u0142aj\u0105 na rzecz pojednania w prawdzie. Ale to nie znaczny, \u017ce zaprosi\u0142 Merkel i Putina po to, \u017ceby ich poucza\u0107, poni\u017ca\u0107 i upokarza\u0107. Przeciwnie \u2013 powinien doceni\u0107, \u017ce przyj\u0119li jego zaproszenie, cho\u0107 mogli sobie oszcz\u0119dzi\u0107 udzia\u0142u w uroczysto\u015bci, kt\u00f3ra\u00a0 nie b\u0119dzie dla nich przyjemna. Mo\u017cna to zrobi\u0107 taktownie i dyplomatycznie, pami\u0119taj\u0105c o potwornych stratach, jakie faszyzm i komunizm zada\u0142y\u00a0 nie tylko pa\u0144stwom\u00a0 podbitym i skazanym na zag\u0142ad\u0119, ale tak\u017ce swoim w\u0142asnym narodom. Oczywi\u015bcie, dla prof. Krasnod\u0119bskiego wszystko to b\u0119dzie ma\u0142o, ale nie on jeden zasiada w komisji egzaminacyjnej.<\/p>\n","protected":false},"excerpt":{"rendered":"<p>W najbli\u017cszych dniach premier Tusk b\u0119dzie mia\u0142 egzamin dojrza\u0142o\u015bci. Oto przedmioty, z kt\u00f3rych b\u0119dzie zdawa\u0142. LOJALNO\u015a\u0106. Premier jest ubezw\u0142asnowolniony w sprawie prywatyzacji. Jego los jest w r\u0119kach polityk\u00f3w i biznesmen\u00f3w z Kataru. Je\u017celi do ko\u0144ca sierpnia z Kataru nie nap\u0142ynie zdecydowany sygna\u0142, a najlepiej pieni\u0105dze, to premier i minister Grad b\u0119d\u0105 w k\u0142opocie. Ich sytuacja [&hellip;]<\/p>\n","protected":false},"author":4,"featured_media":0,"comment_status":"open","ping_status":"open","sticky":false,"template":"","format":"standard","meta":{"footnotes":""},"categories":[1],"tags":[],"_links":{"self":[{"href":"https:\/\/blog.polityka.pl\/passent\/wp-json\/wp\/v2\/posts\/598"}],"collection":[{"href":"https:\/\/blog.polityka.pl\/passent\/wp-json\/wp\/v2\/posts"}],"about":[{"href":"https:\/\/blog.polityka.pl\/passent\/wp-json\/wp\/v2\/types\/post"}],"author":[{"embeddable":true,"href":"https:\/\/blog.polityka.pl\/passent\/wp-json\/wp\/v2\/users\/4"}],"replies":[{"embeddable":true,"href":"https:\/\/blog.polityka.pl\/passent\/wp-json\/wp\/v2\/comments?post=598"}],"version-history":[{"count":0,"href":"https:\/\/blog.polityka.pl\/passent\/wp-json\/wp\/v2\/posts\/598\/revisions"}],"wp:attachment":[{"href":"https:\/\/blog.polityka.pl\/passent\/wp-json\/wp\/v2\/media?parent=598"}],"wp:term":[{"taxonomy":"category","embeddable":true,"href":"https:\/\/blog.polityka.pl\/passent\/wp-json\/wp\/v2\/categories?post=598"},{"taxonomy":"post_tag","embeddable":true,"href":"https:\/\/blog.polityka.pl\/passent\/wp-json\/wp\/v2\/tags?post=598"}],"curies":[{"name":"wp","href":"https:\/\/api.w.org\/{rel}","templated":true}]}}