
{"id":5989,"date":"2020-03-12T15:59:31","date_gmt":"2020-03-12T14:59:31","guid":{"rendered":"https:\/\/passent.blog.polityka.pl\/?p=5989"},"modified":"2020-03-15T11:25:32","modified_gmt":"2020-03-15T10:25:32","slug":"wart-pac-palaca","status":"publish","type":"post","link":"https:\/\/blog.polityka.pl\/passent\/2020\/03\/12\/wart-pac-palaca\/","title":{"rendered":"Wart Pac pa\u0142aca"},"content":{"rendered":"\n<p>To jest nasz prezydent, wi\u0119c b\u0119d\u0119 pow\u015bci\u0105gliwy w uwagach, a od Jaros\u0142awa Kaczy\u0144skiego r\u00f3wnie\u017c nie oczekuj\u0119 wiele. O ile dawniej walka na szczycie w\u0142adzy toczy\u0142a si\u0119 za kurtyn\u0105 lub pod dywanem, nie wiadomo by\u0142o, co jest plotk\u0105, co zmy\u015bleniem, a co prawd\u0105, o tyle od kilku dni kurtyna posz\u0142a w g\u00f3r\u0119 i wszyscy widzimy, jak wygl\u0105da wsp\u00f3lnota, pokora i solidarno\u015b\u0107.<\/p>\n\n\n\n<!--more-->\n\n\n\n<p>Posz\u0142o o w\u0142adz\u0119 nad TVP i Polskim Radiem, czyli o w\u0142adz\u0119 przez du\u017ce W. Na kilka tygodni przed wyborami posz\u0142o na ostro. Kaczy\u0144ski potrzebuje, \u017ceby Duda podpisa\u0142 2 mln z\u0142 ka\u017cdego roku na media publiczne, co oznacza zagwarantowanie zastrzyku got\u00f3wki bez wzgl\u0119du na to, kto wygra wybory w maju. Z kolei Duda nie chce obsypywa\u0107 pieni\u0119dzmi TVP Jacka Kurskiego, kt\u00f3rego serdecznie nie cierpi. Pe\u0142en kompleks\u00f3w Duda nie jest zadowolony z tego, jak TVP traktuje jego i pierwsz\u0105 dam\u0119. (Szczeg\u00f3\u0142y innym razem). Ale bez wsparcia PiS Duda nie ma szans w wyborach.<\/p>\n\n\n\n<p>Andrzej Duda ma fataln\u0105 pass\u0119. Najpierw podpisa\u0142 \u201eustaw\u0119 kaga\u0144cow\u0105\u201d,&nbsp;a potem ustaw\u0119 o przeznaczeniu prawie 2 mld z\u0142 rocznie, przez 5 lat,&nbsp;na media pa\u0144stwowe. I to w czasie gro\u017anej i zbli\u017caj\u0105cej si\u0119 do&nbsp;naszych bram epidemii. W kraju, kt\u00f3ry cierpi na chroniczne niedofinansowanie ochrony zdrowia. Tak hojne dofinansowanie TVP Kurskiego by\u0142o cz\u0119\u015bci\u0105 umowy (chyba niepisanej) Duda\u2013Kaczy\u0144ski. Na mocy tej umowy telewizja&nbsp; Kaczy\u0144skiego dostanie wspomniane miliardy na swoj\u0105 propagand\u0119, ale za to PiS po\u015bwi\u0119ci Kurskiego, kt\u00f3rego prezydent nie toleruje.<\/p>\n\n\n\n<p>W naszym \u201edemokratycznym\u201d kraju&nbsp;w ten spos\u00f3b obsadza si\u0119 jedno z najwa\u017cniejszych stanowisk. Bez&nbsp;jawnego wyboru, bez konkursu, tylko na mocy dogadania si\u0119 dw\u00f3ch najsilniejszych boss\u00f3w w czasie kr\u00f3tkiego&nbsp;(11 minut) spotkania. Duda do ostatniej chwili zwleka\u0142 ze z\u0142o\u017ceniem podpisu. Kurski napisa\u0142 do niego kaboty\u0144ski list, w kt\u00f3rym podkre\u015bla\u0142 zas\u0142ugi TVP dla upowszechniania zas\u0142ug prezydenta.&nbsp;Ten jednak \u201ewidzia\u0142\u201d co innego:&nbsp; emituj\u0105c wypowied\u017a pani Kosiniak-Kamysz, \u017ce&nbsp;nie b\u0119dzie malowan\u0105 lal\u0105, TVP kolejny raz mu si\u0119 narazi\u0142a, i czeka\u0142 na&nbsp;g\u0142ow\u0119 \u201eKury\u201d.<\/p>\n\n\n\n<p>Krytycznej nocy w pokoju by\u0142o kilka os\u00f3b, kt\u00f3re patrzy\u0142y mu na r\u0119ce: premier Morawiecki, przewodnicz\u0105cy Rady Medi\u00f3w Narodowych Czaba\u0144ski i przewodnicz\u0105cy Ko\u0142odziejski. Poniewa\u017c dymisja Kurskiego nie by\u0142a pewna, b\u0119d\u0105cy&nbsp;jego zaprzysi\u0119g\u0142ym wrogiem Czaba\u0144ski zarz\u0105dzi\u0142 korespondencyjne g\u0142osowanie nad odwo\u0142aniem prezesa TVP. W takim dziwnym trybie Kurski zosta\u0142 odwo\u0142any. Dopiero maj\u0105c jego dymisj\u0119 podan\u0105 na tacy, prezydent podpisa\u0142 umow\u0119, czyli 2 mld z\u0142.<\/p>\n\n\n\n<p>Wydawa\u0142o si\u0119, \u017ce prezydent Duda ogra\u0142 Kaczy\u0144skiego, odbieraj\u0105c mu telewizj\u0119. Po kilkunastu godzinach, jak podczas&nbsp;klasycznego zamachu, sytuacja zmieni\u0142a si\u0119 diametralnie i okaza\u0142o si\u0119, \u017ce \u201eKaczy\u0144skiego jest na wierzchu\u201d. Tymczasowym prezesem telewizji okaza\u0142 si\u0119 Maciej \u0141opi\u0144ski, bliski Kaczy\u0144skiemu i w dobrej komitywie z Kurskim, kt\u00f3rego zrobi\u0142 swoim \u201edoradc\u0105\u201d. Czyli zmieni\u0142o si\u0119 wszystko, \u017ceby nie zmieni\u0142o si\u0119 nic.<\/p>\n\n\n\n<p>Prezydent Duda zosta\u0142 o\u015bmieszony przez swojego promotora, kt\u00f3rego kilka lat temu wynosi\u0142 pod niebiosa jako wielkiego cz\u0142owieka i stratega. Teraz chyba w to naprawd\u0119 uwierzy\u0142.<\/p>\n\n\n\n<p>Jak gdyby na marginesie wydarze\u0144 &#8211; zobaczyli\u015bmy system w ca\u0142ej jego ohydzie, bez cienia pretensji, \u017ce jest inaczej.<\/p>\n\n\n\n<p>Z<strong>aproszenie<\/strong><br>Cezary Stypu\u0142kowski (prezes mBanku), Joanna Solska (&#8222;Polityka&#8221;) i Micha\u0142 Sutowski (&#8222;Krytyka Polityczna&#8221;) b\u0119d\u0105 naszymi go\u015b\u0107mi w TOK FM, niedziela 15 marca, godz. 10:05.<\/p>\n\n\n\n<p>Wyja\u015bnienie. Powy\u017cszy program  nie odby\u0142 si\u0119 z powodu koronawirusa. <\/p>\n","protected":false},"excerpt":{"rendered":"<p>To jest nasz prezydent, wi\u0119c b\u0119d\u0119 pow\u015bci\u0105gliwy w uwagach, a od Jaros\u0142awa Kaczy\u0144skiego r\u00f3wnie\u017c nie oczekuj\u0119 wiele. O ile dawniej walka na szczycie w\u0142adzy toczy\u0142a si\u0119 za kurtyn\u0105 lub pod dywanem, nie wiadomo by\u0142o, co jest plotk\u0105, co zmy\u015bleniem, a co prawd\u0105, o tyle od kilku dni kurtyna posz\u0142a w g\u00f3r\u0119 i wszyscy widzimy, jak [&hellip;]<\/p>\n","protected":false},"author":4,"featured_media":5992,"comment_status":"open","ping_status":"closed","sticky":false,"template":"","format":"standard","meta":{"footnotes":""},"categories":[1],"tags":[],"_links":{"self":[{"href":"https:\/\/blog.polityka.pl\/passent\/wp-json\/wp\/v2\/posts\/5989"}],"collection":[{"href":"https:\/\/blog.polityka.pl\/passent\/wp-json\/wp\/v2\/posts"}],"about":[{"href":"https:\/\/blog.polityka.pl\/passent\/wp-json\/wp\/v2\/types\/post"}],"author":[{"embeddable":true,"href":"https:\/\/blog.polityka.pl\/passent\/wp-json\/wp\/v2\/users\/4"}],"replies":[{"embeddable":true,"href":"https:\/\/blog.polityka.pl\/passent\/wp-json\/wp\/v2\/comments?post=5989"}],"version-history":[{"count":4,"href":"https:\/\/blog.polityka.pl\/passent\/wp-json\/wp\/v2\/posts\/5989\/revisions"}],"predecessor-version":[{"id":5994,"href":"https:\/\/blog.polityka.pl\/passent\/wp-json\/wp\/v2\/posts\/5989\/revisions\/5994"}],"wp:featuredmedia":[{"embeddable":true,"href":"https:\/\/blog.polityka.pl\/passent\/wp-json\/wp\/v2\/media\/5992"}],"wp:attachment":[{"href":"https:\/\/blog.polityka.pl\/passent\/wp-json\/wp\/v2\/media?parent=5989"}],"wp:term":[{"taxonomy":"category","embeddable":true,"href":"https:\/\/blog.polityka.pl\/passent\/wp-json\/wp\/v2\/categories?post=5989"},{"taxonomy":"post_tag","embeddable":true,"href":"https:\/\/blog.polityka.pl\/passent\/wp-json\/wp\/v2\/tags?post=5989"}],"curies":[{"name":"wp","href":"https:\/\/api.w.org\/{rel}","templated":true}]}}