
{"id":5995,"date":"2020-03-18T23:14:17","date_gmt":"2020-03-18T22:14:17","guid":{"rendered":"https:\/\/passent.blog.polityka.pl\/?p=5995"},"modified":"2020-03-18T23:54:35","modified_gmt":"2020-03-18T22:54:35","slug":"manewry-z-tarcza","status":"publish","type":"post","link":"https:\/\/blog.polityka.pl\/passent\/2020\/03\/18\/manewry-z-tarcza\/","title":{"rendered":"Manewry z tarcz\u0105"},"content":{"rendered":"\n<p>Kiedy\u015b, jeszcze w poprzednim systemie, by\u0142em w szpitalu zaka\u017anym (a mo\u017ce to by\u0142 oddzia\u0142 zaka\u017any), by odwiedzi\u0107 te\u015bciow\u0105. Ta poda\u0142a mi szklank\u0119, prosz\u0105c, \u017ceby przynie\u015b\u0107 jej wod\u0119. Uda\u0142em si\u0119 do toalety, gdzie ze zdumieniem stwierdzi\u0142em\u00a0brak\u2026 baterii, czyli kranu przy umywalce. Kiedy poinformowa\u0142em o tym piel\u0119gniark\u0119, ta westchn\u0119\u0142a: \u201eAch, ci odwiedzaj\u0105cy\u2026\u201d.<\/p>\n\n\n\n<!--more-->\n\n\n\n<p>Innym razem by\u0142em w szpitalu pediatrycznym, gdzie m\u00f3j pasierb \u0141ukasz mia\u0142 wycinane migda\u0142ki. Dosta\u0142 od nas banana, kt\u00f3ry w\u00f3wczas by\u0142 rzadko\u015bci\u0105. Banan spocz\u0105\u0142 w lod\u00f3wce na korytarzu, gdzie mia\u0142 czeka\u0107 do jutra. Nazajutrz ju\u017c go nie by\u0142o. \u0141ukasz nie zd\u0105\u017cy\u0142 go nawet skosztowa\u0107.<\/p>\n\n\n\n<p>Dzisiaj spotka\u0142em na ulicy znajom\u0105 lekark\u0119. Co s\u0142ycha\u0107? \u2013 pytam. \u2013 Do ka\u017cdego \u0142\u00f3\u017cka przytwierdzony jest pojemnik ze \u015brodkiem do dezynfekcji. To te\u017c kradn\u0105\u2026\u00a0odpowiada pani doktor.<\/p>\n\n\n\n<p>No, ale do\u015b\u0107 wspomnie\u0144. Rz\u0105d og\u0142osi\u0142 dzisiaj Tarcz\u0119 (nazwa cokolwiek wojskowa, jak nazwa manewr\u00f3w) przeciwko wirusowi, w obronie pracodawc\u00f3w i pracownik\u00f3w. Tarcza warta jest podobno 212 mld z\u0142. Sk\u0105d rz\u0105d wzi\u0105\u0142 te pieni\u0105dze, na razie nie m\u00f3wi. Chocia\u017c prezes Glapi\u0144ski zapewnia, \u017ce NBP ma nieprzebrane ilo\u015bci got\u00f3wki (!). Praktycznie trzeba b\u0119dzie si\u0119 zad\u0142u\u017cy\u0107 i bajka o zr\u00f3wnowa\u017conym bud\u017cecie si\u0119 sko\u0144czy.<\/p>\n\n\n\n<p>Zwyk\u0142y cz\u0142owiek i tak nie wie, czy 220 mld z\u0142 to jest du\u017co, czy ma\u0142o. Na pewno przyda\u0142yby si\u0119 jeszcze te 2 mld przeznaczone na TVPiS, jak r\u00f3wnie\u017c dziesi\u0105tki milion\u00f3w marnowanych przez sp\u00f3\u0142ki skarbu pa\u0144stwa (po 5-7 mln od jednej) na Polsk\u0105 Fundacj\u0119 Narodow\u0105.\u00a0Mo\u017ce si\u0119 tak\u017ce okaza\u0107, \u017ce niekt\u00f3re \u201ewielkie budowle socjalizmu\u201d i pomniki, jakie w\u0142adza sobie buduje, takie jak Mierzeja Wi\u015blana czy najdro\u017csze odrzutowce (F35) na \u015bwiecie, mo\u017cna sobie darowa\u0107. No ale c\u00f3\u017c \u2013 to by\u0142a inna epoka, przed wirusem.<\/p>\n\n\n\n<p>Tarcza zawiera du\u017co propozycji, takich jak wyd\u0142u\u017cenie okresu sp\u0142aty kredyt\u00f3w, dop\u0142aty do pensji pracownik\u00f3w w ma\u0142ych firmach (do dziewi\u0119ciu zatrudnionych), inwestycje publiczne dla rozruszania gospodarki\u00a0etc. Wiele propozycji wydaje si\u0119 sensownych. Niemniej przyda\u0142aby si\u0119 refleksja na temat\u00a0naszej s\u0142u\u017cby zdrowia, kt\u00f3ra te\u017c ma by\u0107 dofinansowana (7,5 mld z\u0142) &#8211; czy to jest worek bez dna? Ka\u017cdy kolejny rz\u0105d dok\u0142ada miliony i si\u0119 tym szczyci, a wra\u017cenie ci\u0105gle to samo \u2013 to nasza pi\u0119ta Achillesowa. I w\u0142a\u015bnie w t\u0119 pi\u0119t\u0119 ugodzi\u0142 nas wirus.<\/p>\n","protected":false},"excerpt":{"rendered":"<p>Kiedy\u015b, jeszcze w poprzednim systemie, by\u0142em w szpitalu zaka\u017anym (a mo\u017ce to by\u0142 oddzia\u0142 zaka\u017any), by odwiedzi\u0107 te\u015bciow\u0105. Ta poda\u0142a mi szklank\u0119, prosz\u0105c, \u017ceby przynie\u015b\u0107 jej wod\u0119. Uda\u0142em si\u0119 do toalety, gdzie ze zdumieniem stwierdzi\u0142em\u00a0brak\u2026 baterii, czyli kranu przy umywalce. Kiedy poinformowa\u0142em o tym piel\u0119gniark\u0119, ta westchn\u0119\u0142a: \u201eAch, ci odwiedzaj\u0105cy\u2026\u201d.<\/p>\n","protected":false},"author":4,"featured_media":5998,"comment_status":"open","ping_status":"closed","sticky":false,"template":"","format":"standard","meta":{"footnotes":""},"categories":[1],"tags":[],"_links":{"self":[{"href":"https:\/\/blog.polityka.pl\/passent\/wp-json\/wp\/v2\/posts\/5995"}],"collection":[{"href":"https:\/\/blog.polityka.pl\/passent\/wp-json\/wp\/v2\/posts"}],"about":[{"href":"https:\/\/blog.polityka.pl\/passent\/wp-json\/wp\/v2\/types\/post"}],"author":[{"embeddable":true,"href":"https:\/\/blog.polityka.pl\/passent\/wp-json\/wp\/v2\/users\/4"}],"replies":[{"embeddable":true,"href":"https:\/\/blog.polityka.pl\/passent\/wp-json\/wp\/v2\/comments?post=5995"}],"version-history":[{"count":2,"href":"https:\/\/blog.polityka.pl\/passent\/wp-json\/wp\/v2\/posts\/5995\/revisions"}],"predecessor-version":[{"id":5999,"href":"https:\/\/blog.polityka.pl\/passent\/wp-json\/wp\/v2\/posts\/5995\/revisions\/5999"}],"wp:featuredmedia":[{"embeddable":true,"href":"https:\/\/blog.polityka.pl\/passent\/wp-json\/wp\/v2\/media\/5998"}],"wp:attachment":[{"href":"https:\/\/blog.polityka.pl\/passent\/wp-json\/wp\/v2\/media?parent=5995"}],"wp:term":[{"taxonomy":"category","embeddable":true,"href":"https:\/\/blog.polityka.pl\/passent\/wp-json\/wp\/v2\/categories?post=5995"},{"taxonomy":"post_tag","embeddable":true,"href":"https:\/\/blog.polityka.pl\/passent\/wp-json\/wp\/v2\/tags?post=5995"}],"curies":[{"name":"wp","href":"https:\/\/api.w.org\/{rel}","templated":true}]}}