
{"id":6,"date":"2006-05-07T10:23:11","date_gmt":"2006-05-07T08:23:11","guid":{"rendered":"http:\/\/blog.polityka.pl\/?p=6"},"modified":"2006-05-09T20:39:25","modified_gmt":"2006-05-09T18:39:25","slug":"prawdziwi-polacy","status":"publish","type":"post","link":"https:\/\/blog.polityka.pl\/passent\/2006\/05\/07\/prawdziwi-polacy\/","title":{"rendered":"Prawdziwi Polacy"},"content":{"rendered":"<p>Pewien znajomy profesor i by\u0142y minister, z kt\u00f3rego zdaniem bardzo si\u0119 licz\u0119, napisa\u0142 do mnie w e-mailu, i\u017c nie jest tak, \u017ce nar\u00f3d jest dobry, tylko ma z\u0142ych\u00a0 przyw\u00f3dc\u00f3w \u2013 przeciwnie: obecni przyw\u00f3dcy s\u0105 odzwierciedleniem naszego narodu, Polska w przewa\u017caj\u0105cej cz\u0119\u015bci jest taka, jak pp.Kaczy\u0144scy, Ziobro, Wassernmann, Gosiewski i inni.<\/p>\n<p>Ja te\u017c odnosz\u0119 wra\u017cenie, \u017ce dopiero teraz do w\u0142adzy dosz\u0142a prawdziwa Polska \u2013 ch\u0142opska, kr\u0119pa, o palcach grubych i szerokich, a nie o kszta\u0142tnych d\u0142oniach Chopina i Ma\u0142cu\u017cy\u0144skiego, Polska raptowna, sk\u0142onna do okrzyk\u00f3w w rodzaju \u201eNicea albo \u015bmier\u0107\u201d, ch\u0119tna do wyzwisk typu \u201ebezczelni klamcy\u201d, Polska ofiarna, rozmodlona, Polska prowincjonalna,\u00a0 na stra\u017cy tradycyjnej rodziny z \u017con\u0105, do kt\u00f3rej mo\u017ce si\u0119 zbli\u017cy\u0107 tylko m\u0105\u017c i to wy\u0142\u0105cznie w celu rozmna\u017cania, Polska surowych kar, wymachiwania szabelk\u0105, Polska egocentryczna i za\u015bciankowa.<\/p>\n","protected":false},"excerpt":{"rendered":"<p>Pewien znajomy profesor i by\u0142y minister, z kt\u00f3rego zdaniem bardzo si\u0119 licz\u0119, napisa\u0142 do mnie w e-mailu, i\u017c nie jest tak, \u017ce nar\u00f3d jest dobry, tylko ma z\u0142ych\u00a0 przyw\u00f3dc\u00f3w \u2013 przeciwnie: obecni przyw\u00f3dcy s\u0105 odzwierciedleniem naszego narodu, Polska w przewa\u017caj\u0105cej cz\u0119\u015bci jest taka, jak pp.Kaczy\u0144scy, Ziobro, Wassernmann, Gosiewski i inni. Ja te\u017c odnosz\u0119 wra\u017cenie, \u017ce [&hellip;]<\/p>\n","protected":false},"author":4,"featured_media":0,"comment_status":"open","ping_status":"open","sticky":false,"template":"","format":"standard","meta":{"footnotes":""},"categories":[1],"tags":[],"_links":{"self":[{"href":"https:\/\/blog.polityka.pl\/passent\/wp-json\/wp\/v2\/posts\/6"}],"collection":[{"href":"https:\/\/blog.polityka.pl\/passent\/wp-json\/wp\/v2\/posts"}],"about":[{"href":"https:\/\/blog.polityka.pl\/passent\/wp-json\/wp\/v2\/types\/post"}],"author":[{"embeddable":true,"href":"https:\/\/blog.polityka.pl\/passent\/wp-json\/wp\/v2\/users\/4"}],"replies":[{"embeddable":true,"href":"https:\/\/blog.polityka.pl\/passent\/wp-json\/wp\/v2\/comments?post=6"}],"version-history":[{"count":0,"href":"https:\/\/blog.polityka.pl\/passent\/wp-json\/wp\/v2\/posts\/6\/revisions"}],"wp:attachment":[{"href":"https:\/\/blog.polityka.pl\/passent\/wp-json\/wp\/v2\/media?parent=6"}],"wp:term":[{"taxonomy":"category","embeddable":true,"href":"https:\/\/blog.polityka.pl\/passent\/wp-json\/wp\/v2\/categories?post=6"},{"taxonomy":"post_tag","embeddable":true,"href":"https:\/\/blog.polityka.pl\/passent\/wp-json\/wp\/v2\/tags?post=6"}],"curies":[{"name":"wp","href":"https:\/\/api.w.org\/{rel}","templated":true}]}}