
{"id":600,"date":"2009-08-26T10:55:37","date_gmt":"2009-08-26T08:55:37","guid":{"rendered":"http:\/\/passent.blog.polityka.pl\/?p=600"},"modified":"2009-08-26T10:56:07","modified_gmt":"2009-08-26T08:56:07","slug":"nie-bedzie-putin-plul-nam-w-twarz","status":"publish","type":"post","link":"https:\/\/blog.polityka.pl\/passent\/2009\/08\/26\/nie-bedzie-putin-plul-nam-w-twarz\/","title":{"rendered":"Nie b\u0119dzie Putin plu\u0142 nam w twarz"},"content":{"rendered":"<p>Podczas uroczysto\u015bci 1 wrze\u015bnia, w 70. rocznic\u0119 wybuchu II wojny \u015bwiatowej, PP. Kaczy\u0144ski i Tusk powinni powiedzie\u0107 jak by\u0142o. Polska okaza\u0142a si\u0119 osamotniona i zdradziecko napadni\u0119ta z dw\u00f3ch stron, zgodnie z paktem Hitler \u2013 Stalin. Faszyzm i komunizm zada\u0142y narodom napadni\u0119tej Europy, a tak\u017ce swoi w\u0142asnym narodom, morze cierpie\u0144. Ich zapowiedzi\u0105 by\u0142y ju\u017c zbrodnie hitlerowskie i stalinowskie w latach 30. Chylimy czo\u0142a przed wszystkimi ofiarami, bez wzgl\u0119du na ich narodowo\u015b\u0107\u2026 Pot\u0119piamy agresj\u0119 niemieck\u0105 i sowieck\u0105, doceniamy wk\u0142ad Armii Czerwonej w rozgromienie hitlerowskiej Rzeszy, pot\u0119piamy powojenne sowieckie panowanie w Europie \u015arodkowo \u2013 Wschodniej, od pa\u0144stw nadba\u0142tyckich po Albani\u0119, w czym niema\u0142y udzia\u0142 mia\u0142y mocarstwa zachodnie.<\/p>\n<p>Mo\u017cemy dzisiaj spiera\u0107 si\u0119 o histori\u0119, pr\u00f3by zak\u0142amywania jej przez k\u0142amc\u00f3w o\u015bwi\u0119cimskich i katy\u0144skich, niemieckich przesiedle\u0144c\u00f3w czy przez propagandyst\u00f3w poststalinowskich, ale nie zmienia to faktu, \u017ce Europa jest dzi\u015b zupe\u0142nie inna \u2013 jeste\u015bmy cz\u0142onkami Unii Europejskiej i NATO, nasze bezpiecze\u0144stwo nie jest \u015bmiertelnie zagro\u017cone; zagro\u017ceniom typu energetycznego czy terrorystycznego jeste\u015bmy w stanie si\u0119 przeciwstawi\u0107 tylko wsp\u00f3lnie z Europ\u0105 i USA.<\/p>\n<p>By\u0142oby po\u017c\u0105dane, \u017ceby W\u0142adimir Putin wykona\u0142 gest nie tylko na cmentarzu \u017co\u0142nierzy radzieckich (co jest zrozumia\u0142e), ale i wobec polskich ofiar hitleryzmu i stalinizmu, pami\u0119taj\u0105c, \u017ce by\u0142y to ofiary tych samych dyktatur, kt\u00f3re sprowadzi\u0142y niewyobra\u017calne cierpienia tak\u017ce na swoje w\u0142asne narody. W tym sensie jeste\u015bmy z\u0142\u0105czeni krwi\u0105. Nawet je\u015bli Putin taki gest wykona, to nie mo\u017cna oczekiwa\u0107, \u017ce b\u0119dzie chcia\u0142 zniszczy\u0107 fundamenty obecnej to\u017csamo\u015bci i dumy Rosjan: \u201eJeste\u015bmy wielkim mocarstwem. Ocalili\u015bmy \u015bwiat przed hitlerowskim panowaniem. Byli\u015bmy szlachetni i ofiarni, mamy za sob\u0105 trudne czasy (ale lepiej do nich nie wraca\u0107), a teraz jeste\u015bmy osaczeni przez niewdzi\u0119cznych s\u0105siad\u00f3w i ekspansywne NATO.\u201d<\/p>\n<p>Miejmy nadziej\u0119, \u017ce (d\u0142ugotrwa\u0142y zreszt\u0105 i do dzi\u015b niezako\u0144czony) proces rozliczenia z w\u0142asn\u0105 przesz\u0142o\u015bci\u0105, jaki trwa w Niemczech (vide Merkel \u2013 Steinbach), stosunki niemiecko &#8211; francuskie i niemiecko &#8211; polskie, inicjatywy biskup\u00f3w z lat 1965 i 2009 \u2013 wysi\u0142ki na rzecz pojednania w prawdzie \u2013 wszystko to da Putinowi do my\u015blenia, cho\u0107 jest on typem Wielkorusa, skupionego na odbudowie mocarstwowej pozycji Rosji. 1 wrze\u015bnia oczy wszystkich b\u0119d\u0105 zwr\u00f3cone na Putina. Skoro wykazuje si\u0119 odwag\u0105, przyje\u017cd\u017ca 1 wrze\u015bnia, uznaj\u0105c, \u017ce wtedy, 1 IX 1939 roku (a nie 22 czerwca 1941 roku) zacz\u0119\u0142a si\u0119 II wojna \u015bwiatowa, to powinien wykona\u0107 krok dalej, uszanowa\u0107 uczucia gospodarzy, wykona\u0107 gest w stylu Willy Brandta, by\u0142by to gest nieoceniony w stosunkach polsko &#8211; rosyjskich. Polacy nigdy by mu tego nie zapomnieli, a Rosja by si\u0119 od tego nie zawali\u0142a \u2013 wr\u0119cz przeciwnie, by\u0142oby to dla niej korzystne. W przeciwnym wypadku triumfowa\u0107 b\u0119d\u0105 przeciwnicy pojednania, pog\u0142\u0119bi si\u0119 nieufno\u015b\u0107, (\u201eNie b\u0119dzie Putin\u2026\u201d), Polska oddali si\u0119 od Rosji, a w polskiej polityce zagranicznej argumenty zyskaj\u0105 zwolennicy twardej r\u0119ki, od\u017cyje rusofobia.<\/p>\n<p>Przed Putinem trudny egzamin: na ile odwa\u017cy si\u0119 odej\u015b\u0107 od stalinowskiej wersji historii. Maj\u0105c tak siln\u0105 pozycj\u0119 niekwestionowanego lidera w swoim kraju (i w oczach zagranicy) nie powinien traci\u0107 tej szansy.<\/p>\n","protected":false},"excerpt":{"rendered":"<p>Podczas uroczysto\u015bci 1 wrze\u015bnia, w 70. rocznic\u0119 wybuchu II wojny \u015bwiatowej, PP. Kaczy\u0144ski i Tusk powinni powiedzie\u0107 jak by\u0142o. Polska okaza\u0142a si\u0119 osamotniona i zdradziecko napadni\u0119ta z dw\u00f3ch stron, zgodnie z paktem Hitler \u2013 Stalin. Faszyzm i komunizm zada\u0142y narodom napadni\u0119tej Europy, a tak\u017ce swoi w\u0142asnym narodom, morze cierpie\u0144. Ich zapowiedzi\u0105 by\u0142y ju\u017c zbrodnie hitlerowskie [&hellip;]<\/p>\n","protected":false},"author":4,"featured_media":0,"comment_status":"open","ping_status":"open","sticky":false,"template":"","format":"standard","meta":{"footnotes":""},"categories":[1],"tags":[],"_links":{"self":[{"href":"https:\/\/blog.polityka.pl\/passent\/wp-json\/wp\/v2\/posts\/600"}],"collection":[{"href":"https:\/\/blog.polityka.pl\/passent\/wp-json\/wp\/v2\/posts"}],"about":[{"href":"https:\/\/blog.polityka.pl\/passent\/wp-json\/wp\/v2\/types\/post"}],"author":[{"embeddable":true,"href":"https:\/\/blog.polityka.pl\/passent\/wp-json\/wp\/v2\/users\/4"}],"replies":[{"embeddable":true,"href":"https:\/\/blog.polityka.pl\/passent\/wp-json\/wp\/v2\/comments?post=600"}],"version-history":[{"count":0,"href":"https:\/\/blog.polityka.pl\/passent\/wp-json\/wp\/v2\/posts\/600\/revisions"}],"wp:attachment":[{"href":"https:\/\/blog.polityka.pl\/passent\/wp-json\/wp\/v2\/media?parent=600"}],"wp:term":[{"taxonomy":"category","embeddable":true,"href":"https:\/\/blog.polityka.pl\/passent\/wp-json\/wp\/v2\/categories?post=600"},{"taxonomy":"post_tag","embeddable":true,"href":"https:\/\/blog.polityka.pl\/passent\/wp-json\/wp\/v2\/tags?post=600"}],"curies":[{"name":"wp","href":"https:\/\/api.w.org\/{rel}","templated":true}]}}