
{"id":6001,"date":"2020-03-21T22:49:54","date_gmt":"2020-03-21T21:49:54","guid":{"rendered":"https:\/\/passent.blog.polityka.pl\/?p=6001"},"modified":"2020-03-21T23:11:38","modified_gmt":"2020-03-21T22:11:38","slug":"biedny-prezydent","status":"publish","type":"post","link":"https:\/\/blog.polityka.pl\/passent\/2020\/03\/21\/biedny-prezydent\/","title":{"rendered":"Biedny prezydent"},"content":{"rendered":"\n<p>Nareszcie jaka\u015b dobra wiadomo\u015b\u0107, wi\u0119c spiesz\u0119 j\u0105 og\u0142osi\u0107. Osoba, kt\u00f3ra kilka dni temu wr\u00f3ci\u0142a do Polski i podlega kwarantannie w domu, opowiada mi, \u017ce codziennie przychodzi do niej policja, funkcjonariusze nie tylko sprawdzaj\u0105, czy jest w domu, ale pytaj\u0105, jak si\u0119 czuje, czy potrzebuje pomocy i w og\u00f3le zachowuj\u0105 si\u0119 poprawnie. Codziennie tak\u017ce otrzymuje telefon z instytucji, kt\u00f3rej nie umia\u0142a wymieni\u0107, z pytaniem o samopoczucie, temperatur\u0119 i inne szczeg\u00f3\u0142y.<\/p>\n\n\n\n<!--more-->\n\n\n\n<p>Nie jest to wiele, ale to dobra wiadomo\u015b\u0107, niestety jedyna. Epidemia szerzy si\u0119 coraz bardziej i wszyscy zapowiadaj\u0105, \u017ce szczyt dopiero przed nami. W\u0142adza zapewnia, \u017ce jeste\u015bmy przygotowani, ale wida\u0107, \u017ce st\u0105pamy po kruchym lodzie. Na os\u0142od\u0119 prezydent, oczywi\u015bcie nie prowadz\u0105c \u017cadnej kampanii,\u00a0zapowiada, \u017ce mali przedsi\u0119biorcy (poni\u017cej dziewi\u0119ciu zatrudnionych), kt\u00f3rzy wyka\u017c\u0105 straty wi\u0119ksze ni\u017c 50 proc. w stosunku do lutego, b\u0119d\u0105 przez trzy miesi\u0105ce (je\u017celi dobrze zrozumia\u0142em) zwolnieni od p\u0142acenia sk\u0142adek ZUS, a inni z kolei otrzymaj\u0105 dop\u0142at\u0119 do 40 proc. ju\u017c nie pami\u0119tam czego. Pisz\u0119: \u201eje\u017celi dobrze zrozumia\u0142em\u201d, poniewa\u017c g\u0142owa p\u0119ka od tego wszystkiego, co rz\u0105d, a zw\u0142aszcza Andrzej Duda robi dla narodu.<\/p>\n\n\n\n<p>Sam Duda, biedactwo, jest stratny, poniewa\u017c z powodu epidemii nie mo\u017ce spotyka\u0107 si\u0119 z wyborcami, a to jest przecie\u017c jego najsilniejszy atut \u2013 t\u0142umaczy prezes Kaczy\u0144ski, kt\u00f3ry mocno Dudzie wsp\u00f3\u0142czuje. Ja natomiast wsp\u00f3\u0142czuj\u0119 tym, kt\u00f3rzy w takich spotkaniach brali lub bior\u0105 udzia\u0142. \u201eBior\u0105\u201d, poniewa\u017c prezydent dwoi si\u0119 i troi, \u017ceby zosta\u0107 ponownie wybrany. Wida\u0107, \u017ce polubi\u0142 t\u0119 robot\u0119. Trudno si\u0119 zreszt\u0105 dziwi\u0107. Wr\u0119cz si\u0119 pali do wybor\u00f3w 10 maja.<\/p>\n\n\n\n<p>No i w\u0142a\u015bnie. W\u0142adza jak jeden m\u0105\u017c zapewnia\u0142a jeszcze dzisiaj, \u017ce wybory odb\u0119d\u0105 si\u0119 w wyznaczonym terminie, w co chyba sama\u00a0nie wierzy\u0142a. (G\u0142upia to ona jest, ale taka to ju\u017c nie). Kolejny raz bior\u0105 nas za durni\u00f3w. Pandemia ma dopiero w kwietniu\/maju osi\u0105gn\u0105\u0107\u00a0szczyt, a polskie w\u0142adze wmawiaj\u0105 nam, \u017ce wtedy b\u0119dzie mo\u017cna zebra\u0107 ponad 100\u00a0tys. cz\u0142onk\u00f3w komisji wyborczych i wys\u0142a\u0107 nar\u00f3d na ulice, do urn (chyba z prochami).<\/p>\n\n\n\n<p>I zn\u00f3w jako pierwszy wychyli\u0142 si\u0119&#8230; no kto? Oczywi\u015bcie prezydent Duda, kt\u00f3rego rzecznik wyst\u0119ka\u0142, \u017ce je\u017celi epidemia przybierze znacznie gorszy obr\u00f3t, to wybory 10 maja si\u0119 nie odb\u0119d\u0105. Brawo! Brawo! Andrzej Duda kaza\u0142 rzecznikowi powiedzie\u0107, \u017ce 2+2=4!\u00a0Geniusz! Ca\u0142y rz\u0105d utrzymywa\u0142, \u017ce 2+2=5, albo 2+2=3, a\u017c dopiero pan prezydent wyprowadzi\u0142 Polki i Polak\u00f3w z b\u0142\u0119du. Teraz ju\u017c wiemy, na kogo g\u0142osowa\u0107.<\/p>\n\n\n\n<p>Wspomnia\u0142em, \u017ce dobrych wiadomo\u015bci jest ma\u0142o, tyle co kot nap\u0142aka\u0142. Og\u0142oszono finalist\u00f3w (-tki)\u00a0nagrody im. Dariusza Fikusa, kt\u00f3rymi zosta\u0142y\u00a0(lub zostali) autorki samych z\u0142ych wiadomo\u015bci: Magdalena Ga\u0142czy\u0144ska (Onet) za opisanie fabryki trolli w resorcie sprawiedliwo\u015bci (!), Bartosz Godus\u0142awski\u00a0(&#8222;Dziennik Gazeta Prawna&#8221;) za \u201eodkrycie\u201d afery Mariana Banasia i dwie Katarzyny \u2013 W\u0142odkowska i Surmiak-Doma\u0144ska &#8211; za \u201eodkrycie\u201d pana Lisickiego w fundacji Nie l\u0119kajcie si\u0119.<\/p>\n\n\n\n<p>W sumie: jedno wielkie pranie brud\u00f3w.\u00a0Moje gratulacje!<\/p>\n","protected":false},"excerpt":{"rendered":"<p>Nareszcie jaka\u015b dobra wiadomo\u015b\u0107, wi\u0119c spiesz\u0119 j\u0105 og\u0142osi\u0107. Osoba, kt\u00f3ra kilka dni temu wr\u00f3ci\u0142a do Polski i podlega kwarantannie w domu, opowiada mi, \u017ce codziennie przychodzi do niej policja, funkcjonariusze nie tylko sprawdzaj\u0105, czy jest w domu, ale pytaj\u0105, jak si\u0119 czuje, czy potrzebuje pomocy i w og\u00f3le zachowuj\u0105 si\u0119 poprawnie. Codziennie tak\u017ce otrzymuje telefon [&hellip;]<\/p>\n","protected":false},"author":4,"featured_media":6003,"comment_status":"open","ping_status":"closed","sticky":false,"template":"","format":"standard","meta":{"footnotes":""},"categories":[1],"tags":[],"_links":{"self":[{"href":"https:\/\/blog.polityka.pl\/passent\/wp-json\/wp\/v2\/posts\/6001"}],"collection":[{"href":"https:\/\/blog.polityka.pl\/passent\/wp-json\/wp\/v2\/posts"}],"about":[{"href":"https:\/\/blog.polityka.pl\/passent\/wp-json\/wp\/v2\/types\/post"}],"author":[{"embeddable":true,"href":"https:\/\/blog.polityka.pl\/passent\/wp-json\/wp\/v2\/users\/4"}],"replies":[{"embeddable":true,"href":"https:\/\/blog.polityka.pl\/passent\/wp-json\/wp\/v2\/comments?post=6001"}],"version-history":[{"count":3,"href":"https:\/\/blog.polityka.pl\/passent\/wp-json\/wp\/v2\/posts\/6001\/revisions"}],"predecessor-version":[{"id":6005,"href":"https:\/\/blog.polityka.pl\/passent\/wp-json\/wp\/v2\/posts\/6001\/revisions\/6005"}],"wp:featuredmedia":[{"embeddable":true,"href":"https:\/\/blog.polityka.pl\/passent\/wp-json\/wp\/v2\/media\/6003"}],"wp:attachment":[{"href":"https:\/\/blog.polityka.pl\/passent\/wp-json\/wp\/v2\/media?parent=6001"}],"wp:term":[{"taxonomy":"category","embeddable":true,"href":"https:\/\/blog.polityka.pl\/passent\/wp-json\/wp\/v2\/categories?post=6001"},{"taxonomy":"post_tag","embeddable":true,"href":"https:\/\/blog.polityka.pl\/passent\/wp-json\/wp\/v2\/tags?post=6001"}],"curies":[{"name":"wp","href":"https:\/\/api.w.org\/{rel}","templated":true}]}}