
{"id":6006,"date":"2020-03-23T23:11:52","date_gmt":"2020-03-23T22:11:52","guid":{"rendered":"https:\/\/passent.blog.polityka.pl\/?p=6006"},"modified":"2020-03-23T23:37:03","modified_gmt":"2020-03-23T22:37:03","slug":"test-systemu","status":"publish","type":"post","link":"https:\/\/blog.polityka.pl\/passent\/2020\/03\/23\/test-systemu\/","title":{"rendered":"Test systemu"},"content":{"rendered":"\n<p>Nie pierwszy ju\u017c raz dowiadujemy si\u0119, \u017ce chory umiera, nie doczekawszy si\u0119 testu. Tak si\u0119 sta\u0142o w G\u0142ogowie.\u00a0Starosta Jaros\u0142aw Dudkowski\u00a0zaapelowa\u0142, \u017ceby \u201enie ok\u0142amywa\u0107 spo\u0142ecze\u0144stwa\u201d, test\u00f3w jest za ma\u0142o, brakuje ich\u00a0nie tylko w G\u0142ogowie, ale i w innych miastach.\u00a0Nie trzeba by\u0107 specjalist\u0105, \u017ceby dowiedzie\u0107 si\u0119, \u017ce w Polsce przeprowadza si\u0119 mniej test\u00f3w ni\u017c w wi\u0119kszo\u015bci pa\u0144stw europejskich. Za ma\u0142o test\u00f3w, za ma\u0142o laboratori\u00f3w, za ma\u0142o personelu, za ma\u0142o, za ma\u0142o respirator\u00f3w, za ma\u0142o, za ma\u0142o\u2026<\/p>\n\n\n\n<!--more-->\n\n\n\n<p>Jak to mo\u017cliwe, \u017ce w kraju, kt\u00f3ry nale\u017cy do&nbsp;najszybciej rozwijaj\u0105cych si\u0119 w Europie, jeszcze zanim pandemia zaatakowa\u0142a z ca\u0142\u0105 moc\u0105, ju\u017c wyst\u0119puj\u0105 takie braki? Pierwsz\u0105 przyczyn\u0105 jest op\u0142akany stan s\u0142u\u017cby zdrowia, sam system, kt\u00f3ry jest niewydolny i nielogiczny, podlega ci\u0105g\u0142ym \u201ereformom\u201d, a w dodatku jest biedny. Skutek \u2013 lekarze i piel\u0119gniarki pracuj\u0105 za granic\u0105, polskie uczelnie kszta\u0142c\u0105 specjalist\u00f3w dla kraj\u00f3w bogatszych. To s\u0105 choroby chroniczne ochrony zdrowia w Polsce.<\/p>\n\n\n\n<p>Ale jest i choroba specyficzna, t\u0105 chorob\u0105 jest chora filozofia Prawa i Sprawiedliwo\u015bci. Jest ni\u0105 rozdawanie pieni\u0119dzy kosztem niedoceniania us\u0142ug publicznych: ochrony zdrowia, nauki i edukacji, infrastruktury. Gdyby nie gigantyczne wsparcie Unii Europejskiej, byliby\u015bmy w czarnej dziurze. O ile pierwsza inicjatywa 500 plus mia\u0142a sens, aczkolwiek nie powinna by\u0142a obejmowa\u0107 wszystkich, a tylko ubogich i najubo\u017cszych, o tyle kolejne posuni\u0119cia: trzynaste i czternaste emerytury, zasi\u0142ki szkolne i inne,\u00a0nie pozostawia\u0142y z\u0142udze\u0144 \u2013 by\u0142y i s\u0105 kupowaniem g\u0142os\u00f3w.\u00a0500 plus by\u0142o posuni\u0119ciem mistrzowskim w swojej prostocie: dawa\u0142o ludziom to, co lubi\u0105 najbardziej &#8211; got\u00f3wk\u0119 i wolno\u015b\u0107 w jej wydawaniu. Suwerenno\u015b\u0107 w dysponowaniu swoimi zasobami. Nie \u017cadne 1000 szk\u00f3\u0142 na\u00a0tysi\u0105clecie, tylko dyskretny szmer got\u00f3wki. Jednocze\u015bnie w\u0142adza zapewnia\u0142a sobie lojalno\u015b\u0107 wyborc\u00f3w, przestraszonych, \u017ce opozycja mo\u017ce ich pozbawi\u0107 uzyskanych korzy\u015bci.<\/p>\n\n\n\n<p>Maj\u0105c do wyboru kupowanie wyborc\u00f3w lub decydowanie za nich, co jest wa\u017cniejsze \u2013 szpitale czy wakacje nad morzem&nbsp;&#8211; Prawo i Sprawiedliwo\u015b\u0107 wybra\u0142o to pierwsze. Nie jest to jedyna, ale wa\u017cna przyczyna obecnego kryzysu ochrony zdrowia w Polsce. Ci, kt\u00f3rzy przetrwaj\u0105 epidemi\u0119, powinni&nbsp;zmieni\u0107 system \u2013 mniej korumpowania wyborc\u00f3w, wi\u0119cej&nbsp; inwestowania i naprawy tego, co najwa\u017cniejsze &#8211;&nbsp;zdrowia.<\/p>\n","protected":false},"excerpt":{"rendered":"<p>Nie pierwszy ju\u017c raz dowiadujemy si\u0119, \u017ce chory umiera, nie doczekawszy si\u0119 testu. Tak si\u0119 sta\u0142o w G\u0142ogowie.\u00a0Starosta Jaros\u0142aw Dudkowski\u00a0zaapelowa\u0142, \u017ceby \u201enie ok\u0142amywa\u0107 spo\u0142ecze\u0144stwa\u201d, test\u00f3w jest za ma\u0142o, brakuje ich\u00a0nie tylko w G\u0142ogowie, ale i w innych miastach.\u00a0Nie trzeba by\u0107 specjalist\u0105, \u017ceby dowiedzie\u0107 si\u0119, \u017ce w Polsce przeprowadza si\u0119 mniej test\u00f3w ni\u017c w wi\u0119kszo\u015bci pa\u0144stw [&hellip;]<\/p>\n","protected":false},"author":4,"featured_media":6009,"comment_status":"open","ping_status":"closed","sticky":false,"template":"","format":"standard","meta":{"footnotes":""},"categories":[1],"tags":[],"_links":{"self":[{"href":"https:\/\/blog.polityka.pl\/passent\/wp-json\/wp\/v2\/posts\/6006"}],"collection":[{"href":"https:\/\/blog.polityka.pl\/passent\/wp-json\/wp\/v2\/posts"}],"about":[{"href":"https:\/\/blog.polityka.pl\/passent\/wp-json\/wp\/v2\/types\/post"}],"author":[{"embeddable":true,"href":"https:\/\/blog.polityka.pl\/passent\/wp-json\/wp\/v2\/users\/4"}],"replies":[{"embeddable":true,"href":"https:\/\/blog.polityka.pl\/passent\/wp-json\/wp\/v2\/comments?post=6006"}],"version-history":[{"count":3,"href":"https:\/\/blog.polityka.pl\/passent\/wp-json\/wp\/v2\/posts\/6006\/revisions"}],"predecessor-version":[{"id":6010,"href":"https:\/\/blog.polityka.pl\/passent\/wp-json\/wp\/v2\/posts\/6006\/revisions\/6010"}],"wp:featuredmedia":[{"embeddable":true,"href":"https:\/\/blog.polityka.pl\/passent\/wp-json\/wp\/v2\/media\/6009"}],"wp:attachment":[{"href":"https:\/\/blog.polityka.pl\/passent\/wp-json\/wp\/v2\/media?parent=6006"}],"wp:term":[{"taxonomy":"category","embeddable":true,"href":"https:\/\/blog.polityka.pl\/passent\/wp-json\/wp\/v2\/categories?post=6006"},{"taxonomy":"post_tag","embeddable":true,"href":"https:\/\/blog.polityka.pl\/passent\/wp-json\/wp\/v2\/tags?post=6006"}],"curies":[{"name":"wp","href":"https:\/\/api.w.org\/{rel}","templated":true}]}}