
{"id":601,"date":"2009-08-28T07:08:12","date_gmt":"2009-08-28T05:08:12","guid":{"rendered":"http:\/\/passent.blog.polityka.pl\/?p=601"},"modified":"2009-08-28T07:08:12","modified_gmt":"2009-08-28T05:08:12","slug":"westerplatte-prezent-obamy-dla-putina","status":"publish","type":"post","link":"https:\/\/blog.polityka.pl\/passent\/2009\/08\/28\/westerplatte-prezent-obamy-dla-putina\/","title":{"rendered":"Westerplatte &#8211; prezent Obamy dla Putina"},"content":{"rendered":"<p>Nie mog\u0119 uwierzy\u0107, \u017ce na obchodach z okazji 70 rocznicy wybuchu II wojny \u015bwiatowej, jakie odb\u0119d\u0105 si\u0119 na Westerplatte, Stany Zjednoczone b\u0119dzie reprezentowa\u0142 by\u0142y minister obrony, William J. Perry. Pocz\u0105tkowo s\u0105dzi\u0142em, \u017ce moje zdumienie bierze si\u0119 z wyg\u00f3rowanych ambicji i oczekiwa\u0144, jakie w Polsce wi\u0105\u017ce si\u0119 z USA (podobno stanowimy najbardziej proameryka\u0144skie spo\u0142ecze\u0144stwo w Europie), oraz z megalomani\u0105 narodow\u0105, czyli polonocentryzm. Ale przecie\u017c Obama i (H.) Clinton wiedzieli, \u017ce Rosj\u0119 b\u0119dzie reprezentowa\u0142 Putin, Niemcy \u2013 Merkel, \u017ce spotka si\u0119 20 premier\u00f3w, czyli decyzja USA by\u0142a jak najbardziej \u015bwiadoma, w \u017cadnych razie pochopna.<\/p>\n<p>Oceniam t\u0119 decyzj\u0119 \u017ale. Nie mam nic przeciwko panu Perry&#8217;emu, ale jego wyb\u00f3r to afront wobec gospodarzy i go\u015bci \u2013 Berlusconiego, Putina, Merkel, premier\u00f3w Francji, Szwecji (przewodnictwo w Unii) i innych kraj\u00f3w, a przede wszystkim wobec Polski, Kaczy\u0144skiego i Tuska. Pierwsza my\u015bl, jaka si\u0119 nasuwa: Kiedy trzeba by\u0142o rozsadza\u0107 imperium sowieckie \u2013 Polska by\u0142a potrzebna, przyjecha\u0142 do nas nawet prezydent George Bush i namawia\u0142 gen. Jaruzelskiego, \u017ceby zgodzi\u0142 si\u0119 zosta\u0107 prezydentem (a ja mia\u0142em zaszczyt by\u0107 jednym z trzech dziennikarzy polskich, kt\u00f3rych prezydent USA przyj\u0105\u0142 w owalnym gabinecie i udzieli\u0142 nam wywiadu). Natomiast dzisiaj, kiedy Rosja zosta\u0142a w powa\u017cnym stopniu unieszkodliwiona, i jest Ameryce potrzebna (Afganistan, Iran, ograniczenie broni strategicznych etc.) \u2013 Polska nie jest taka wa\u017cna i mo\u017cna do niej wys\u0142a\u0107 emerytowanego genera\u0142a i ministra.<\/p>\n<p>Oczywi\u015bcie, nie ma co rwa\u0107 w\u0142os\u00f3w z g\u0142owy, ani ulega\u0107 histerii, \u017cadnych ura\u017conych ambicji, ale Bia\u0142y Dom nie do\u015b\u0107, \u017ce nie pom\u00f3g\u0142, to jeszcze zaszkodzi\u0142, obni\u017caj\u0105c rang\u0119 obchod\u00f3w oraz gospodarzy. Obama zrobi\u0142 prezent Putinowi, kt\u00f3ry b\u0119dzie mia\u0142 satysfakcj\u0119, \u017ce Polacy dostali lekcj\u0119. Putin, a nie wysoka osobisto\u015b\u0107 ameryka\u0144ska, b\u0119dzie brylowa\u0142 na polskich obchodach. Rzecznik polskiego MSZ robi\u0142 dobra min\u0119 do z\u0142ej gry (\u201enie ulega\u0107 nadinterpretacji\u201d), podobnie jak S\u0142awomir Nowak \u2013 prawa r\u0119ka Tuska, ale trudno afrontu nie zauwa\u017cy\u0107.<\/p>\n<p>Gdy do tego do\u0142o\u017cy si\u0119 pog\u0142oski o fiasku projektu tarczy antyrakietowej, negatywne do\u015bwiadczenia z offsetem po pospiesznym i nadgorliwym zakupie samolot\u00f3w F-16, lojalno\u015b\u0107 Polski w Iraku i w Afganistanie, tajne l\u0105dowisko dla ameryka\u0144skich samolot\u00f3w w Szymanach \u2013 musimy zastanowi\u0107 si\u0119 nad (<strong>1<\/strong>) stanem stosunk\u00f3w z USA, (<strong>2<\/strong>) stosunkami z Europ\u0105, (<strong>3<\/strong>) stosunkami z Rosj\u0105.<\/p>\n<p>Pierwszy wniosek, jaki si\u0119 narzuca, to zachowanie sojuszu ze Stanami Zjednoczonymi i umacnianie naszej obecno\u015bci w NATO, jako kamieni w\u0119gielnych naszego bezpiecze\u0144stwa. Drugi \u2013 konieczne jest wzmocnienie naszej afiliacji europejskiej, gorliwo\u015b\u0107 w akceptacji tarczy, wbrew Europie, i to z rz\u0105dem republika\u0144skim, gdy Obama stuka\u0142 ju\u017c do drzwi \u2013 teraz si\u0119 m\u015bci. I wreszcie (3) dla stosunk\u00f3w z USA wa\u017cne s\u0105 nasze stosunki z Rosj\u0105. Nie jest ju\u017c tak, \u017ce im gorzej z Rosj\u0105, tym lepiej z Ameryk\u0105. \u015awiat si\u0119 zmieni\u0142 i pewne zmiany s\u0105 potrzebne w naszej polityce zagranicznej. Na razie centraln\u0105 osobisto\u015bci\u0105 obchod\u00f3w pod Westerplatte staje si\u0119 Putin, a nie o to chyba chodzi\u0142o.<\/p>\n","protected":false},"excerpt":{"rendered":"<p>Nie mog\u0119 uwierzy\u0107, \u017ce na obchodach z okazji 70 rocznicy wybuchu II wojny \u015bwiatowej, jakie odb\u0119d\u0105 si\u0119 na Westerplatte, Stany Zjednoczone b\u0119dzie reprezentowa\u0142 by\u0142y minister obrony, William J. Perry. Pocz\u0105tkowo s\u0105dzi\u0142em, \u017ce moje zdumienie bierze si\u0119 z wyg\u00f3rowanych ambicji i oczekiwa\u0144, jakie w Polsce wi\u0105\u017ce si\u0119 z USA (podobno stanowimy najbardziej proameryka\u0144skie spo\u0142ecze\u0144stwo w Europie), [&hellip;]<\/p>\n","protected":false},"author":4,"featured_media":0,"comment_status":"open","ping_status":"open","sticky":false,"template":"","format":"standard","meta":{"footnotes":""},"categories":[1],"tags":[],"_links":{"self":[{"href":"https:\/\/blog.polityka.pl\/passent\/wp-json\/wp\/v2\/posts\/601"}],"collection":[{"href":"https:\/\/blog.polityka.pl\/passent\/wp-json\/wp\/v2\/posts"}],"about":[{"href":"https:\/\/blog.polityka.pl\/passent\/wp-json\/wp\/v2\/types\/post"}],"author":[{"embeddable":true,"href":"https:\/\/blog.polityka.pl\/passent\/wp-json\/wp\/v2\/users\/4"}],"replies":[{"embeddable":true,"href":"https:\/\/blog.polityka.pl\/passent\/wp-json\/wp\/v2\/comments?post=601"}],"version-history":[{"count":0,"href":"https:\/\/blog.polityka.pl\/passent\/wp-json\/wp\/v2\/posts\/601\/revisions"}],"wp:attachment":[{"href":"https:\/\/blog.polityka.pl\/passent\/wp-json\/wp\/v2\/media?parent=601"}],"wp:term":[{"taxonomy":"category","embeddable":true,"href":"https:\/\/blog.polityka.pl\/passent\/wp-json\/wp\/v2\/categories?post=601"},{"taxonomy":"post_tag","embeddable":true,"href":"https:\/\/blog.polityka.pl\/passent\/wp-json\/wp\/v2\/tags?post=601"}],"curies":[{"name":"wp","href":"https:\/\/api.w.org\/{rel}","templated":true}]}}