
{"id":6011,"date":"2020-03-26T23:48:48","date_gmt":"2020-03-26T22:48:48","guid":{"rendered":"https:\/\/passent.blog.polityka.pl\/?p=6011"},"modified":"2020-03-27T00:04:10","modified_gmt":"2020-03-26T23:04:10","slug":"cena-nie-gra-roli","status":"publish","type":"post","link":"https:\/\/blog.polityka.pl\/passent\/2020\/03\/26\/cena-nie-gra-roli\/","title":{"rendered":"Cena nie gra roli"},"content":{"rendered":"\n<p>Do niedawna by\u0142em got\u00f3w si\u0119\u00a0za\u0142o\u017cy\u0107, \u017ce wybory prezydenckie zostan\u0105 prze\u0142o\u017cone na p\u00f3\u017aniejszy termin. Teraz, kiedy ju\u017c jest pewne, \u017ce do 10 maja pandemia si\u0119 nie sko\u0144czy, kiedy si\u0142y i \u015brodki ca\u0142ego wycie\u0144czonego pa\u0144stwa skupione b\u0119d\u0105 na walce z wirusem, kiedy samo znalezienie wystarczaj\u0105cej liczby ch\u0119tnych do pracy w komisjach wyborczych b\u0119dzie problemem, kiedy gromadzenie si\u0119 wi\u0119cej ni\u017c dw\u00f3ch (!) os\u00f3b b\u0119dzie zagro\u017cone grzywn\u0105 do 30 tys. z\u0142? Rz\u0105d nie odwa\u017cy si\u0119 og\u0142asza\u0107 wybor\u00f3w tylko dlatego, \u017ce im gorzej dla zdrowia, im d\u0142u\u017cej trwa epidemia &#8211; tym lepiej dla urz\u0119duj\u0105cego prezydenta&#8230;<\/p>\n\n\n\n<!--more-->\n\n\n\n<p>\u017be wybory w czasie epidemii, kiedy powinno si\u0119 siedzie\u0107 w domu, to hipokryzja \u2013 kogo to obchodzi? Konstytucja tego nie zabrania, prawnicy, z p. Przy\u0142\u0119bsk\u0105 na czele, b\u0119d\u0105 si\u0119 spiera\u0107, czy takie wybory b\u0119d\u0105 (a potem \u201eby\u0142y\u201d) powszechne.<\/p>\n\n\n\n<p>Dzisiaj ju\u017c bym si\u0119 nie zak\u0142ada\u0142, \u017ce wybory nie odb\u0119d\u0105 si\u0119 w terminie. Prezes Kaczy\u0144ski przyby\u0142 w czwartek do Sejmu bez r\u0119kawiczek i maseczki ochronnej, \u017ceby pokaza\u0107, \u017ce wszystko jest OK, normalnie i\u00a0nie wida\u0107 przeciwwskaza\u0144, \u017ceby wybory odby\u0142y si\u0119 10 maja. \u017be frekwencja b\u0119dzie rekordowo niska, bo cz\u0119\u015b\u0107 ludzi b\u0119dzie si\u0119 ba\u0142a wyj\u015b\u0107 z domu do urn \u2013 kogo to obchodzi? P\u00f3jdzie si\u0119 do nich z urnami. \u017be kandydat w\u0142adzy b\u0119dzie si\u0119 wstydzi\u0142 by\u0107 wybrany nik\u0142\u0105 wi\u0119kszo\u015bci\u0105? Konrad Adenauer te\u017c zosta\u0142 wybrany jednym g\u0142osem przewagi.<\/p>\n\n\n\n<p>\u017be rz\u0105d b\u0119dzie si\u0119 wstydzi\u0142 organizowa\u0107 wybory w trakcie epidemii? Rz\u0105dy si\u0119 nie wstydz\u0105. Je\u017celi konstytucja na to zezwala, to prezydent, premier czy kr\u00f3lowa ma prawo rozwi\u0105za\u0107 parlament i og\u0142osi\u0107 nowy, wygodny dla siebie termin wybor\u00f3w. A tu\u00a0nie chodzi o \u201ewykr\u0119cenie\u201d podobnego numeru, tylko o dotrzymanie terminu zgodnego z konstytucj\u0105. Przecie\u017c nie ma w\u0142adzy\u00a0 bardziej szanuj\u0105cej konstytucj\u0119 ni\u017c obecna \u2013 vide Trybuna\u0142 Konstytucyjny, KRS, S\u0105d Najwy\u017cszy.<\/p>\n\n\n\n<p>Dosz\u0142o do tego, \u017ce samo s\u0142owo \u201ekonstytucja\u201d sta\u0142o si\u0119 dla niej obelg\u0105. Zwolennicy PiS pierwsi stawi\u0105 si\u0119 przy urnach, pozostali, rozproszeni i bez sztandarowego przyw\u00f3dcy, nie s\u0105 tak zdyscyplinowani i nawykli do robienia tego, co us\u0142ysz\u0105 rano w ko\u015bciele.<\/p>\n\n\n\n<p>Nie ma takiej ceny, jakiej Kaczy\u0144ski i sp\u00f3\u0142ka nie byliby gotowi zap\u0142aci\u0107 za wygran\u0105 swojego cz\u0142owieka 10 maja.<\/p>\n","protected":false},"excerpt":{"rendered":"<p>Do niedawna by\u0142em got\u00f3w si\u0119\u00a0za\u0142o\u017cy\u0107, \u017ce wybory prezydenckie zostan\u0105 prze\u0142o\u017cone na p\u00f3\u017aniejszy termin. Teraz, kiedy ju\u017c jest pewne, \u017ce do 10 maja pandemia si\u0119 nie sko\u0144czy, kiedy si\u0142y i \u015brodki ca\u0142ego wycie\u0144czonego pa\u0144stwa skupione b\u0119d\u0105 na walce z wirusem, kiedy samo znalezienie wystarczaj\u0105cej liczby ch\u0119tnych do pracy w komisjach wyborczych b\u0119dzie problemem, kiedy gromadzenie si\u0119 [&hellip;]<\/p>\n","protected":false},"author":4,"featured_media":6015,"comment_status":"open","ping_status":"closed","sticky":false,"template":"","format":"standard","meta":{"footnotes":""},"categories":[1],"tags":[],"_links":{"self":[{"href":"https:\/\/blog.polityka.pl\/passent\/wp-json\/wp\/v2\/posts\/6011"}],"collection":[{"href":"https:\/\/blog.polityka.pl\/passent\/wp-json\/wp\/v2\/posts"}],"about":[{"href":"https:\/\/blog.polityka.pl\/passent\/wp-json\/wp\/v2\/types\/post"}],"author":[{"embeddable":true,"href":"https:\/\/blog.polityka.pl\/passent\/wp-json\/wp\/v2\/users\/4"}],"replies":[{"embeddable":true,"href":"https:\/\/blog.polityka.pl\/passent\/wp-json\/wp\/v2\/comments?post=6011"}],"version-history":[{"count":3,"href":"https:\/\/blog.polityka.pl\/passent\/wp-json\/wp\/v2\/posts\/6011\/revisions"}],"predecessor-version":[{"id":6016,"href":"https:\/\/blog.polityka.pl\/passent\/wp-json\/wp\/v2\/posts\/6011\/revisions\/6016"}],"wp:featuredmedia":[{"embeddable":true,"href":"https:\/\/blog.polityka.pl\/passent\/wp-json\/wp\/v2\/media\/6015"}],"wp:attachment":[{"href":"https:\/\/blog.polityka.pl\/passent\/wp-json\/wp\/v2\/media?parent=6011"}],"wp:term":[{"taxonomy":"category","embeddable":true,"href":"https:\/\/blog.polityka.pl\/passent\/wp-json\/wp\/v2\/categories?post=6011"},{"taxonomy":"post_tag","embeddable":true,"href":"https:\/\/blog.polityka.pl\/passent\/wp-json\/wp\/v2\/tags?post=6011"}],"curies":[{"name":"wp","href":"https:\/\/api.w.org\/{rel}","templated":true}]}}