
{"id":6018,"date":"2020-03-29T22:31:29","date_gmt":"2020-03-29T20:31:29","guid":{"rendered":"https:\/\/passent.blog.polityka.pl\/?p=6018"},"modified":"2020-03-29T22:56:20","modified_gmt":"2020-03-29T20:56:20","slug":"po-wyborach","status":"publish","type":"post","link":"https:\/\/blog.polityka.pl\/passent\/2020\/03\/29\/po-wyborach\/","title":{"rendered":"Po wyborach"},"content":{"rendered":"\n<p>\u201eZawieszenie\u201d kampanii wyborczej przez Ma\u0142gorzat\u0119 Kidaw\u0119-B\u0142o\u0144sk\u0105\u00a0przes\u0105dza o wyniku wybor\u00f3w prezydenckich bez wzgl\u0119du na ich termin. Moim zdaniem ju\u017c jest po wyborach.<\/p>\n\n\n\n<!--more-->\n\n\n\n<p>G\u0142\u00f3wna kandydatka opozycji znalaz\u0142a si\u0119 w fatalnej sytuacji i nic dziwnego, \u017ce opu\u015bci\u0142a r\u0119ce, zesz\u0142a z ringu, zapowiadaj\u0105c ewentualny powr\u00f3t. Taki powr\u00f3t by\u0142by zreszt\u0105 niefortunny, gdy\u017c ranna i poobijana kandydatka Koalicji Obywatelskiej by\u0142aby jeszcze s\u0142absza, ni\u017c jest dzisiaj. W wyniku decyzji pani\u00a0marsza\u0142ek kolejni\u00a0wyborcy przerzuc\u0105 poparcie na Kosiniaka-Kamysza, Ho\u0142owni\u0119 lub wr\u0119cz pozostan\u0105 w domu. Kidawa-B\u0142o\u0144ska jest tak\u017ce ofiar\u0105 wrogo\u015bci ze strony PSL i Biedronia.<\/p>\n\n\n\n<p>Mamy tu paradoks: MK-B \u201ezawiesza\u201d kampani\u0119 z powodu swojej s\u0142abo\u015bci. Sonda\u017ce pokazuj\u0105, \u017ce ma dwa-trzy razy mniejsze poparcie ni\u017c prezydent Duda, a Kosiniak-Kamysz depcze jej po pi\u0119tach. Nie ma umowy o wsp\u00f3\u0142pracy opozycji w drugiej turze. Kandydatka KO potrzebuje czasu czy wr\u0119cz cudu, by si\u0119 odbudowa\u0107. Gdyby to ona by\u0142a liderk\u0105,\u00a0na pewno by si\u0119 nie \u201ezawiesi\u0142a\u201d, mia\u0142aby zbyt du\u017co do stracenia. Podyktowana s\u0142abo\u015bci\u0105 decyzja Kidawy-B\u0142o\u0144skiej jeszcze\u00a0bardziej os\u0142abi kandydatur\u0119 jej lub innego kandydata Koalicji Obywatelskiej. Ludzie, kt\u00f3rzy poczuj\u0105 si\u0119 zawiedzeni przez MK-B, nie b\u0119d\u0105 chcieli prze\u017cy\u0107 zawodu (czytaj: pora\u017cki) kolejny raz.<\/p>\n\n\n\n<p>Decyzja Kidawy-B\u0142o\u0144skiej jest aktem desperacji, przyznaniem si\u0119 do bezsilno\u015bci. Liberalna partia centrum, mi\u0119dzy rz\u0105dz\u0105c\u0105 prawic\u0105 i podzielon\u0105 lewic\u0105, nie mo\u017ce wygra\u0107 wybor\u00f3w prezydenckich. Chodzi zar\u00f3wno o s\u0142abo\u015b\u0107 jej zaplecza, brak jasnego&nbsp;(mo\u017ce nawet \u201eprymitywnego\u201d, ale chwytliwego) programu, jak i s\u0142abo\u015bci samej kandydatki. Jej zalety \u2013 kultura, elegancja, opanowanie \u2013 nie s\u0105 w czasie tej kampanii takimi atutami. Tu trzeba by\u0107 bez skrupu\u0142\u00f3w, raz krzycze\u0107, raz jecha\u0107 na Jasn\u0105 G\u00f3r\u0119 i modli\u0107 si\u0119 na&nbsp;oczach kamer w fa\u0142szywym skupieniu, jak gdyby&nbsp;na Krakowskim Przedmie\u015bciu, w pobliskiej katedrze lub w samym Pa\u0142acu Prezydenckim nie by\u0142o gdzie ukl\u0119kn\u0105\u0107.<\/p>\n\n\n\n<p>Wiele wskazuje na to, \u017ce jest ju\u017c po wyborach. Najbardziej brutalne chwyty w\u0142adzy, nocne wrzutki z reform\u0105 prawa wyborczego, \u0142amanie konstytucji poprzez np. dzielenie wyborc\u00f3w wed\u0142ug kryterium wieku czy majstrowanie w prawie wyborczym na kilka tygodni przed wyborami &#8211; zn\u00f3w jej ujd\u0105 p\u0142azem, podobnie jak demolka wymiaru sprawiedliwo\u015bci. Liczy si\u0119 tylko jedno: monopol w\u0142adzy PiS. I cel ten b\u0119dzie osi\u0105gni\u0119ty. W cieniu epidemii komu b\u0119dzie si\u0119&nbsp;chcia\u0142o broni\u0107 demokracji?<\/p>\n","protected":false},"excerpt":{"rendered":"<p>\u201eZawieszenie\u201d kampanii wyborczej przez Ma\u0142gorzat\u0119 Kidaw\u0119-B\u0142o\u0144sk\u0105\u00a0przes\u0105dza o wyniku wybor\u00f3w prezydenckich bez wzgl\u0119du na ich termin. Moim zdaniem ju\u017c jest po wyborach.<\/p>\n","protected":false},"author":4,"featured_media":6022,"comment_status":"open","ping_status":"closed","sticky":false,"template":"","format":"standard","meta":{"footnotes":""},"categories":[1],"tags":[],"_links":{"self":[{"href":"https:\/\/blog.polityka.pl\/passent\/wp-json\/wp\/v2\/posts\/6018"}],"collection":[{"href":"https:\/\/blog.polityka.pl\/passent\/wp-json\/wp\/v2\/posts"}],"about":[{"href":"https:\/\/blog.polityka.pl\/passent\/wp-json\/wp\/v2\/types\/post"}],"author":[{"embeddable":true,"href":"https:\/\/blog.polityka.pl\/passent\/wp-json\/wp\/v2\/users\/4"}],"replies":[{"embeddable":true,"href":"https:\/\/blog.polityka.pl\/passent\/wp-json\/wp\/v2\/comments?post=6018"}],"version-history":[{"count":4,"href":"https:\/\/blog.polityka.pl\/passent\/wp-json\/wp\/v2\/posts\/6018\/revisions"}],"predecessor-version":[{"id":6023,"href":"https:\/\/blog.polityka.pl\/passent\/wp-json\/wp\/v2\/posts\/6018\/revisions\/6023"}],"wp:featuredmedia":[{"embeddable":true,"href":"https:\/\/blog.polityka.pl\/passent\/wp-json\/wp\/v2\/media\/6022"}],"wp:attachment":[{"href":"https:\/\/blog.polityka.pl\/passent\/wp-json\/wp\/v2\/media?parent=6018"}],"wp:term":[{"taxonomy":"category","embeddable":true,"href":"https:\/\/blog.polityka.pl\/passent\/wp-json\/wp\/v2\/categories?post=6018"},{"taxonomy":"post_tag","embeddable":true,"href":"https:\/\/blog.polityka.pl\/passent\/wp-json\/wp\/v2\/tags?post=6018"}],"curies":[{"name":"wp","href":"https:\/\/api.w.org\/{rel}","templated":true}]}}