
{"id":602,"date":"2009-08-31T12:11:53","date_gmt":"2009-08-31T10:11:53","guid":{"rendered":"http:\/\/passent.blog.polityka.pl\/?p=602"},"modified":"2009-08-31T12:11:53","modified_gmt":"2009-08-31T10:11:53","slug":"rozum-przemowil","status":"publish","type":"post","link":"https:\/\/blog.polityka.pl\/passent\/2009\/08\/31\/rozum-przemowil\/","title":{"rendered":"Rozum przem\u00f3wi\u0142"},"content":{"rendered":"<p>Nie, nie mam na my\u015bli wyst\u0105pienia premiera Putina na Westerplatte, gdy\u017c pisz\u0119 te s\u0142owa w poniedzia\u0142ek, 31 sierpnia. (Notabene uwa\u017cam, \u017ce strona polska reaguje na rosyjsk\u0105 kampani\u0119 bzdur odpowiednio, tzn. nie chce skaza\u0107 na fiasko uroczysto\u015bci w Gda\u0144sku, a na polemik\u0119 z przyjdzie czas). Mam na my\u015bli buduj\u0105ce g\u0142osy kanclerz Merkel, artyku\u0142y ministra Sikorskiego i premiera  w \u201eGazecie\u201d, a wi\u0119c tr\u00f3jg\u0142os Niemcy \u2013 Polska \u2013 Rosja.<\/p>\n<p>Kanclerz Merkel, na kilka dni przez rocznic\u0105 wybuchu II wojny \u015bwiatowej, jeszcze raz  i jednoznacznie potwierdzi\u0142a odpowiedzialno\u015b\u0107 Niemiec za wybuch II wojny \u015bwiatowej, za zbrodnie i cierpienia, wyrazi\u0142a tak\u017ce satysfakcj\u0119, \u017ce zosta\u0142a przez premiera Tuska zaproszona do wsp\u00f3lnego uczczenia tej rocznicy. Trzeba  doceni\u0107 postaw\u0119 kanclerz Merkel i pami\u0119ta\u0107 o tym tak\u017ce wtedy, kiedy podnosi si\u0119 sprzeciw wobec gest\u00f3w kanclerz RFN wobec przesiedle\u0144c\u00f3w i pani Steinbach.<\/p>\n<p>Z kolei polski minister, Rados\u0142aw Sikorski, wykona\u0142 wa\u017cny krok w kierunku s\u0105siad\u00f3w, zw\u0142aszcza wobec Rosji, z kt\u00f3r\u0105 stosunki s\u0105 trudniejsze. W wa\u017cnym artykule na \u0142amach \u201eGW\u201d, Sikorski pisze m.in.: \u201eNiemcy przekszta\u0142ci\u0142y si\u0119 w dog\u0142\u0119bnie demokratyczne pa\u0144stwo, b\u0119d\u0105ce ostoj\u0105 integracji europejskiej i euroatlantyckiej (\u2026) sojusznikiem i przyjacielem Polski. ROSJA OD BEZ MA\u0141A 20 LAT IDZIE DROG\u0104 PR\u00d3B MODERNIZACYJNYCH I DEMOKRATYZACYJNYCH, KT\u00d3RE &#8211; JAK MAMY NADZIEJ\u0118 \u2013 UCZYNI\u0104 Z TEGO KRAJU R\u00d3WNIE WIARYGODNEGO PARTNERA. CHYBA JESZCZE NIGDY W SWOICH DZIEJACH OBA TE KRAJE \u2013 ZW\u0141ASZCZA NIEMCY, ALE IROSJA \u2013 NIE HO\u0141DOWA\u0141Y TAK WARTO\u015aCIOM DEMOKRACJI\u2026\u201d<\/p>\n<p>G\u0142os Sikorskiego zapewne nie spodoba si\u0119 tym,   kt\u00f3rzy na plan pierwszy wysuwaj\u0105 to, co nas dzieli z Rosj\u0105 i z Niemcami, tym, kt\u00f3rzy dzwoni\u0105 na alarm z powodu coraz lepszych stosunk\u00f3w Berlin \u2013 Moskwa. Tymczasem naszym zadaniem powinno by\u0107 uczestnictwo w tych stosunkach, anga\u017cowanie si\u0119 w budow\u0119 wsp\u00f3lnej Europy oraz systemu bezpiecze\u0144stwa, z kt\u00f3rego \u017caden kraj \u2013 przede wszystkim nasz, ale tak\u017ce Rosja \u2013 nie b\u0119dzie wy\u0142\u0105czony. Nie dopu\u015bci\u0107 do dialogu ponad naszymi g\u0142owami mo\u017cna tylko uczestnicz\u0105c w nim, a nie usi\u0142uj\u0105c zawraca\u0107 Ren i Wo\u0142g\u0119 kijem.<\/p>\n<p>Tak\u017ce  Putin wykonuje krok w nasz\u0105 stron\u0119 \u2013 nie tak wielki, jak by\u015bmy sobie \u017cyczyli, ale jednak\u2026 Na \u0142amach \u201eGazety\u201d rosyjski premier nie pot\u0119pia agresji 17 wrze\u015bnia, ale  uznaje, \u017ce wojna zacz\u0119\u0142a si\u0119 1 wrze\u015bnia 1939 roku, przypomina, \u017ce  \u201eniemoralny charakter paktu Mo\u0142otow &#8211; Ribbentrop zosta\u0142 jednoznacznie oceniony przez parlament\u201d  (w 1989 r.),   uznaje wk\u0142ad Polski \u2013 w tym Armii Andersa i Armii Krajowej &#8211; w  rozgromienie III Rzeszy, wyra\u017ca zadowolenie z dobrych stosunk\u00f3w Rosja \u2013 Niemcy i nadziej\u0119, \u017ce taki obr\u00f3t przybior\u0105 te\u017c stosunki z Polsk\u0105. \u201ePo niewyt\u0142umaczalnie d\u0142ugiej przerwie wznowi\u0142y prac\u0119 g\u0142\u00f3wne mechanizmy dialogu dwustronnego\u2026\u201d<\/p>\n<p>S\u0105 w artykule Putina wa\u017cne fragmenty, pod kt\u00f3rymi by\u015bmy si\u0119 nie podpisali, m.in. przemilczenie tajnej cz\u0119\u015bci paktu Hitler &#8211; Stalin,  stwierdzenie \u201e\u017ce byli\u015bmy razem w tej bitwie  o przysz\u0142o\u015b\u0107 ludzko\u015bci\u201d, gdy\u017c podczas kiedy Polska walczy\u0142a o wolno\u015b\u0107, Rosja  nios\u0142a wolno\u015b\u0107 od hitleryzmu, ale i w\u0142asn\u0105  dominacj\u0119, wreszcie zestawienie losu je\u0144c\u00f3w rosyjskich w 1920 r. i ofiar Katynia. Tutaj zabrak\u0142o s\u0142\u00f3w \u201eprzebaczamy i prosimy o przebaczenie\u201d.<\/p>\n<p>W sumie jednak  uwa\u017cam, \u017ce mimo niepokoj\u0105cych sygna\u0142\u00f3w z Rosji (i z Ameryki), wida\u0107 \u015bwiat\u0142o w tunelu. Polska dyplomacja ma przed sob\u0105 wielkie zadania, Europa i Ameryka dogaduj\u0105 si\u0119 z Rosj\u0105, nasz g\u0142os musi by\u0107 donios\u0142y i konstruktywny, \u017ceby nie zosta\u0142 zignorowany. Je\u017celi obrazimy si\u0119 na Ameryk\u0119, Niemcy i Rosj\u0119 \u2013 to kto nam zostanie? Gruzja?<\/p>\n","protected":false},"excerpt":{"rendered":"<p>Nie, nie mam na my\u015bli wyst\u0105pienia premiera Putina na Westerplatte, gdy\u017c pisz\u0119 te s\u0142owa w poniedzia\u0142ek, 31 sierpnia. (Notabene uwa\u017cam, \u017ce strona polska reaguje na rosyjsk\u0105 kampani\u0119 bzdur odpowiednio, tzn. nie chce skaza\u0107 na fiasko uroczysto\u015bci w Gda\u0144sku, a na polemik\u0119 z przyjdzie czas). Mam na my\u015bli buduj\u0105ce g\u0142osy kanclerz Merkel, artyku\u0142y ministra Sikorskiego i [&hellip;]<\/p>\n","protected":false},"author":4,"featured_media":0,"comment_status":"open","ping_status":"open","sticky":false,"template":"","format":"standard","meta":{"footnotes":""},"categories":[1],"tags":[],"_links":{"self":[{"href":"https:\/\/blog.polityka.pl\/passent\/wp-json\/wp\/v2\/posts\/602"}],"collection":[{"href":"https:\/\/blog.polityka.pl\/passent\/wp-json\/wp\/v2\/posts"}],"about":[{"href":"https:\/\/blog.polityka.pl\/passent\/wp-json\/wp\/v2\/types\/post"}],"author":[{"embeddable":true,"href":"https:\/\/blog.polityka.pl\/passent\/wp-json\/wp\/v2\/users\/4"}],"replies":[{"embeddable":true,"href":"https:\/\/blog.polityka.pl\/passent\/wp-json\/wp\/v2\/comments?post=602"}],"version-history":[{"count":0,"href":"https:\/\/blog.polityka.pl\/passent\/wp-json\/wp\/v2\/posts\/602\/revisions"}],"wp:attachment":[{"href":"https:\/\/blog.polityka.pl\/passent\/wp-json\/wp\/v2\/media?parent=602"}],"wp:term":[{"taxonomy":"category","embeddable":true,"href":"https:\/\/blog.polityka.pl\/passent\/wp-json\/wp\/v2\/categories?post=602"},{"taxonomy":"post_tag","embeddable":true,"href":"https:\/\/blog.polityka.pl\/passent\/wp-json\/wp\/v2\/tags?post=602"}],"curies":[{"name":"wp","href":"https:\/\/api.w.org\/{rel}","templated":true}]}}