
{"id":6024,"date":"2020-04-03T18:55:09","date_gmt":"2020-04-03T16:55:09","guid":{"rendered":"https:\/\/passent.blog.polityka.pl\/?p=6024"},"modified":"2020-04-03T19:15:26","modified_gmt":"2020-04-03T17:15:26","slug":"ponury-sen","status":"publish","type":"post","link":"https:\/\/blog.polityka.pl\/passent\/2020\/04\/03\/ponury-sen\/","title":{"rendered":"Ponury sen"},"content":{"rendered":"\n<p>Jeszcze kilka tygodni temu scena polityczna w Polsce wydawa\u0142a si\u0119 zabetonowana. Po kolejnych wygranych wyborach do Parlamentu Europejskiego, do parlamentu polskiego oraz do samorz\u0105d\u00f3w ob\u00f3z w\u0142adzy (Kaczy\u0144ski plus Ziobro i Gowin) m\u00f3g\u0142 \u015bwi\u0119towa\u0107, pozosta\u0142y ju\u017c tylko wybory prezydenckie z Dud\u0105 jako murowanym faworytem.<\/p>\n\n\n\n<!--more-->\n\n\n\n<p>Natomiast po stronie opozycji panowa\u0142a \u017ca\u0142oba. Platforma w g\u0142\u0119bokim kryzysie, Tusk na marginesie, Schetyna przegrany, Ma\u0142gorzata Kidawa-B\u0142o\u0144ska jako kandydatka w wyborach prezydenckich nie mia\u0142a wielkich szans, PSL i Konfederacja nie maj\u0105 kandydata na miar\u0119 drugiej tury. Wyznaczony przez prezydenta najwcze\u015bniejszy mo\u017cliwy termin 10 maja 2020 r. mia\u0142 pozwoli\u0107 Dudzie zdyskontowa\u0107 pomy\u015blne dla w\u0142adzy nastroje.<\/p>\n\n\n\n<p>A\u017c tu nagle, jak w z\u0142ej bajce, ziemia si\u0119 rozst\u0105pi\u0142a i pojawi\u0142o si\u0119 nieszcz\u0119\u015bcie. Pandemia \u015bmiertelnego wirusa coraz szybciej zmierza\u0142a z Chin do Europy, przybieraj\u0105c katastrofalne rozmiary, z ka\u017cdym dniem \u015bmier\u0107 zbiera wi\u0119ksze \u017cniwo. Coraz szybciej pog\u0142\u0119bia si\u0119 recesja gospodarcza, a 10 maja zbli\u017ca si\u0119 nieuchronnie. Coraz wi\u0119cej g\u0142os\u00f3w domaga\u0142o si\u0119 prze\u0142o\u017cenia terminu wybor\u00f3w, kt\u00f3rego Kaczy\u0144ski i Duda bronili jak niepodleg\u0142o\u015bci, podrzucaj\u0105c\u00a0coraz to\u00a0bardziej absurdalne pomys\u0142y.<\/p>\n\n\n\n<p>Podst\u0119pnie, w nocy, poza wszelkim trybem, do projektu ustawy o tzw. tarczy antykryzysowej, czyli o obronie spo\u0142ecze\u0144stwa, pracodawc\u00f3w i pracobiorc\u00f3w przed skutkami epidemii, PiS wtr\u0105ci\u0142 zmiany w ordynacji wyborczej, przewiduj\u0105ce mo\u017cliwo\u015b\u0107 g\u0142osowania korespondencyjnego dla os\u00f3b na kwarantannie lub powy\u017cej 60. roku \u017cycia. Po kilku dniach rz\u0105d zapowiedzia\u0142, \u017ce wprowadzi \u201edla dobra Polski\u201d wybory korespondencyjne dla wszystkich, \u201eoperatorem\u201d tego szalonego pomys\u0142u mia\u0142a by\u0107 Poczta Polska.<\/p>\n\n\n\n<p>Ka\u017cdego dnia coraz wi\u0119cej os\u00f3b umiera, z frontu walki z epidemi\u0105 nap\u0142ywaj\u0105 coraz bardziej alarmistyczne wie\u015bci (coraz wi\u0119cej ofiar, brak wszystkiego, a najgorsze dopiero przed nami), wi\u0119c termin 10 maja stawa\u0142 si\u0119 coraz bardziej ob\u0142\u0119dny. Wybory w czasie zakazu przebywania na ulicach, przy zamkni\u0119tych szko\u0142ach, bankrutuj\u0105cych przedsi\u0119biorstwach, przepe\u0142nionych szpitalach, czyli wybory\u00a0w warunkach chaosu, czyli szale\u0144stwo \u00e0 la Kaczy\u0144ski &#8211; to ju\u017c by\u0142o za du\u017co dla Jaros\u0142awa Gowina i jego niewielkiej partii Porozumienie oraz dla coraz wi\u0119kszej liczby obserwator\u00f3w w\u00a0kraju i za granic\u0105.<\/p>\n\n\n\n<p>2 kwietnia Gowin ponowi\u0142 sw\u00f3j sprzeciw wobec wybor\u00f3w 10 maja i wysun\u0105\u0142 \u201ekompromisow\u0105\u201d propozycj\u0119, czyli przed\u0142u\u017cenie kadencji urz\u0119duj\u0105cego prezydenta\u00a0o\u00a0dwa lata, bez prawa do reelekcji. Oznacza\u0142oby to wa\u017cn\u0105 ustrojow\u0105 zmian\u0119 w konstytucji, uchwalon\u0105 na \u0142apu-capu, pod potrzeby rz\u0105dz\u0105cej prawicy, poza wszelkim\u00a0trybem. Pomys\u0142 z g\u00f3ry skazany na niepowodzenie, bo brak wystarczaj\u0105cej wi\u0119kszo\u015bci dw\u00f3ch trzecich g\u0142os\u00f3w w Sejmie.<\/p>\n\n\n\n<p>Na stole jest jeszcze propozycja Koalicji Obywatelskiej \u2013 og\u0142oszenie stanu kl\u0119ski \u017cywio\u0142owej, kt\u00f3ry mo\u017ce by\u0107 przed\u0142u\u017cany co trzy miesi\u0105ce, a wybory nie mog\u0105 odby\u0107 si\u0119 wcze\u015bniej ni\u017c trzy miesi\u0105ce po jego ustaniu. Zalety dla w\u0142adzy: mo\u017ce nadal rz\u0105dzi\u0107 zgodnie z konstytucj\u0105. Zalety dla opozycji, a moim zdaniem dla nas wszystkich \u2013 pozwala skupi\u0107 wszystkie si\u0142y na walce z zaraz\u0105, koniec z fars\u0105 obrony terminu 10 maja i wybor\u00f3w \u201epocztowych\u201d.<\/p>\n\n\n\n<p>Na wybory przyjdzie czas. To, co dzieje si\u0119 teraz, to wstyd. Ludzie umieraj\u0105, a politycy odwracaj\u0105 si\u0119 w drug\u0105 stron\u0119, tam, gdzie\u00a0siedzi genialny strateg.<\/p>\n","protected":false},"excerpt":{"rendered":"<p>Jeszcze kilka tygodni temu scena polityczna w Polsce wydawa\u0142a si\u0119 zabetonowana. Po kolejnych wygranych wyborach do Parlamentu Europejskiego, do parlamentu polskiego oraz do samorz\u0105d\u00f3w ob\u00f3z w\u0142adzy (Kaczy\u0144ski plus Ziobro i Gowin) m\u00f3g\u0142 \u015bwi\u0119towa\u0107, pozosta\u0142y ju\u017c tylko wybory prezydenckie z Dud\u0105 jako murowanym faworytem.<\/p>\n","protected":false},"author":4,"featured_media":6029,"comment_status":"open","ping_status":"closed","sticky":false,"template":"","format":"standard","meta":{"footnotes":""},"categories":[1],"tags":[],"_links":{"self":[{"href":"https:\/\/blog.polityka.pl\/passent\/wp-json\/wp\/v2\/posts\/6024"}],"collection":[{"href":"https:\/\/blog.polityka.pl\/passent\/wp-json\/wp\/v2\/posts"}],"about":[{"href":"https:\/\/blog.polityka.pl\/passent\/wp-json\/wp\/v2\/types\/post"}],"author":[{"embeddable":true,"href":"https:\/\/blog.polityka.pl\/passent\/wp-json\/wp\/v2\/users\/4"}],"replies":[{"embeddable":true,"href":"https:\/\/blog.polityka.pl\/passent\/wp-json\/wp\/v2\/comments?post=6024"}],"version-history":[{"count":4,"href":"https:\/\/blog.polityka.pl\/passent\/wp-json\/wp\/v2\/posts\/6024\/revisions"}],"predecessor-version":[{"id":6028,"href":"https:\/\/blog.polityka.pl\/passent\/wp-json\/wp\/v2\/posts\/6024\/revisions\/6028"}],"wp:featuredmedia":[{"embeddable":true,"href":"https:\/\/blog.polityka.pl\/passent\/wp-json\/wp\/v2\/media\/6029"}],"wp:attachment":[{"href":"https:\/\/blog.polityka.pl\/passent\/wp-json\/wp\/v2\/media?parent=6024"}],"wp:term":[{"taxonomy":"category","embeddable":true,"href":"https:\/\/blog.polityka.pl\/passent\/wp-json\/wp\/v2\/categories?post=6024"},{"taxonomy":"post_tag","embeddable":true,"href":"https:\/\/blog.polityka.pl\/passent\/wp-json\/wp\/v2\/tags?post=6024"}],"curies":[{"name":"wp","href":"https:\/\/api.w.org\/{rel}","templated":true}]}}