
{"id":6038,"date":"2020-04-10T12:39:48","date_gmt":"2020-04-10T10:39:48","guid":{"rendered":"https:\/\/passent.blog.polityka.pl\/?p=6038"},"modified":"2020-04-10T12:50:03","modified_gmt":"2020-04-10T10:50:03","slug":"gorzki-piatek","status":"publish","type":"post","link":"https:\/\/blog.polityka.pl\/passent\/2020\/04\/10\/gorzki-piatek\/","title":{"rendered":"Gorzki pi\u0105tek"},"content":{"rendered":"\n<p>Dzisiaj 10. rocznica katastrofy smole\u0144skiej. Czy Pa\u0144stwo wiedz\u0105, dlaczego polska delegacja nie pojecha\u0142a\u00a0tam, gdzie zgin\u0105\u0142 najwybitniejszy \u2013 zdaniem niekt\u00f3rych \u2013 prezydent Polski wraz z ma\u0142\u017conk\u0105 i kwiatem \u00f3wczesnej elity w\u0142adzy, \u00f3wczesnej polityki, kultury, wojska?<\/p>\n\n\n\n<!--more-->\n\n\n\n<p>Dla mnie to jest niepoj\u0119te. 10 lat PiS podsyca\u0142 religi\u0119 smole\u0144sk\u0105, oskar\u017ca\u0142 swoich rywali, \u201ezdradzieckie mordy\u201d, o morderstwo, latami urz\u0105dza\u0142 seanse\u00a0nienawi\u015bci zwane\u00a0miesi\u0119cznicami, \u017c\u0105da\u0142 prawdy, wraku, czarnych skrzynek.<\/p>\n\n\n\n<p>I co? Po pi\u0119ciu latach rz\u0105d\u00f3w PiS, po s\u0142ynnym powstaniu z kolan, nie mamy wraku, nie mamy orygina\u0142\u00f3w skrzynek, nie mamy prawdy innej, ni\u017c ustali\u0142a komisja Millera, bo chyba nikt w teorie wybuch\u00f3w nie wierzy, jeden z jej g\u0142\u00f3wnych autorytet\u00f3w czmychn\u0105\u0142 do Stan\u00f3w, a Macierewicza razem z jego wybuchami ma\u0142o kto traktuje powa\u017cnie.<\/p>\n\n\n\n<p>Ma\u0142o tego! W okr\u0105g\u0142\u0105 rocznic\u0119 z Polski nie pojecha\u0142 nikt! Gdyby tak post\u0105pi\u0142 rz\u0105d Tuska albo Millera, rozleg\u0142oby si\u0119 wycie: zdrajcy, tch\u00f3rze, targowica!<\/p>\n\n\n\n<p>Dlaczego Jaros\u0142aw i rz\u0105d nie powiedz\u0105, z jakiego powodu Polska jest dzi\u015b nieobecna pod Smole\u0144skiem? Przecie\u017c wybiera\u0142 si\u0119 sam premier i jego prze\u0142o\u017cony \u2013 zwyk\u0142y pose\u0142. M\u00f3wi si\u0119 nam tylko, \u017ce strona rosyjska nie zagwarantowa\u0142a czego\u015b na pi\u015bmie. Na mi\u0142o\u015b\u0107 bosk\u0105 &#8211; czego?<\/p>\n\n\n\n<p>Czy\u017cby chodzi\u0142o o pandemonium i kwarantann\u0119, najpierw, powiedzmy, w Witebsku, a potem w Warszawie? Je\u017celi polski premier nie ma na to czasu, co w czasie pandemonium jest zrozumia\u0142e, to dlaczego\u00a0nie m\u00f3g\u0142 polecie\u0107 wysoki rang\u0105 polityk, np. minister Suski, kt\u00f3rego nieobecno\u015bci w Polsce nikt by nie zauwa\u017cy\u0142, albo europose\u0142 Bielan, kt\u00f3ry nie raz pe\u0142ni\u0142 delikatne misje, m\u00f3g\u0142 polecie\u0107 szef IPN,\u00a0genera\u0142 albo inna znakomito\u015b\u0107.<\/p>\n\n\n\n<p>Sta\u0142o si\u0119 inaczej \u2013 Polski dzi\u015b w Smole\u0144sku nie ma i nie wiadomo, dlaczego.<\/p>\n\n\n\n<p>Sprawa druga. Wed\u0142ug propagandy rz\u0105dowej prezydent Duda uruchomi\u0142 most powietrzny Chiny\u2013Polska. Ju\u017c od pewnego czasu zapowiadano, \u017ce w Polsce wyl\u0105duje \u201enajwi\u0119kszy samolot na \u015bwiecie\u201d, kt\u00f3ry przywiezie z Chin sprz\u0119t medyczny do walki z pandemi\u0105. I rzeczywi\u015bcie, we Wroc\u0142awiu wyl\u0105dowa\u0142 gigantyczny samolot Antonow Rus\u0142an (AN-124), d\u0142ugi na 80 m, taki\u00a0do przewozu d\u017awig\u00f3w, pomnik\u00f3w, czo\u0142g\u00f3w i innych \u0142adunk\u00f3w ponadgabarytowych. Przywi\u00f3z\u0142 m.in. 180 tys. kombinezon\u00f3w, 50 tys. par gogli, 1 mln par r\u0119kawiczek i inne dobra warto\u015bci 25 mln euro. Przed nami nast\u0119pna, wi\u0119ksza transakcja, w tym 300 tys. korea\u0144skich test\u00f3w genetycznych. Wszystko to musi kosztowa\u0107 krocie, bo s\u0105 to jak zwykle zakupy \u201elast minute\u201d.<\/p>\n\n\n\n<p>Duma z powodu l\u0105dowania najwi\u0119kszego samolotu nie mo\u017ce przes\u0142oni\u0107 dw\u00f3ch refleksji: dlaczego w takiej chwili musz\u0105 to by\u0107 kraje autorytarne? Imperialistyczna, putinowska Rosja (samoloty) i \u201eczerwona China\u201d (jak mawiano przed wojn\u0105). Osobi\u015bcie bardzo si\u0119 z tego ciesz\u0119, gdy\u017c dobre uczynki, cho\u0107by za ci\u0119\u017ckie pieni\u0105dze, stanowi\u0105 krok ku normalizacji. Dobrze,\u00a0\u017ce Polska ma u kogo kupi\u0107 niezb\u0119dny sprz\u0119t \u2013 szkoda, \u017ce tak p\u00f3\u017ano. Ale na rozliczenia przyjdzie czas po pandemii.<\/p>\n\n\n\n<p>Wczoraj min\u0119\u0142a 10. rocznica pogrzebu Krzysztofa Teodora Toeplitza po jego przedwczesnej \u015bmierci \u2013 wybitnego krytyka filmowego, eseisty, scenarzysty (m.in. \u201eCzterdziestolatek\u201d), felietonisty, redaktora i wsp\u00f3\u0142pracownika wielu czasopism, w tym &#8222;Polityki&#8221;. Krzysztof by\u0142 godnym kontynuatorem zas\u0142ug rodu Toeplitz\u00f3w dla Polski i dla W\u0142och. Krzysztof, ja i nasze rodziny byli\u015bmy\u00a0bardzo zaprzyja\u017anieni. Dzisiaj szalenie brak jego publicystyki. Niekt\u00f3rzy uczestnicy Jego pogrzebu (Jerzy Szmajdzi\u0144ski, Izabela Jaruga-Nowacka, Jolanta Szymanek-Deresz) nazajutrz zgin\u0119li w katastrofie smole\u0144skiej. Krzysiu, nigdy Ci\u0119 nie zapomn\u0119.<\/p>\n","protected":false},"excerpt":{"rendered":"<p>Dzisiaj 10. rocznica katastrofy smole\u0144skiej. Czy Pa\u0144stwo wiedz\u0105, dlaczego polska delegacja nie pojecha\u0142a\u00a0tam, gdzie zgin\u0105\u0142 najwybitniejszy \u2013 zdaniem niekt\u00f3rych \u2013 prezydent Polski wraz z ma\u0142\u017conk\u0105 i kwiatem \u00f3wczesnej elity w\u0142adzy, \u00f3wczesnej polityki, kultury, wojska?<\/p>\n","protected":false},"author":4,"featured_media":6041,"comment_status":"open","ping_status":"closed","sticky":false,"template":"","format":"standard","meta":{"footnotes":""},"categories":[1],"tags":[],"_links":{"self":[{"href":"https:\/\/blog.polityka.pl\/passent\/wp-json\/wp\/v2\/posts\/6038"}],"collection":[{"href":"https:\/\/blog.polityka.pl\/passent\/wp-json\/wp\/v2\/posts"}],"about":[{"href":"https:\/\/blog.polityka.pl\/passent\/wp-json\/wp\/v2\/types\/post"}],"author":[{"embeddable":true,"href":"https:\/\/blog.polityka.pl\/passent\/wp-json\/wp\/v2\/users\/4"}],"replies":[{"embeddable":true,"href":"https:\/\/blog.polityka.pl\/passent\/wp-json\/wp\/v2\/comments?post=6038"}],"version-history":[{"count":2,"href":"https:\/\/blog.polityka.pl\/passent\/wp-json\/wp\/v2\/posts\/6038\/revisions"}],"predecessor-version":[{"id":6040,"href":"https:\/\/blog.polityka.pl\/passent\/wp-json\/wp\/v2\/posts\/6038\/revisions\/6040"}],"wp:featuredmedia":[{"embeddable":true,"href":"https:\/\/blog.polityka.pl\/passent\/wp-json\/wp\/v2\/media\/6041"}],"wp:attachment":[{"href":"https:\/\/blog.polityka.pl\/passent\/wp-json\/wp\/v2\/media?parent=6038"}],"wp:term":[{"taxonomy":"category","embeddable":true,"href":"https:\/\/blog.polityka.pl\/passent\/wp-json\/wp\/v2\/categories?post=6038"},{"taxonomy":"post_tag","embeddable":true,"href":"https:\/\/blog.polityka.pl\/passent\/wp-json\/wp\/v2\/tags?post=6038"}],"curies":[{"name":"wp","href":"https:\/\/api.w.org\/{rel}","templated":true}]}}