
{"id":6043,"date":"2020-04-13T23:19:33","date_gmt":"2020-04-13T21:19:33","guid":{"rendered":"https:\/\/passent.blog.polityka.pl\/?p=6043"},"modified":"2020-04-13T23:22:00","modified_gmt":"2020-04-13T21:22:00","slug":"w-areszcie-epidemicznym","status":"publish","type":"post","link":"https:\/\/blog.polityka.pl\/passent\/2020\/04\/13\/w-areszcie-epidemicznym\/","title":{"rendered":"W areszcie epidemicznym"},"content":{"rendered":"\n<p>W\u0142adza kpi z nas na pot\u0119g\u0119, pokazuje nam jeden wielki paluch Lichockiej. I to nie od dzisiaj. Pami\u0119tacie, jak odebrali&nbsp;Warszawie pl. Pi\u0142sudskiego? Rzekomo z powodu bezpiecze\u0144stwa kraju, a faktycznie po to, \u017ceby&nbsp;m\u00f3c stawia\u0107 na nim swoje pomniki i odprawia\u0107 swoje ceremonie.<\/p>\n\n\n\n<!--more-->\n\n\n\n<p>Swoje, bo czym\u017ce innym by\u0142a pisowska uroczysto\u015b\u0107 w rocznic\u0119 Smole\u0144ska\u00a0pod pomnikiem prezydenta prof. Lecha Kaczy\u0144skiego? Albo Kaczy\u0144ski\u00a0by\u0142 wielkim prezydentem wszystkich Polek i Polak\u00f3w, to wtedy urz\u0105dza si\u0119 uroczysto\u015b\u0107 pa\u0144stwow\u0105 z udzia\u0142em przedstawicieli wszystkich, albo nie chcemy ludzi dra\u017cni\u0107 w czasie pandemii i robimy sobie prywatne spotkanie, nasze, w\u0142asne,\u00a0partyjne.<\/p>\n\n\n\n<p>Na dodatek pierwszy sort\u00a0pokaza\u0142, gdzie ma swoje w\u0142asne i swojego rz\u0105du apele, by zachowa\u0107 wymagan\u0105 odleg\u0142o\u015b\u0107\u00a0mi\u0119dzy lud\u017ami (wszak to s\u0105 w ko\u0144cu te\u017c ludzie). Poniewa\u017c nie s\u0105 w ciemi\u0119 bici, istnieje powa\u017cne prawdopodobie\u0144stwo, \u017ce wszyscy maj\u0105 wykonane testy\u00a0na Nowogrodzkiej lub gdzie indziej. Gdyby\u015bmy mieli parlament z prawdziwego zdarzenia,\u00a0premier ju\u017c by odpowiada\u0142 na pytanie,\u00a0czy cz\u0142onkowie rz\u0105du i nomenklatura, w tym krewni,\u00a0mieli testy wykonane poza kolejno\u015bci\u0105. Tak czy nie? Zgromadzenie pod pomnikiem by\u0142o pokazem arogancji i bezczelno\u015bci: prezydent by\u0142 nasz, plac jest nasz,\u00a0pomnik jest nasz, test na wirusa jest nasz, a wam \u2013 wara od tego.<\/p>\n\n\n\n<p>Wjazd Jaros\u0142awa Kaczy\u0144skiego na zamkni\u0119ty Cmentarz Pow\u0105zkowski jest aktem podobnej hucpy. Chodz\u0119 na ten cmentarz, gdzie mie\u015bci si\u0119&nbsp;gr\u00f3b rodziny i groby przyjaci\u00f3\u0142, od 1957 r., ka\u017cdego 18 kwietnia i 7 lipca, w rocznice dla mnie wa\u017cne, nie m\u00f3wi\u0105c o Dniu Zmar\u0142ych,&nbsp;i nie pami\u0119tam, \u017ceby cmentarz by\u0142 zamkni\u0119ty dla wszystkich z wyj\u0105tkiem jednej persony.<\/p>\n\n\n\n<p>Gadanina, \u017ce JK mia\u0142 pozwolenie od zarz\u0105du cmentarza, jest kpin\u0105. A je\u017celi ju\u017c, to skoro prezes nie m\u00f3g\u0142 przej\u015b\u0107&nbsp;tego kawa\u0142ka&nbsp;pieszo z powodu chorego kolana, to m\u00f3g\u0142&nbsp;si\u0119 przesi\u0105\u015b\u0107 na w\u00f3zek inwalidzki albo na meleksa, jak to si\u0119 dzieje na lotniskach, cmentarzach czy w muzeach na \u015bwiecie. Panie Prezesie, jak Panu nie wstyd? Je\u017celi to jest ta skromno\u015b\u0107, to ja dzi\u0119kuj\u0119. Je\u017celi w sobot\u0119 18 kwietnia nie wpuszcz\u0105 mnie na cmentarz (jeszcze pieszo, ale z trudem), to czy Pan mi pomo\u017ce?<\/p>\n\n\n\n<p>Ukoronowaniem tej&nbsp;arogancji i braku zasad maj\u0105 by\u0107 wybory 10 maja. Bez kampanii, bez przestrzegania prawa wyborczego, w trakcie potwornej epidemii, kiedy wszyscy siedzimy w \u201eareszcie epidemicznym\u201d, <em>per fas et nefas<\/em>,&nbsp;tak jak na pl. Pi\u0142sudskiego i na Cmentarzu Pow\u0105zkowskim, PiS b\u0119dzie sobie wybiera\u0142 prezydenta.<\/p>\n","protected":false},"excerpt":{"rendered":"<p>W\u0142adza kpi z nas na pot\u0119g\u0119, pokazuje nam jeden wielki paluch Lichockiej. I to nie od dzisiaj. Pami\u0119tacie, jak odebrali&nbsp;Warszawie pl. Pi\u0142sudskiego? Rzekomo z powodu bezpiecze\u0144stwa kraju, a faktycznie po to, \u017ceby&nbsp;m\u00f3c stawia\u0107 na nim swoje pomniki i odprawia\u0107 swoje ceremonie.<\/p>\n","protected":false},"author":4,"featured_media":6044,"comment_status":"open","ping_status":"closed","sticky":false,"template":"","format":"standard","meta":{"footnotes":""},"categories":[1],"tags":[],"_links":{"self":[{"href":"https:\/\/blog.polityka.pl\/passent\/wp-json\/wp\/v2\/posts\/6043"}],"collection":[{"href":"https:\/\/blog.polityka.pl\/passent\/wp-json\/wp\/v2\/posts"}],"about":[{"href":"https:\/\/blog.polityka.pl\/passent\/wp-json\/wp\/v2\/types\/post"}],"author":[{"embeddable":true,"href":"https:\/\/blog.polityka.pl\/passent\/wp-json\/wp\/v2\/users\/4"}],"replies":[{"embeddable":true,"href":"https:\/\/blog.polityka.pl\/passent\/wp-json\/wp\/v2\/comments?post=6043"}],"version-history":[{"count":3,"href":"https:\/\/blog.polityka.pl\/passent\/wp-json\/wp\/v2\/posts\/6043\/revisions"}],"predecessor-version":[{"id":6047,"href":"https:\/\/blog.polityka.pl\/passent\/wp-json\/wp\/v2\/posts\/6043\/revisions\/6047"}],"wp:featuredmedia":[{"embeddable":true,"href":"https:\/\/blog.polityka.pl\/passent\/wp-json\/wp\/v2\/media\/6044"}],"wp:attachment":[{"href":"https:\/\/blog.polityka.pl\/passent\/wp-json\/wp\/v2\/media?parent=6043"}],"wp:term":[{"taxonomy":"category","embeddable":true,"href":"https:\/\/blog.polityka.pl\/passent\/wp-json\/wp\/v2\/categories?post=6043"},{"taxonomy":"post_tag","embeddable":true,"href":"https:\/\/blog.polityka.pl\/passent\/wp-json\/wp\/v2\/tags?post=6043"}],"curies":[{"name":"wp","href":"https:\/\/api.w.org\/{rel}","templated":true}]}}