
{"id":6049,"date":"2020-04-17T20:32:59","date_gmt":"2020-04-17T18:32:59","guid":{"rendered":"https:\/\/passent.blog.polityka.pl\/?p=6049"},"modified":"2020-04-17T21:35:28","modified_gmt":"2020-04-17T19:35:28","slug":"rekord-guinessa","status":"publish","type":"post","link":"https:\/\/blog.polityka.pl\/passent\/2020\/04\/17\/rekord-guinessa\/","title":{"rendered":"Rekord Guinnessa"},"content":{"rendered":"\n<p>Tegoroczne wybory prezydenckie (o ile si\u0119 odb\u0119d\u0105) przejd\u0105 do historii i trafi\u0105 do ksi\u0119gi Guinnessa, jak r\u00f3wnie\u017c do skarbnicy nonsens\u00f3w. Na pewno nie przysporz\u0105 nam chwa\u0142y i niech\u0119tni nam b\u0119d\u0105 m\u00f3wi\u0107 o \u201epolskich wyborach\u201d podobnie jak\u00a0m\u00f3wi\u0105 o \u201epolnische Wirtschaft\u201d.<\/p>\n\n\n\n<!--more-->\n\n\n\n<p>Na trzy tygodnie przed wyborami nie jest znany ich dok\u0142adny termin, a w\u0142adza manipuluje nim, jak chce. Najpierw urz\u0119duj\u0105cy prezydent (i kandydat do reelekcji) ustala termin dla siebie najwygodniejszy, do czego ma pe\u0142ne prawo. Wybiera pierwsz\u0105 mo\u017cliw\u0105 dat\u0119 10 maja, poniewa\u017c on i (rz\u0105d)\u00a0ma dobre notowania, cieszy si\u0119 wysokim poparciem, a kandydaci opozycji s\u0105 s\u0142abi, nie ma wi\u0119c na co czeka\u0107, tym bardziej \u017ce na horyzoncie czai si\u0119 epidemia, pocz\u0105tkowo zreszt\u0105 przez polskie w\u0142adze niedoceniana, premier i minister zdrowia zapewniali,\u00a0\u017ce jeste\u015bmy dobrze przygotowani, mamy rezerwy i procedury, nie oddamy ani guzika. Trzeba tylko, jak zwykle w czasie kataklizmu, skupi\u0107 si\u0119 wok\u00f3\u0142 partii i rz\u0105du. To nie jest czas na zmian\u0119 w\u0142adzy \u2013 nie zmienia si\u0119 konia w trakcie przeprawy.<\/p>\n\n\n\n<p>Kontredans wyborczy jednak trwa\u0142, pojawi\u0142a si\u0119 lansowana przez w\u0142adz\u0119 koncepcja wybor\u00f3w korespondencyjnych, najpierw niestrawna, bo po\u0142owiczna \u2013 osoby niepe\u0142nosprawne i powy\u017cej 60. roku \u017cycia mog\u0142yby g\u0142osowa\u0107 korespondencyjnie, a pozosta\u0142e w lokalach wyborczych. (MSZ ju\u017c uzna\u0142, \u017ce w tym terminie wybory korespondencyjne dla Polonii za granic\u0105 b\u0119d\u0105 niemo\u017cliwe). Rz\u0105d mimo wszystko trwa\u0142 przy powszechnych wyborach korespondencyjnych, przeprowadzonych przez Poczt\u0119 Polsk\u0105 \u00a0(75 tys. pracownik\u00f3w), kt\u00f3ra przej\u0119\u0142aby rol\u0119 komisji wyborczej. Prezesem Poczty mianowano by\u0142ego wiceministra obrony (!),\u00a0a jego nadzorc\u0105 jest minister i wicepremier Jacek Sasin.<\/p>\n\n\n\n<p>Wybory przesta\u0142yby by\u0107 organizowane przez niezale\u017cn\u0105 Pa\u0144stwow\u0105 Komisj\u0119 Wyborcz\u0105, a jej rol\u0119 przy pomocy poczty przej\u0105\u0142by rz\u0105d. Wszystko to jest wbrew prawu, kt\u00f3re zabrania manipulacji przy prawie wyborczym na p\u00f3\u0142 roku przed terminem wybor\u00f3w.<\/p>\n\n\n\n<p>Oddzielny rozdzia\u0142 stanowi propozycja Porozumienia Jaros\u0142awa Gowina: zmiana w konstytucji, przed\u0142u\u017cenie kadencji prezydenta do siedmiu lat, tak aby kadencja Dudy i nast\u0119pnych prezydent\u00f3w trwa\u0142a\u00a0siedem lat, Duda pozosta\u0142by na urz\u0119dzie jeszcze dwa lata (bez prawa reelekcji), a za dwa lata \u2013 wybory. Propozycj\u0119 t\u0119 popar\u0142 PiS \u2013 jest to wi\u0119c stanowisko obozu w\u0142adzy.<\/p>\n\n\n\n<p>Co wi\u0119cej, faktycznie wspar\u0142 j\u0105 swoim autorytetem minister zdrowia prof. Szumowski, m\u00f3wi\u0105c, \u017ce \u201enormalne\u201d wybory b\u0119d\u0105 mo\u017cliwe za dwa lata, a powszechne wybory korespondencyjne\u00a0s\u0105 w miar\u0119 bezpieczne.<\/p>\n\n\n\n<p>Moim zdaniem siedem lat to kadencja zbyt d\u0142uga, zw\u0142aszcza gdy trafi si\u0119 kto\u015b \u2013 delikatnie pisz\u0105c \u2013 nieodpowiedni. Nie mo\u017cna zmienia\u0107 konstytucji tylko dlatego, \u017ce w\u0142adza boi si\u0119 wybor\u00f3w, bo to jej lub nast\u0119pcom\u00a0wejdzie w krew. R\u00f3wnie\u017c koncepcja \u201eincydentalnej\u201d (jednorazowej) ustawy niezgodnej z konstytucj\u0105 jest nie do obrony. Jest z tego kontredansa rozs\u0105dne wyj\u015bcie: prezydent (czy rz\u0105d?) og\u0142asza stan kl\u0119ski \u017cywio\u0142owej (kt\u00f3r\u0105 wszak mamy), kt\u00f3r\u0105 mo\u017cna przed\u0142u\u017cy\u0107, a w czasie jej obowi\u0105zywania \u2013 og\u0142osi\u0107 termin wybor\u00f3w prezydenckich. \u017badnych manipulacji przy konstytucji.<\/p>\n\n\n\n<p><strong>Zaproszenie<\/strong><br>\u201eGo\u015bcie Passenta\u201d wracaj\u0105 na anten\u0119 TOK FM. W niedziel\u0119 19 kwietnia o godz. 10:05 b\u0119d\u0105 nimi pan Cezary Stypu\u0142kowski (prezes mBanku, znany bankowiec i finansista) oraz pani Joanna Solska (publicystka ekonomiczna &#8222;Polityki&#8221;).\u00a0Do us\u0142yszenia!<\/p>\n","protected":false},"excerpt":{"rendered":"<p>Tegoroczne wybory prezydenckie (o ile si\u0119 odb\u0119d\u0105) przejd\u0105 do historii i trafi\u0105 do ksi\u0119gi Guinnessa, jak r\u00f3wnie\u017c do skarbnicy nonsens\u00f3w. Na pewno nie przysporz\u0105 nam chwa\u0142y i niech\u0119tni nam b\u0119d\u0105 m\u00f3wi\u0107 o \u201epolskich wyborach\u201d podobnie jak\u00a0m\u00f3wi\u0105 o \u201epolnische Wirtschaft\u201d.<\/p>\n","protected":false},"author":4,"featured_media":6054,"comment_status":"open","ping_status":"closed","sticky":false,"template":"","format":"standard","meta":{"footnotes":""},"categories":[1],"tags":[],"_links":{"self":[{"href":"https:\/\/blog.polityka.pl\/passent\/wp-json\/wp\/v2\/posts\/6049"}],"collection":[{"href":"https:\/\/blog.polityka.pl\/passent\/wp-json\/wp\/v2\/posts"}],"about":[{"href":"https:\/\/blog.polityka.pl\/passent\/wp-json\/wp\/v2\/types\/post"}],"author":[{"embeddable":true,"href":"https:\/\/blog.polityka.pl\/passent\/wp-json\/wp\/v2\/users\/4"}],"replies":[{"embeddable":true,"href":"https:\/\/blog.polityka.pl\/passent\/wp-json\/wp\/v2\/comments?post=6049"}],"version-history":[{"count":4,"href":"https:\/\/blog.polityka.pl\/passent\/wp-json\/wp\/v2\/posts\/6049\/revisions"}],"predecessor-version":[{"id":6053,"href":"https:\/\/blog.polityka.pl\/passent\/wp-json\/wp\/v2\/posts\/6049\/revisions\/6053"}],"wp:featuredmedia":[{"embeddable":true,"href":"https:\/\/blog.polityka.pl\/passent\/wp-json\/wp\/v2\/media\/6054"}],"wp:attachment":[{"href":"https:\/\/blog.polityka.pl\/passent\/wp-json\/wp\/v2\/media?parent=6049"}],"wp:term":[{"taxonomy":"category","embeddable":true,"href":"https:\/\/blog.polityka.pl\/passent\/wp-json\/wp\/v2\/categories?post=6049"},{"taxonomy":"post_tag","embeddable":true,"href":"https:\/\/blog.polityka.pl\/passent\/wp-json\/wp\/v2\/tags?post=6049"}],"curies":[{"name":"wp","href":"https:\/\/api.w.org\/{rel}","templated":true}]}}