
{"id":6055,"date":"2020-04-21T20:03:50","date_gmt":"2020-04-21T18:03:50","guid":{"rendered":"https:\/\/passent.blog.polityka.pl\/?p=6055"},"modified":"2020-04-22T11:01:21","modified_gmt":"2020-04-22T09:01:21","slug":"glosowac-czy-bojkotowac","status":"publish","type":"post","link":"https:\/\/blog.polityka.pl\/passent\/2020\/04\/21\/glosowac-czy-bojkotowac\/","title":{"rendered":"G\u0142osowa\u0107 czy bojkotowa\u0107?"},"content":{"rendered":"\n<p>Oto niekt\u00f3re argumenty, jakie unosz\u0105 si\u0119 w powietrzu.<\/p>\n\n\n\n<!--more-->\n\n\n\n<p>Bojkotuj\u0105c pocztowe, korespondencyjne wybory, przede wszystkim post\u0119pujesz przyzwoicie.&nbsp;Nie przy\u0142o\u017cy\u0142e\u015b r\u0119ki do wybor\u00f3w, w sprawie kt\u00f3rych z\u0142amano obowi\u0105zuj\u0105ce terminy, dokonano ograbienia Pa\u0144stwowej Komisji Wyborczej z jej konstytucyjnych uprawie\u0144, wybory odebrano w\u0142adzy s\u0105downiczej i oddano w pacht urz\u0119dowi pa\u0144stwowemu, na czele kt\u00f3rego postawiono zaufanego urz\u0119dnika z Ministerstwa Obrony Narodowej,&nbsp;uniemo\u017cliwiono kampani\u0119, pozostawiaj\u0105c j\u0105 jedynie urz\u0119duj\u0105cemu prezydentowi, zlekcewa\u017cono liczne ostrze\u017cenia przed naruszeniem zasad wybor\u00f3w wolnych, powszechnych, tajnych, przygotowywano je i&nbsp;anga\u017cowano \u015brodki pa\u0144stwowe, zanim parlament zdecydowa\u0142 o trybie i terminie wybor\u00f3w.<\/p>\n\n\n\n<p>Ponadto bojkotuj\u0105c wybory, obni\u017casz frekwencj\u0119, pokazujesz \u015bwiatu, jaka znikoma cz\u0119\u015b\u0107 spo\u0142ecze\u0144stwa traktuje fars\u0119 wyborcz\u0105 powa\u017cnie, odbierasz nast\u0119pnemu prezydentowi prawo do powo\u0142ywania si\u0119 na wi\u0119kszo\u015b\u0107 narodu, cho\u0107 on i tak na ka\u017cdym kroku m\u00f3wi \u201eja jako prezydent\u201d i zapowiada obron\u0119 500 plus oraz skr\u00f3conego wieku emerytalnego, czego nikt (niestety) nie kwestionuje.<\/p>\n\n\n\n<p>G\u0142osuj\u0105c w wyborach, dajesz kandydatom opozycji przynajmniej szans\u0119 wygranej albo cho\u0107by pokazania jej istnienia, r\u00f3\u017cnorodno\u015bci i si\u0142y. G\u0142osuj\u0105c w wyborach, inwestujesz w swojego kandydata(-tk\u0119), kt\u00f3ry tym&nbsp;razem mo\u017ce si\u0119 zaznaczy\u0107 i zgromadzi\u0107 kapita\u0142 na kolejne wybory.<\/p>\n\n\n\n<p>To samo dotyczy partii politycznych \u2013 bojkotuj\u0105c wybory, skazujesz \u201etwoj\u0105\u201d parti\u0119 na los ugrupowania marginalnego i umacniasz wiod\u0105c\u0105 rol\u0119 jednej partii.&nbsp;G\u0142osuj\u0105c, wspierasz swoj\u0105 parti\u0119. Bojkotuj\u0105c \u2013 g\u0142osujesz na PiS. W przysz\u0142o\u015bci b\u0119dziesz mog\u0142a (m\u00f3g\u0142) powiedzie\u0107, \u017ce nie sta\u0142a\u015b z boku, nie opu\u015bci\u0142a\u015b r\u0105k, wys\u0142a\u0142e\u015b jasny sygna\u0142, i\u017c nie popierasz obecnej marionetki. Pokazujesz, \u017ce Polska nie jest pustyni\u0105, na kt\u00f3rej liczy si\u0119 tylko jedna partia, jeden w\u00f3dz. G\u0142osuj\u0105c, sprawiasz, \u017ce nast\u0119pnym razem tw\u00f3j kandydat (partia) nie b\u0119dzie startowa\u0142a od zera, przygotowujesz swojej partii lepsze starty w przysz\u0142o\u015bci.&nbsp;Pokazujesz, \u017ce mimo wysi\u0142k\u00f3w rz\u0105dowej machiny medialnej&nbsp;Polska to nie tylko Duda i PiS. To nie tylko kraina absurd\u00f3w, w kt\u00f3rej urz\u0119duj\u0105cy prezydent obiecuje coraz wy\u017csz\u0105 p\u0142ac\u0119 za coraz kr\u00f3tsz\u0105 prac\u0119. Nie akceptujesz miliard\u00f3w na rz\u0105dow\u0105 propagand\u0119 i dramatyczne wo\u0142anie o maseczki.<\/p>\n\n\n\n<p>Wyb\u00f3r nale\u017cy do ciebie.<\/p>\n\n\n\n<p><strong>Zaproszenie<\/strong><br>Zbigniew Ho\u0142dys (muzyk, poeta, publicysta, cz\u0142owiek wielu talent\u00f3w) oraz dr Anna Materska-Sosnowska &#8211; politilo\u017cka (UW) b\u0119d\u0105 naszymi go\u015b\u0107mi w TOK FM w niedziel\u0119 26 kwietnia o godz. 10:05. Przybywajcie!<\/p>\n","protected":false},"excerpt":{"rendered":"<p>Oto niekt\u00f3re argumenty, jakie unosz\u0105 si\u0119 w powietrzu.<\/p>\n","protected":false},"author":4,"featured_media":6059,"comment_status":"open","ping_status":"closed","sticky":false,"template":"","format":"standard","meta":{"footnotes":""},"categories":[1],"tags":[],"_links":{"self":[{"href":"https:\/\/blog.polityka.pl\/passent\/wp-json\/wp\/v2\/posts\/6055"}],"collection":[{"href":"https:\/\/blog.polityka.pl\/passent\/wp-json\/wp\/v2\/posts"}],"about":[{"href":"https:\/\/blog.polityka.pl\/passent\/wp-json\/wp\/v2\/types\/post"}],"author":[{"embeddable":true,"href":"https:\/\/blog.polityka.pl\/passent\/wp-json\/wp\/v2\/users\/4"}],"replies":[{"embeddable":true,"href":"https:\/\/blog.polityka.pl\/passent\/wp-json\/wp\/v2\/comments?post=6055"}],"version-history":[{"count":5,"href":"https:\/\/blog.polityka.pl\/passent\/wp-json\/wp\/v2\/posts\/6055\/revisions"}],"predecessor-version":[{"id":6062,"href":"https:\/\/blog.polityka.pl\/passent\/wp-json\/wp\/v2\/posts\/6055\/revisions\/6062"}],"wp:featuredmedia":[{"embeddable":true,"href":"https:\/\/blog.polityka.pl\/passent\/wp-json\/wp\/v2\/media\/6059"}],"wp:attachment":[{"href":"https:\/\/blog.polityka.pl\/passent\/wp-json\/wp\/v2\/media?parent=6055"}],"wp:term":[{"taxonomy":"category","embeddable":true,"href":"https:\/\/blog.polityka.pl\/passent\/wp-json\/wp\/v2\/categories?post=6055"},{"taxonomy":"post_tag","embeddable":true,"href":"https:\/\/blog.polityka.pl\/passent\/wp-json\/wp\/v2\/tags?post=6055"}],"curies":[{"name":"wp","href":"https:\/\/api.w.org\/{rel}","templated":true}]}}