
{"id":6070,"date":"2020-04-28T14:06:57","date_gmt":"2020-04-28T12:06:57","guid":{"rendered":"https:\/\/passent.blog.polityka.pl\/?p=6070"},"modified":"2020-04-28T15:12:37","modified_gmt":"2020-04-28T13:12:37","slug":"czerwony-dywan-dla-dudy","status":"publish","type":"post","link":"https:\/\/blog.polityka.pl\/passent\/2020\/04\/28\/czerwony-dywan-dla-dudy\/","title":{"rendered":"Czerwony dywan dla Dudy"},"content":{"rendered":"\n<p>Historia p\u0142ata figle. Najgorszy prezydent w wolnej Polsce\nwjedzie rydwanem po czerwonym dywanie do Pa\u0142acu Prezydenckiego na drug\u0105\nkadencj\u0119.<\/p>\n\n\n\n<!--more-->\n\n\n\n<p>Opozycja mia\u0142a do wyboru: bojkot wybor\u00f3w jako farsy sprzecznej z konstytucj\u0105 albo udzia\u0142 w wyborach, \u017ceby pokaza\u0107, \u017ce Duda nie jest jedynym kandydatem, a nawet istnieje cie\u0144 nadziei, \u017ce gdyby w pierwszej turze opozycja si\u0119 zjednoczy\u0142a, to w drugiej turze &#8211; kto wie\u2026? To drugie okaza\u0142o si\u0119 nierealne \u2013 pozostaje bojkot.<\/p>\n\n\n\n<p>Donald Tusk dzisiejszym o\u015bwiadczeniem zamkn\u0105\u0142 t\u0119 alternatyw\u0119. By\u0142y premier, by\u0142y przewodnicz\u0105cy Komisji Europejskiej, a obecnie szef EPP \u2013 najwi\u0119kszej partii w Parlamencie Europejskim &#8211; nie odwa\u017cy\u0142 si\u0119 rywalizowa\u0107 w wyborach z Dud\u0105, ale ma swoich zwolennik\u00f3w, kt\u00f3rzy wys\u0142uchaj\u0105 jego apelu o bojkot \u201eprocedury g\u0142osowania\u201d, czyli quasi-wybor\u00f3w. Jednym z wa\u017cnych argument\u00f3w opozycji przeciwko bojkotowi by\u0142a \u015bwiadomo\u015b\u0107, \u017ce jej cz\u0119\u015b\u0107 b\u0119dzie g\u0142osowa\u0107, a tym samym obni\u017cy efekt absencji. No, ale idealnego wyj\u015bcia nie ma. Mo\u017cna zak\u0142ada\u0107, \u017ce apel Tuska zwi\u0119kszy (o kilka, kilkana\u015bcie procent?) ob\u00f3z bojkotowicz\u00f3w, uszczupli nieznacznie liczb\u0119 g\u0142os\u00f3w oddanych na Kosiniaka, Biedronia\u2026<\/p>\n\n\n\n<p>Tusk k\u0142adzie nacisk na zagadnienie bezpiecze\u0144stwa. Nienasycony apetyt Kaczy\u0144skiego na w\u0142adz\u0119 nie\u00a0mo\u017ce by\u0107 zaspokajany lekcewa\u017ceniem pandemii przez miliony ludzi. Ponadto te wybory b\u0119d\u0105 niekonstytucyjne, wiele krok\u00f3w podj\u0119to w spos\u00f3b sprzeczny z prawem lub z dobrymi obyczajami, np. zmiany w prawie wyborczym w terminie kr\u00f3tszym ni\u017c sze\u015b\u0107 miesi\u0119cy przed\u00a0wyborami, zast\u0105pienie Pa\u0144stwowej Komisji Wyborczej Poczt\u0105 Polsk\u0105, drukiem kart wyborczych bez przetargu, bez zatwierdzonego wzoru, przed ustaw\u0105 o wyborach itd. itp.<\/p>\n\n\n\n<blockquote class=\"wp-block-quote is-layout-flow wp-block-quote-is-layout-flow\"><p>Jestem przekonany, \u017ce je\u015bli wszyscy uczciwi Polacy powiedz\u0105 to nie s\u0105 wybory\u2019, to PiS si\u0119 wycofa. Mo\u017cliwe jest przeprowadzenie w do\u015b\u0107 szybkim terminie uczciwych wybor\u00f3w.<\/p><\/blockquote>\n\n\n\n<p>\u2013 ko\u0144czy Donald Tusk.\u00a0Je\u015bli o mnie chodzi, to\u00a0nie jestem pewien, czy PiS si\u0119 wycofa, im jest wszystko jedno jak \u2013 byle obroni\u0107 Dud\u0119. A \u017ce \u015bwiat b\u0119dzie grymasi\u0142 \u2013 kogo to obchodzi?<\/p>\n\n\n\n<p>Zapewne gdyby opozycja mia\u0142a silnego kandydata i potrafi\u0142a si\u0119 wok\u00f3\u0142 niego zjednoczy\u0107, to Tusk by go popar\u0142, gdy\u017c najwa\u017cniejszym celem jest odsuni\u0119cie rz\u0105dz\u0105cej mafii od w\u0142adzy. Ale skoro to niemo\u017cliwe, nie nale\u017cy przyk\u0142ada\u0107 r\u0119ki do nies\u0142awnego eksperymentu Kaczy\u0144skiego, Morawieckiego, Sasina, prof. Szumowskiego i tego \u015brodowiska. Szczeg\u00f3lnie poruszaj\u0105ca jest metamorfoza prof. Szumowskiego ze znanego i cenionego kardiologa w polityka obozu Duda and Co.<\/p>\n\n\n\n<p><strong>Zaproszenie<\/strong><br>Uwaga, \u201eGo\u015bcie Passenta\u201d WYJ\u0104TKOWO godzin\u0119 p\u00f3\u017aniej. W \u015awi\u0119to 3 Konstytucji 3 Maja naszym go\u015bciem w TOK FM o <strong>11 (!)<\/strong> b\u0119dzie znany konstytucjonalista\u00a0prof. Marcin Matczak.<\/p>\n","protected":false},"excerpt":{"rendered":"<p>Historia p\u0142ata figle. Najgorszy prezydent w wolnej Polsce wjedzie rydwanem po czerwonym dywanie do Pa\u0142acu Prezydenckiego na drug\u0105 kadencj\u0119.<\/p>\n","protected":false},"author":4,"featured_media":6073,"comment_status":"open","ping_status":"closed","sticky":false,"template":"","format":"standard","meta":{"footnotes":""},"categories":[1],"tags":[],"_links":{"self":[{"href":"https:\/\/blog.polityka.pl\/passent\/wp-json\/wp\/v2\/posts\/6070"}],"collection":[{"href":"https:\/\/blog.polityka.pl\/passent\/wp-json\/wp\/v2\/posts"}],"about":[{"href":"https:\/\/blog.polityka.pl\/passent\/wp-json\/wp\/v2\/types\/post"}],"author":[{"embeddable":true,"href":"https:\/\/blog.polityka.pl\/passent\/wp-json\/wp\/v2\/users\/4"}],"replies":[{"embeddable":true,"href":"https:\/\/blog.polityka.pl\/passent\/wp-json\/wp\/v2\/comments?post=6070"}],"version-history":[{"count":4,"href":"https:\/\/blog.polityka.pl\/passent\/wp-json\/wp\/v2\/posts\/6070\/revisions"}],"predecessor-version":[{"id":6075,"href":"https:\/\/blog.polityka.pl\/passent\/wp-json\/wp\/v2\/posts\/6070\/revisions\/6075"}],"wp:featuredmedia":[{"embeddable":true,"href":"https:\/\/blog.polityka.pl\/passent\/wp-json\/wp\/v2\/media\/6073"}],"wp:attachment":[{"href":"https:\/\/blog.polityka.pl\/passent\/wp-json\/wp\/v2\/media?parent=6070"}],"wp:term":[{"taxonomy":"category","embeddable":true,"href":"https:\/\/blog.polityka.pl\/passent\/wp-json\/wp\/v2\/categories?post=6070"},{"taxonomy":"post_tag","embeddable":true,"href":"https:\/\/blog.polityka.pl\/passent\/wp-json\/wp\/v2\/tags?post=6070"}],"curies":[{"name":"wp","href":"https:\/\/api.w.org\/{rel}","templated":true}]}}