
{"id":6076,"date":"2020-05-02T22:24:15","date_gmt":"2020-05-02T20:24:15","guid":{"rendered":"https:\/\/passent.blog.polityka.pl\/?p=6076"},"modified":"2020-05-02T23:19:28","modified_gmt":"2020-05-02T21:19:28","slug":"katastrofa-wizerunkowa","status":"publish","type":"post","link":"https:\/\/blog.polityka.pl\/passent\/2020\/05\/02\/katastrofa-wizerunkowa\/","title":{"rendered":"Katastrofa wizerunkowa"},"content":{"rendered":"\n<p>Zbli\u017caj\u0105ce si\u0119 \u201ewybory\u201d to istna katastrofa wizerunkowa dla naszego kraju. Mimo \u017ce PiS i Zjednoczona Prawica maj\u0105 prawdziwego fio\u0142a na punkcie\u00a0 wizerunku, wydaj\u0105 miliony na Polsk\u0105 Fundacj\u0119 Narodow\u0105, na \u017cagl\u00f3wki, filmy, wystawy, albumy,\u00a0zaproszenia, a nawet na specjaln\u0105 firm\u0119 krzak dla swoich\u00a0w Waszyngtonie, katastrofa wyborcza b\u0119dzie nas drogo kosztowa\u0107.<\/p>\n\n\n\n<!--more-->\n\n\n\n<p>Na \u015bwiecie istniej\u0105 rozmaite negatywne stereotypy Polski i Polak\u00f3w, kt\u00f3re kiedy\u015b mia\u0142y mniej lub wi\u0119cej wsp\u00f3lnego z rzeczywisto\u015bci\u0105. Bieda i zacofanie, kiepski stan higieny wyra\u017ca\u0142y si\u0119 w okre\u015bleniu \u201eplica polonica\u201d (ko\u0142tun polski), po angielsku \u201ePolish plait\u201d. Pija\u0144stwo zaowocowa\u0142o okre\u015bleniem \u201epijany jak Polak\u201d, mimo \u017ce niekt\u00f3re\u00a0inne narody tak\u017ce ch\u0119tnie zagl\u0105daj\u0105 do kieliszka. Zacofanie gospodarcze w por\u00f3wnaniu\u00a0z Europ\u0105 Zachodni\u0105 przynios\u0142o pogardliwe okre\u015blenie \u201epolnische Wirtschaft\u201d. Niekt\u00f3re stereotypy odchodz\u0105 w przesz\u0142o\u015b\u0107 i pr\u00f3\u017cno by szuka\u0107 ich uzasadnienia, inne \u2013 np. \u201epolski antysemityzm\u201d \u2013 trwaj\u0105.<\/p>\n\n\n\n<p>Nie zdziwi\u0142bym si\u0119, gdyby\u00a0teraz zacz\u0119to m\u00f3wi\u0107 o \u201epolskich wyborach\u201d czy o \u201epolskiej demokracji\u201d. Rzeczywisto\u015b\u0107 a\u017c si\u0119 o to prosi. Na tydzie\u0144 przed wyborami nie znamy ich trybu ani terminu. Zaryzykuj\u0119, \u017ce to jest rekord \u015bwiata. Nie przypominam sobie, \u017ceby w jakimkolwiek kraju mia\u0142 miejsce taki skandal i\u00a0\u017ceby wszystko zale\u017ca\u0142o od jednego zwyczajnego pos\u0142a. Kto w Ameryce zgodzi\u0142by si\u0119 na \u201ewybory\u201d bez prawybor\u00f3w i kampanii trwaj\u0105cej rok\u00a0albo dwa? Oni maj\u0105 swoje problemy, np. kupowanie wybor\u00f3w przez milioner\u00f3w, Busha, Kennedy&#8217;ego, Trumpa, ale nie takie\u00a0niedo\u0142\u0119stwo i bezprawie jak u nas.<\/p>\n\n\n\n<p>Machinacje wyborcze do ostatniej chwili, mimo \u017ce prawo ka\u017ce ich zaniecha\u0107 na p\u00f3\u0142 roku przed wyborami, miliony kart i pakiet\u00f3w drukowanych przed przyj\u0119ciem ustawy, kt\u00f3ra to przewiduje, faktyczna likwidacja Pa\u0144stwowej Komisji Wyborczej i powierzenie organizacji wybor\u00f3w Poczcie Polskiej \u2013 instytucji podleg\u0142ej rz\u0105dowi w osobie wicepremiera Sasina \u2013 to wszystko kpina, masakra wybor\u00f3w.<\/p>\n\n\n\n<p>Nie zdziwi\u0142bym si\u0119, gdyby na \u015bwiecie zacz\u0119to m\u00f3wi\u0107 o \u201epolskich wyborach\u201d, \u201ePolish elections\u201d, jako o symbolu ba\u0142aganu, chaosu, bezprawia i \u0142amania demokracji. Nasze ambasady zn\u00f3w b\u0119d\u0105 mia\u0142y co robi\u0107 \u2013 goni\u0107 miejscowe media, kt\u00f3re u\u017cywaj\u0105 krzywdz\u0105cego stereotypu. Powodzenia!<\/p>\n\n\n\n<p>PS Naszym go\u015bciem w TOK FM 3 maja &#8211; <strong>wyj\u0105tkowo o godz.\u00a011<\/strong> &#8211; b\u0119dzie znany prawnik prof. Marcin Matczak.<\/p>\n\n\n\n<p>PPS W jednym z niedawnych post\u00f3w pomyli\u0142em prezydenta Indonezji, kt\u00f3rym jest Joko Widodo. Za b\u0142\u0105d przepraszam.<\/p>\n","protected":false},"excerpt":{"rendered":"<p>Zbli\u017caj\u0105ce si\u0119 \u201ewybory\u201d to istna katastrofa wizerunkowa dla naszego kraju. Mimo \u017ce PiS i Zjednoczona Prawica maj\u0105 prawdziwego fio\u0142a na punkcie\u00a0 wizerunku, wydaj\u0105 miliony na Polsk\u0105 Fundacj\u0119 Narodow\u0105, na \u017cagl\u00f3wki, filmy, wystawy, albumy,\u00a0zaproszenia, a nawet na specjaln\u0105 firm\u0119 krzak dla swoich\u00a0w Waszyngtonie, katastrofa wyborcza b\u0119dzie nas drogo kosztowa\u0107.<\/p>\n","protected":false},"author":4,"featured_media":6081,"comment_status":"open","ping_status":"closed","sticky":false,"template":"","format":"standard","meta":{"footnotes":""},"categories":[1],"tags":[],"_links":{"self":[{"href":"https:\/\/blog.polityka.pl\/passent\/wp-json\/wp\/v2\/posts\/6076"}],"collection":[{"href":"https:\/\/blog.polityka.pl\/passent\/wp-json\/wp\/v2\/posts"}],"about":[{"href":"https:\/\/blog.polityka.pl\/passent\/wp-json\/wp\/v2\/types\/post"}],"author":[{"embeddable":true,"href":"https:\/\/blog.polityka.pl\/passent\/wp-json\/wp\/v2\/users\/4"}],"replies":[{"embeddable":true,"href":"https:\/\/blog.polityka.pl\/passent\/wp-json\/wp\/v2\/comments?post=6076"}],"version-history":[{"count":3,"href":"https:\/\/blog.polityka.pl\/passent\/wp-json\/wp\/v2\/posts\/6076\/revisions"}],"predecessor-version":[{"id":6080,"href":"https:\/\/blog.polityka.pl\/passent\/wp-json\/wp\/v2\/posts\/6076\/revisions\/6080"}],"wp:featuredmedia":[{"embeddable":true,"href":"https:\/\/blog.polityka.pl\/passent\/wp-json\/wp\/v2\/media\/6081"}],"wp:attachment":[{"href":"https:\/\/blog.polityka.pl\/passent\/wp-json\/wp\/v2\/media?parent=6076"}],"wp:term":[{"taxonomy":"category","embeddable":true,"href":"https:\/\/blog.polityka.pl\/passent\/wp-json\/wp\/v2\/categories?post=6076"},{"taxonomy":"post_tag","embeddable":true,"href":"https:\/\/blog.polityka.pl\/passent\/wp-json\/wp\/v2\/tags?post=6076"}],"curies":[{"name":"wp","href":"https:\/\/api.w.org\/{rel}","templated":true}]}}