
{"id":608,"date":"2009-09-23T19:22:44","date_gmt":"2009-09-23T17:22:44","guid":{"rendered":"http:\/\/passent.blog.polityka.pl\/?p=608"},"modified":"2009-09-23T19:23:13","modified_gmt":"2009-09-23T17:23:13","slug":"panu-olechowskiemu-juz-dziekujemy","status":"publish","type":"post","link":"https:\/\/blog.polityka.pl\/passent\/2009\/09\/23\/panu-olechowskiemu-juz-dziekujemy\/","title":{"rendered":"Panu Olechowskiemu ju\u017c dzi\u0119kujemy"},"content":{"rendered":"<p>Andrzej Olechowski, kt\u00f3rego ceni\u0119 i szanuj\u0119, mo\u017ce nawet by\u0142by dobrym prezydentem, ale nie powinien kandydowa\u0107. Kiedy czytam lub ogl\u0105dam w telewizji prowadzone z nim rozmowy, odnosz\u0119\u00a0 wra\u017cenie, \u017ce jemu nie zale\u017cy na realizacji programu, na wygraniu wybor\u00f3w. Ewentualnie przyjmie prezydentur\u0119, je\u015bli mu zostanie\u00a0 podana\u00a0 na tacy. \u201eNie wiem, czy b\u0119d\u0119 kandydowa\u0142\u201d \u2013 powtarza ca\u0142y czas, jak gdyby wsadza\u0142 palec do jeziora i sprawdza\u0142, czy woda nie jest za zimna, czy zdecyduje si\u0119 zamoczy\u0107.\u00a0 Zanurzy si\u0119, je\u017celi woda b\u0119dzie wystarczaj\u0105ca ciep\u0142a, a dno odpowiednio przyjemne.\u00a0 Olechowskiemu nie zale\u017cy na stanowisku prezydenta bardziej ni\u017c na tytule docenta (gdyby kto\u015b za niego napisa\u0142 prac\u0119 habilitacyjn\u0105), czy na breloczku do kluczyk\u00f3w \u2013 za darmo we\u017amie, ale du\u017co nie zap\u0142aci. Nie przekazuje \u017cadnego pos\u0142ania, \u017cadnej misji, kt\u00f3r\u0105 musi, po prostu musi, zrealizowa\u0107. On nie musi zosta\u0107 prezydentem (to zreszt\u0105 prawda), \u201etake it or leave it\u201d \u2013 m\u00f3wi, ale nie zamierza si\u0119 specjalnie fatygowa\u0107, \u017ceby zawalczy\u0107 o najwy\u017csze stanowisko i zrealizowa\u0107 sw\u00f3j program, kt\u00f3ry dopiero fastryguje i sprawdza, czy jest mu w nim do twarzy.<\/p>\n<p>Kiedy twierdz\u0119, \u017ce Andrzej Olechowski mo\u017ce i by\u0142by dobrym prezydentem, to mam na my\u015bli jego bogate do\u015bwiadczenie w s\u0142u\u017cbie publicznej, wysokie stanowiska jakie zajmowa\u0142, m.in. w NBP.\u00a0 By\u0142 ministrem finans\u00f3w, a potem spraw zagranicznych w r\u00f3\u017cnych rz\u0105dach, pracowa\u0142 w Polsce i zagranic\u0105, w tym w Banku \u015awiatowym. Kiedy\u015b uzyska\u0142 tak\u017ce niez\u0142y wynik w wyborach. Ma du\u017co do powiedzenia w sprawach gospodarczych i zagranicznych. To polityk do\u015bwiadczony, powa\u017cny, reprezentacyjny, kt\u00f3rego nie musieliby\u015bmy si\u0119 wstydzi\u0107. Na pewno nie by\u0142by po\u015bmiewiskiem. Na pewno pod wieloma wzgl\u0119dami g\u00f3ruje nad Mo\u015bcickim, kt\u00f3ry by\u0142 zas\u0142u\u017conym chemikiem, ale kiepskim m\u0119\u017cem stanu (w latach kryzysu wymy\u015bli\u0142 nawet \u2018pieni\u0105dz le\u015bny\u2019, kt\u00f3ry mia\u0142by pokrycie w lasach polskich). Olechowski nie ma jednak takiej pozycji, by nar\u00f3d sam zaoferowa\u0142 mu prezydentur\u0119, by spo\u0142ecze\u0144stwo go o to prosi\u0142o. A kto b\u0119dzie g\u0142osowa\u0142 na d\u017centelmena, kt\u00f3ry sam nie jest przekonany, \u017ce musi zosta\u0107 prezydentem? Pomys\u0142 z SD wydaje mi si\u0119 cyniczno-finansowy, pomys\u0142 z SLD &#8211; szkodliwy dla obu stron.<\/p>\n<p>Od polityka, kt\u00f3ry aspiruje do najwy\u017cszej godno\u015bci, wymaga si\u0119 czego\u015b wi\u0119cej ni\u017c do\u015bwiadczenia, aparycji i dobrego krawca: oczekuje si\u0119 wizji i konsekwencji w formu\u0142owaniu pogl\u0105d\u00f3w oraz w ich obronie, odwagi cywilnej, silnego charakteru, sprawdzonego zaplecza politycznego, umiej\u0119tno\u015bci postawienia wszystkiego na jedn\u0105 kart\u0119, pasji, energii, no i charyzmy, bez kt\u00f3rej nie spos\u00f3b wygra\u0107 wybor\u00f3w. Troch\u0119 tego, co mia\u0142 Lech Kaczy\u0144ski, pokonuj\u0105c na finiszu Donalda Tuska. Olechowski jest tak inny od Kaczy\u0144skich, \u017ce a\u017c przechyli\u0142 si\u0119 zanadto w druga stron\u0119 &#8211; nie budz\u0105c \u017cadnych skojarze\u0144, nie porywaj\u0105c i nie denerwuj\u0105c. Jest letni. Olechowski nikogo nie zarazi swoj\u0105 kandydatur\u0105, nikogo nie porwie tak, jak to uczyni\u0142 Barack Obama. Nikt za nim nie p\u00f3jdzie w ogie\u0144 \u2013 nawet on sam.<\/p>\n","protected":false},"excerpt":{"rendered":"<p>Andrzej Olechowski, kt\u00f3rego ceni\u0119 i szanuj\u0119, mo\u017ce nawet by\u0142by dobrym prezydentem, ale nie powinien kandydowa\u0107. Kiedy czytam lub ogl\u0105dam w telewizji prowadzone z nim rozmowy, odnosz\u0119\u00a0 wra\u017cenie, \u017ce jemu nie zale\u017cy na realizacji programu, na wygraniu wybor\u00f3w. Ewentualnie przyjmie prezydentur\u0119, je\u015bli mu zostanie\u00a0 podana\u00a0 na tacy. \u201eNie wiem, czy b\u0119d\u0119 kandydowa\u0142\u201d \u2013 powtarza ca\u0142y czas, [&hellip;]<\/p>\n","protected":false},"author":4,"featured_media":0,"comment_status":"open","ping_status":"open","sticky":false,"template":"","format":"standard","meta":{"footnotes":""},"categories":[1],"tags":[],"_links":{"self":[{"href":"https:\/\/blog.polityka.pl\/passent\/wp-json\/wp\/v2\/posts\/608"}],"collection":[{"href":"https:\/\/blog.polityka.pl\/passent\/wp-json\/wp\/v2\/posts"}],"about":[{"href":"https:\/\/blog.polityka.pl\/passent\/wp-json\/wp\/v2\/types\/post"}],"author":[{"embeddable":true,"href":"https:\/\/blog.polityka.pl\/passent\/wp-json\/wp\/v2\/users\/4"}],"replies":[{"embeddable":true,"href":"https:\/\/blog.polityka.pl\/passent\/wp-json\/wp\/v2\/comments?post=608"}],"version-history":[{"count":0,"href":"https:\/\/blog.polityka.pl\/passent\/wp-json\/wp\/v2\/posts\/608\/revisions"}],"wp:attachment":[{"href":"https:\/\/blog.polityka.pl\/passent\/wp-json\/wp\/v2\/media?parent=608"}],"wp:term":[{"taxonomy":"category","embeddable":true,"href":"https:\/\/blog.polityka.pl\/passent\/wp-json\/wp\/v2\/categories?post=608"},{"taxonomy":"post_tag","embeddable":true,"href":"https:\/\/blog.polityka.pl\/passent\/wp-json\/wp\/v2\/tags?post=608"}],"curies":[{"name":"wp","href":"https:\/\/api.w.org\/{rel}","templated":true}]}}