
{"id":6083,"date":"2020-05-06T23:29:41","date_gmt":"2020-05-06T21:29:41","guid":{"rendered":"https:\/\/passent.blog.polityka.pl\/?p=6083"},"modified":"2020-05-08T20:51:44","modified_gmt":"2020-05-08T18:51:44","slug":"krok-znad-przepasci","status":"publish","type":"post","link":"https:\/\/blog.polityka.pl\/passent\/2020\/05\/06\/krok-znad-przepasci\/","title":{"rendered":"Krok znad przepa\u015bci"},"content":{"rendered":"\n<p>Na cztery dni przed terminem &#8222;wybor\u00f3w\u201d prezydenckich 10 maja  dowiadujemy si\u0119, \u017ce wybory si\u0119 nie odb\u0119d\u0105 \u201ez powodu ich nieodbycia\u201d. Jak m\u00f3wi\u0105 Rosjanie, \u201esiewodnia koncierta nie budiet\u201d.<\/p>\n\n\n\n<!--more-->\n\n\n\n<p>Impreza zwana wyborami pocztowymi, kt\u00f3ra by\u0142a oczkiem w g\u0142owie prezesa PiS (a przeciwko kt\u00f3rej wyst\u0105pi\u0142 Gowin) i kt\u00f3ra zapowiada\u0142a si\u0119 na po\u015bmiewisko \u015bwiatowe, zosta\u0142a w ostatniej chwili odwo\u0142ana. Jest to sukces Gowina i jego ugrupowania Porozumienie. Co prawda nie bardzo wiadomo, na jakiej podstawie prawnej opiera si\u0119 to porozumienie, ale unikni\u0119to dalszej katastrofy, jak\u0105 by\u0142aby ta parodia wybor\u00f3w, kt\u00f3re mia\u0142y by\u0107 organizowane przez rz\u0105d, a konkretnie przez Poczt\u0119 Polsk\u0105, na czele z wicepremierem Sasinem, a nie przez Pa\u0144stwow\u0105 Komisj\u0119 Wyborcz\u0105.<\/p>\n\n\n\n<p>Pseudowybory bez kampanii, bez komisji wyborczych, bez udzia\u0142u Polonii (na marginesie: jestem zwolennikiem zasady, \u017ce tam g\u0142osujesz, gdzie p\u0142acisz podatki, ale to inna sprawa; na razie mamy takie prawo, jakie mamy, i emigracja ma prawo g\u0142osu, wi\u0119c nale\u017cy to uszanowa\u0107).<\/p>\n\n\n\n<p>Zamiast parodii wybor\u00f3w, kt\u00f3rych Kaczy\u0144ski i PiS bronili jak niepodleg\u0142o\u015bci (przy pe\u0142nej aprobacie prezydenta Dudy, kt\u00f3ry mia\u0142 reelekcj\u0119 w kieszeni), maj\u0105 by\u0107 rozpisane nowe wybory prezydenckie, organizowane przez PKW, a nie przez Poczt\u0119, w ca\u0142o\u015bci korespondencyjne, kt\u00f3re poprzedzi kampania, w kt\u00f3rej mog\u0105 wzi\u0105\u0107 udzia\u0142 nie tylko dotychczasowi, ale i nowi kandydaci, je\u017celi zbior\u0105 100 tys. podpis\u00f3w. Stwarza to np. mo\u017cliwo\u015b\u0107 Koalicji Obywatelskiej wystawienia innej kandydatury ni\u017c nieporadna w tej roli marsza\u0142ek Kidawa, ale w to w\u0105tpi\u0119.<\/p>\n\n\n\n<p>Pierwszy bilans: absolutna samowola, niemaj\u0105ca nic wsp\u00f3lnego z mechanizmem demokracji, bez \u017cadnych konsultacji spo\u0142ecznych, poza wszelkim trybem, ale krok w ty\u0142 znad przepa\u015bci.<\/p>\n\n\n\n<p><strong>Zaproszenie<\/strong><\/p>\n\n\n\n<p>Prof. Andrzej Rychard (dyrektor Instytutu Filozofii i Socjologii PAN) oraz Jerzy Baczy\u0144ski (redaktor naczelny &#8222;Polityki&#8221;) b\u0119d\u0105 naszymi go\u015b\u0107mi w niedziel\u0119 10 maja o godz. 10:05. Zmiany w sk\u0142adzie go\u015bci by\u0142y spowodowane niejasno\u015bciami dotycz\u0105cymi ciszy wyborczej.<\/p>\n","protected":false},"excerpt":{"rendered":"<p>Na cztery dni przed terminem &#8222;wybor\u00f3w\u201d prezydenckich 10 maja dowiadujemy si\u0119, \u017ce wybory si\u0119 nie odb\u0119d\u0105 \u201ez powodu ich nieodbycia\u201d. Jak m\u00f3wi\u0105 Rosjanie, \u201esiewodnia koncierta nie budiet\u201d.<\/p>\n","protected":false},"author":4,"featured_media":6088,"comment_status":"open","ping_status":"closed","sticky":false,"template":"","format":"standard","meta":{"footnotes":""},"categories":[1],"tags":[],"_links":{"self":[{"href":"https:\/\/blog.polityka.pl\/passent\/wp-json\/wp\/v2\/posts\/6083"}],"collection":[{"href":"https:\/\/blog.polityka.pl\/passent\/wp-json\/wp\/v2\/posts"}],"about":[{"href":"https:\/\/blog.polityka.pl\/passent\/wp-json\/wp\/v2\/types\/post"}],"author":[{"embeddable":true,"href":"https:\/\/blog.polityka.pl\/passent\/wp-json\/wp\/v2\/users\/4"}],"replies":[{"embeddable":true,"href":"https:\/\/blog.polityka.pl\/passent\/wp-json\/wp\/v2\/comments?post=6083"}],"version-history":[{"count":7,"href":"https:\/\/blog.polityka.pl\/passent\/wp-json\/wp\/v2\/posts\/6083\/revisions"}],"predecessor-version":[{"id":6092,"href":"https:\/\/blog.polityka.pl\/passent\/wp-json\/wp\/v2\/posts\/6083\/revisions\/6092"}],"wp:featuredmedia":[{"embeddable":true,"href":"https:\/\/blog.polityka.pl\/passent\/wp-json\/wp\/v2\/media\/6088"}],"wp:attachment":[{"href":"https:\/\/blog.polityka.pl\/passent\/wp-json\/wp\/v2\/media?parent=6083"}],"wp:term":[{"taxonomy":"category","embeddable":true,"href":"https:\/\/blog.polityka.pl\/passent\/wp-json\/wp\/v2\/categories?post=6083"},{"taxonomy":"post_tag","embeddable":true,"href":"https:\/\/blog.polityka.pl\/passent\/wp-json\/wp\/v2\/tags?post=6083"}],"curies":[{"name":"wp","href":"https:\/\/api.w.org\/{rel}","templated":true}]}}