
{"id":609,"date":"2009-09-25T15:00:37","date_gmt":"2009-09-25T13:00:37","guid":{"rendered":"http:\/\/passent.blog.polityka.pl\/?p=609"},"modified":"2009-09-25T15:00:37","modified_gmt":"2009-09-25T13:00:37","slug":"jedna-czy-dwie-polityki","status":"publish","type":"post","link":"https:\/\/blog.polityka.pl\/passent\/2009\/09\/25\/jedna-czy-dwie-polityki\/","title":{"rendered":"Jedna czy dwie polityki?"},"content":{"rendered":"<p><strong>Sprawy bie\u017c\u0105ce w skr\u00f3cie telegraficznym<\/strong>.<\/p>\n<p>* Wyrok s\u0105du w sprawie Alicji Tysi\u0105c \u2013 popieram. Mo\u017cna si\u0119 r\u00f3\u017cni\u0107,  ale nie wolno drugiej osoby poni\u017ca\u0107 i obra\u017ca\u0107. (To jest te\u017c zasada na tym blogu.)<\/p>\n<p>*  Inicjatywa pos\u0142a Dorna to b\u0119dzie taki sam niewypa\u0142, jak kandydatura Andrzeja Olechowskiego oraz inicjatywa Paw\u0142a Piskorskiego.<\/p>\n<p>*  Polowanie medi\u00f3w na winnych w sprawie katastrofy w kopalni na szcz\u0119\u015bcie troch\u0119 usta\u0142o. Rola medi\u00f3w w takich wypadkach, zw\u0142aszcza telewizji informacyjnej, jest katastrofalna. J\u0105trz\u0105, \u017ceruj\u0105 i wyciskaj\u0105 \u0142zy.<\/p>\n<p>*  Je\u017celi premier Tusk nie pojawi si\u0119 do ko\u0144ca na kongresie kultury w Krakowie, to pope\u0142ni fatalny b\u0142\u0105d, b\u0119dzie to dow\u00f3d pewno\u015bci siebie i arogancji. M\u00f3wi si\u0119, \u017ce Platforma to tylko PR. Ja tu nie widz\u0119 \u017cadnego PR, wr\u0119cz przeciwnie. Po ustawie medialnej kolejny afront wobec \u015brodowiska tw\u00f3rc\u00f3w oraz inteligencji. Szkoda. Stwierdzenie premiera, \u017ce telewizja go nie podnieca, bo kto j\u0105 ma ten przegrywa wybory, jest dowodem, \u017ce  Tusk nie docenia innych ni\u017c polityczne zada\u0144 TVP: misja, kultura, cywilizacja, informacja, rozrywka. Czy\u017cby to te\u017c by\u0142o niewa\u017cne?<\/p>\n<p>* Prezydent Kaczy\u0144ski w ONZ. Dobrze, \u017ce go posadzono blisko Obamy, bo to na otarcie \u0142ez. Tarcza by\u0142a ukochanym projektem PiS, a jej fiasko to dla nich cios. Teraz Sikorski przyznaje, \u017ce gdyby tarczy nie podpisa\u0142, to by mu prawica urz\u0105dzi\u0142a s\u0105dny dzie\u0144. (PO ugina si\u0119 pod presj\u0105 prawicy co krok, nie rusza lustracji, nie zaprosi\u0142a Jaruzelskiego na obchody 1 wrze\u015bnia,  ugi\u0119\u0142a si\u0119 w sprawie tarczy i w sprawie ludob\u00f3jstwa, na szcz\u0119\u015bcie dotrzyma\u0142a s\u0142owa w\/s rozdzia\u0142u prokuratury od ministerstwa Sprawiedliwo\u015bci &#8211; dobre i to).<\/p>\n<p>\u201eWybuch\u201d tarczy akurat  17 wrze\u015bnia nie by\u0142 afrontem, ani nawet przeoczeniem. Podobno by\u0142 przeciek z okolic Bia\u0142ego Domu i gor\u0105czkowe  telefony Obamy do Pragi i do Warszawy to by\u0142 wy\u015bcig z czasem (zd\u0105\u017cy\u0107 przed mediami). W polityce zagranicznej mamy trudne chwile. Na szcz\u0119\u015bcie Polska jest bezpieczna, ale NATO jest na rozdro\u017cu i bez programu, USA zmieniaj\u0105 kurs, a Polska si\u0119 miota. Jak m\u00f3wi wysoki funkcjonariusz MSZ &#8211; mamy dwie polityki zagraniczne. Polityka prezydencka, to wymachiwanie szabelk\u0105, wyr\u00f3wnywanie rachunk\u00f3w z Rosj\u0105 i z Niemcami, walka z Moskw\u0105 do ostatniego Gruzina i Ukrai\u0144ca, w polityce historycznej nie oddamy ani guzika. I polityka rz\u0105dowa \u2013 nie szarpa\u0107 tygrysa za w\u0105sy, skoro jeste\u015bmy osamotnieni i mo\u017cemy liczy\u0107 tylko na siebie, to nie ma co pokazywa\u0107 tylko w\u0142asne rany i pretensje,   krok po kroku, na zasadzie kropla dr\u0105\u017cy ska\u0142\u0119, realizowa\u0107 przedsi\u0119wzi\u0119cia nieefektowne, ale potrzebne, jak partnerstwo wschodnie UE czy Wsp\u00f3lnota Demokracji \u2013 przedsi\u0119wzi\u0119cia nie po my\u015bli Rosji, ale takie, przeciwko kt\u00f3rym trudno protestowa\u0107, jak kiedy\u015b przeciwko \u201eHelsinkom\u201d.  Czeka nas przewodnictwo w Unii , jego g\u0142\u00f3wne kierunki to Partnerstwo Wschodnie, bezpiecze\u0144stwo energetyczne, wsp\u00f3lne polityka obronna i zagraniczna Unii.<\/p>\n<p>Spotka\u0142em si\u0119 tak\u017ce z opini\u0105, \u017ce Polska nie ma dw\u00f3ch polityk zagranicznych \u2013 nie ma \u017cadnej, ale ja si\u0119 z tym nie zgadzam, raczej widz\u0119 dwie ni\u017c \u017cadn\u0105.<\/p>\n<p>***<br \/>\n<strong>PS<\/strong>.<\/p>\n<p>Drodzy Blogowicze \u2013 zapraszam na <strong>Festiwal  Agnieszki Osieckiej<\/strong>!<\/p>\n<p><strong>Koncert Fina\u0142owy Laureat\u00f3w XII edycji &#8222;Konkursu Pami\u0119tajmy o Osieckiej&#8221;<\/strong><br \/>\n10 pa\u017adziernika (sobota) godzina 19:00<br \/>\nStudio PR im. Agnieszki Osieckiej<br \/>\nRezerwacja bilet\u00f3w pod numerem tel. (22) 3 333 333<br \/>\nRetransmisja w Tr\u00f3jce w niedziel\u0119 o godz. 20.05<\/p>\n<p><strong>Koncert \u201eMi\u0142o\u015b\u0107 niedu\u017ca\u201c w wykonaniu Ch\u00f3ru kameralnego Collegium Musicum Uniwersytetu Warszawskiego pod batut\u0105 Andrzeja Borzyma<\/strong><br \/>\nW programie piosenki Jeremiego Przybory i Agnieszki Osieckiej.<br \/>\n11 pa\u017adziernika (niedziela) godzina 18:00<br \/>\nNova Scena Teatru Roma, wej\u015bcie od ul. \u015aw. Barbary 12, Warszawa<br \/>\nBilety w kasie Teatru ROMA, tel. (22) 628 03 60<\/p>\n<p><strong>Koncert \u201eDobranoc panowie\u201c z udzia\u0142em Andrzeja Poniedzielskiego<\/strong><br \/>\n11 pa\u017adziernika (niedziela) godzina 21:00<br \/>\nNova Scena Teatru Roma, wej\u015bcie od ul. \u015aw. Barbary 12, Warszawa<br \/>\nBilety w kasie, tel. (22) 628 03 60<\/p>\n<p><strong>Koncert Galowy Laureat\u00f3w XII edycji Konkursu \u201ePami\u0119tajmy o Osieckiej\u201c<\/strong>.<br \/>\nGwiazd\u0105 wieczoru b\u0119dzie Stanis\u0142aw Soyka z zespo\u0142em Soyka Kwintet +.<br \/>\nPrzedstawi premierowy recital utwor\u00f3w Agnieszki Osieckiej.<br \/>\n12 pa\u017adziernika (poniedzia\u0142ek), godzina 19:00<br \/>\nTeatr Roma, ul. Nowogrodzka 49, Warszawa<br \/>\nBilety  w kasie, tel. (22) 6280360<\/p>\n","protected":false},"excerpt":{"rendered":"<p>Sprawy bie\u017c\u0105ce w skr\u00f3cie telegraficznym. * Wyrok s\u0105du w sprawie Alicji Tysi\u0105c \u2013 popieram. Mo\u017cna si\u0119 r\u00f3\u017cni\u0107, ale nie wolno drugiej osoby poni\u017ca\u0107 i obra\u017ca\u0107. (To jest te\u017c zasada na tym blogu.) * Inicjatywa pos\u0142a Dorna to b\u0119dzie taki sam niewypa\u0142, jak kandydatura Andrzeja Olechowskiego oraz inicjatywa Paw\u0142a Piskorskiego. * Polowanie medi\u00f3w na winnych w [&hellip;]<\/p>\n","protected":false},"author":4,"featured_media":0,"comment_status":"open","ping_status":"open","sticky":false,"template":"","format":"standard","meta":{"footnotes":""},"categories":[1],"tags":[],"_links":{"self":[{"href":"https:\/\/blog.polityka.pl\/passent\/wp-json\/wp\/v2\/posts\/609"}],"collection":[{"href":"https:\/\/blog.polityka.pl\/passent\/wp-json\/wp\/v2\/posts"}],"about":[{"href":"https:\/\/blog.polityka.pl\/passent\/wp-json\/wp\/v2\/types\/post"}],"author":[{"embeddable":true,"href":"https:\/\/blog.polityka.pl\/passent\/wp-json\/wp\/v2\/users\/4"}],"replies":[{"embeddable":true,"href":"https:\/\/blog.polityka.pl\/passent\/wp-json\/wp\/v2\/comments?post=609"}],"version-history":[{"count":0,"href":"https:\/\/blog.polityka.pl\/passent\/wp-json\/wp\/v2\/posts\/609\/revisions"}],"wp:attachment":[{"href":"https:\/\/blog.polityka.pl\/passent\/wp-json\/wp\/v2\/media?parent=609"}],"wp:term":[{"taxonomy":"category","embeddable":true,"href":"https:\/\/blog.polityka.pl\/passent\/wp-json\/wp\/v2\/categories?post=609"},{"taxonomy":"post_tag","embeddable":true,"href":"https:\/\/blog.polityka.pl\/passent\/wp-json\/wp\/v2\/tags?post=609"}],"curies":[{"name":"wp","href":"https:\/\/api.w.org\/{rel}","templated":true}]}}