
{"id":6093,"date":"2020-05-11T17:42:27","date_gmt":"2020-05-11T15:42:27","guid":{"rendered":"https:\/\/passent.blog.polityka.pl\/?p=6093"},"modified":"2020-05-11T20:59:59","modified_gmt":"2020-05-11T18:59:59","slug":"po-premierze","status":"publish","type":"post","link":"https:\/\/blog.polityka.pl\/passent\/2020\/05\/11\/po-premierze\/","title":{"rendered":"Po premierze"},"content":{"rendered":"\n<p>Podczas posiedzenia najwy\u017cszych w\u0142adz PiS oraz Porozumienia Gowina premier Morawiecki oferowa\u0142 podobno swoj\u0105 dymisj\u0119. Tak informuj\u0105 media. Chodzi\u0142o o termin nast\u0119pnych wybor\u00f3w prezydenckich.<\/p>\n\n\n\n<!--more-->\n\n\n\n<p>Do dymisji jednak nie dosz\u0142o, a szkoda. Morawiecki ma na sumieniu tak du\u017co, \u017ce gdyby mia\u0142 wi\u0119cej poczucia odpowiedzialno\u015bci \u2013 powinien z\u0142o\u017cy\u0107 rezygnacj\u0119. Drobna sprawa: g\u0142upie kilkana\u015bcie milion\u00f3w za druk 30 mln kart wyborczych. To du\u017co wi\u0119cej ni\u017c afery, za kt\u00f3re si\u0119 w Polsce drogo p\u0142aci. Wszyscy zaanga\u017cowani w ten skandal umywaj\u0105 r\u0105czki.<\/p>\n\n\n\n<p>Minister Aktyw\u00f3w Pa\u0144stwowych, wicepremier Sasin udaje niewini\u0105tko i zwala na Morawieckiego, kt\u00f3ry faktycznie decyzj\u0119 podpisa\u0142 i jest by\u0107 mo\u017ce \u201ekryty\u201d, gdy\u017c z powodu pandemii ma nieograniczone pe\u0142nomocnictwa. \u017beby kto\u015b chocia\u017c uderzy\u0142 si\u0119 w piersi! A najwi\u0119ksze tajemnice najwi\u0119kszego samolotu na \u015bwiecie, witanego chlebem i sol\u0105 przez premiera \u2013 to pestka?<\/p>\n\n\n\n<p>Grubsza sprawa to s\u0105 wczorajsze wybory w og\u00f3le. Takiej kompromitacji \u015bwiat nie widzia\u0142. Pisz\u0119 to serio. \u015awiat latami ogl\u0105da\u0142 rozmaite fa\u0142szerstwa, stuprocentow\u0105 frekwencj\u0119, cuda nad urnami, manipulacje, tajne uk\u0142ady, ALE czego\u015b takiego jak ostatnie wybory prezydenckie w Polsce \u2013 nieodwo\u0142ane i nieodbyte, niewa\u017cne \u201ez powodu braku kandydat\u00f3w\u201d, kt\u00f3rych by\u0142o dziesi\u0119cioro, to gigantyczna kompromitacja naszego kraju i obozu w\u0142adzy. Mieszanina hucpy i nieporadno\u015bci. Po odstrzeleniu przez sztukmistrz\u00f3w z PiS Pa\u0144stwowej Komisji Wyborczej przeprowadzenie wybor\u00f3w wzi\u0119\u0142a na siebie w\u0142adza wykonawcza, pa\u0144stwowa Poczta Polska pod przewodem wicepremiera Sasina. Premier, obok prezydenta, jest najwy\u017cszym przedstawicielem w\u0142adzy wykonawczej. Po takiej kompromitacji na co panowie Morawiecki i Sasin jeszcze czekaj\u0105?<\/p>\n\n\n\n<p>Oczywi\u015bcie, najwi\u0119ksz\u0105 odpowiedzialno\u015b\u0107 ponosi Kaczy\u0144ski, ale subordynacja, pos\u0142usze\u0144stwo, \u201epoczucie obowi\u0105zku\u201d nie stanowi\u0105 wystarczaj\u0105cego alibi. Pisa\u0142 o tym Karl Jaspers, pisa\u0142a Hannah Arendt. Sprawa jest jasna. W warunkach dyktatury, takiej jak w ZSRR albo Chile, dystansowanie si\u0119 od oficjalnej polityki kosztowa\u0142o \u017cycie. Ale Polska PiS nie jest zaawansowan\u0105 dyktatur\u0105, g\u0142owy tu nie spadaj\u0105, Bielan, Dorn i Ziobro czy inni dysydenci maj\u0105 si\u0119 dobrze.<\/p>\n\n\n\n<p>Panowie Morawiecki i Sasin nie ryzykowaliby wi\u0119c du\u017co. Tylko odsuni\u0119cie od w\u0142adzy, by\u0107 mo\u017ce jedynie na pewien czas, bo wyroki demokracji s\u0105 niezbadane. Dalsze wp\u0142ywanie na losy ojczyzny \u2013 tego nikt nie mo\u017ce cz\u0142owiekowi odebra\u0107, nawet w wi\u0119zieniu. W\u0142asny g\u0142os by\u0142ego premiera Morawieckiego by\u0142by zapewne bardziej ceniony ni\u017c aktualnego premiera -podwykonawcy u prezesa. Rz\u0105dowy kierowca, mercedes, samolot, ochrona &#8211; jakie to ma znaczenie dla milionera? Dla przyzwoitego cz\u0142owieka \u2013 \u017cadne.<\/p>\n\n\n\n<p><strong>Zaproszenie<\/strong><br>Dr Pawe\u0142 Kukiz Szczuci\u0144ski, kt\u00f3ry bra\u0142 udzia\u0142 w misji medycznej do W\u0142och, oraz redaktor Micha\u0142 Broniatowski, szef portalu Politico na Europ\u0119 \u015arodkowo-Wschodni\u0105, b\u0119d\u0105 naszymi go\u015b\u0107mi w TOK FM &#8211; niedziela 17 maja, jak zwykle po 10.<\/p>\n","protected":false},"excerpt":{"rendered":"<p>Podczas posiedzenia najwy\u017cszych w\u0142adz PiS oraz Porozumienia Gowina premier Morawiecki oferowa\u0142 podobno swoj\u0105 dymisj\u0119. Tak informuj\u0105 media. Chodzi\u0142o o termin nast\u0119pnych wybor\u00f3w prezydenckich.<\/p>\n","protected":false},"author":4,"featured_media":6097,"comment_status":"open","ping_status":"closed","sticky":false,"template":"","format":"standard","meta":{"footnotes":""},"categories":[1],"tags":[],"_links":{"self":[{"href":"https:\/\/blog.polityka.pl\/passent\/wp-json\/wp\/v2\/posts\/6093"}],"collection":[{"href":"https:\/\/blog.polityka.pl\/passent\/wp-json\/wp\/v2\/posts"}],"about":[{"href":"https:\/\/blog.polityka.pl\/passent\/wp-json\/wp\/v2\/types\/post"}],"author":[{"embeddable":true,"href":"https:\/\/blog.polityka.pl\/passent\/wp-json\/wp\/v2\/users\/4"}],"replies":[{"embeddable":true,"href":"https:\/\/blog.polityka.pl\/passent\/wp-json\/wp\/v2\/comments?post=6093"}],"version-history":[{"count":4,"href":"https:\/\/blog.polityka.pl\/passent\/wp-json\/wp\/v2\/posts\/6093\/revisions"}],"predecessor-version":[{"id":6099,"href":"https:\/\/blog.polityka.pl\/passent\/wp-json\/wp\/v2\/posts\/6093\/revisions\/6099"}],"wp:featuredmedia":[{"embeddable":true,"href":"https:\/\/blog.polityka.pl\/passent\/wp-json\/wp\/v2\/media\/6097"}],"wp:attachment":[{"href":"https:\/\/blog.polityka.pl\/passent\/wp-json\/wp\/v2\/media?parent=6093"}],"wp:term":[{"taxonomy":"category","embeddable":true,"href":"https:\/\/blog.polityka.pl\/passent\/wp-json\/wp\/v2\/categories?post=6093"},{"taxonomy":"post_tag","embeddable":true,"href":"https:\/\/blog.polityka.pl\/passent\/wp-json\/wp\/v2\/tags?post=6093"}],"curies":[{"name":"wp","href":"https:\/\/api.w.org\/{rel}","templated":true}]}}