
{"id":61,"date":"2006-06-12T07:55:17","date_gmt":"2006-06-12T05:55:17","guid":{"rendered":"http:\/\/passent.blog.polityka.pl\/?p=61"},"modified":"2006-06-12T11:34:05","modified_gmt":"2006-06-12T09:34:05","slug":"czerwona-kartka","status":"publish","type":"post","link":"https:\/\/blog.polityka.pl\/passent\/2006\/06\/12\/czerwona-kartka\/","title":{"rendered":"Czerwona kartka"},"content":{"rendered":"<p>Nareszcie paparazzi zrobili co\u015b po\u017cytecznego. Zamiast polowa\u0107 na znanych ludzi w sytuacjach prywatnych, \u201eFakt\u201d pokaza\u0142 fotografi\u0119 karteczki, jak\u0105 pose\u0142 Jacek Kurski\u00a0 &#8211;\u00a0 jeden z ojc\u00f3w odnowy moralnej (ten od Wehrmachtu) &#8211; przekaza\u0142 ojcu chrzestnemu naszej demokracji. Na kartce widniej\u0105\u00a0 media publiczne (m.in. \u201eTr\u00f3jka\u201d) i osoby,\u00a0 kt\u00f3re maj\u0105 je obsadzi\u0107 (nazwiska nic mi nie m\u00f3wi\u0105). Podczas \u201e\u015aniadania w Radiu Zet\u201d pani dyrektor Jakubiak z Kancelarii Prezydenta usi\u0142owa\u0142a to zbagatelizowa\u0107, opowiadaj\u0105c, \u017ce ona dostaje pe\u0142no nazwisk i CV, ale to nic nie znaczy. Z\u0142otousty pose\u0142 Cyma\u0144ski utrzymywa\u0142 za\u015b, \u017ce ta kartka to nie jest nawet propozycja, i nie ma o czym m\u00f3wi\u0107, z czego wynika, \u017ce\u00a0 panowie po prostu graj\u0105 w okr\u0119ty i przesy\u0142aj\u0105 sobie karteczki bez sensu i znaczenia.<br \/>\nTak by by\u0142o, gdyby nie to, \u017ce\u00a0\u00a0 PiS obsadza wszystkie stanowiska swoimi ludzmi i ju\u017c zaczyna\u00a0 brakowa\u0107 znajomych.\u00a0 Andrzej Urba\u0144ski (jeszcze kilka dni temu minister &#8211; szef Kancelarii Prezydenta) opowiada w rozmowie z \u201eGW\u201d \u201eanegdot\u0119\u201d. \u201ePrzed wyborem nowego zarz\u0105du TVP przyszed\u0142 do mnie Piotr Gawe\u0142\u00a0 (wiceprezes TVP,\u00a0 zast\u0119pca J. Dworaka \u2013 Pass), kt\u00f3rego zreszt\u0105 nie zna\u0142em wcze\u015bniej.\u00a0 Przyszed\u0142 mi powiedzie\u0107, \u017ce b\u0119dzie najlepszym prezesem telewizji i liczy na to, \u017ce ja go zaproteguj\u0119 u prezydenta. Ja mu na to powiedzia\u0142em: Ja si\u0119 tym nie zajmuj\u0119 i powiem panu dlaczego.\u00a0 Bo ja by\u0142bym najlepszym prezesem.\u201d<br \/>\n\u0141adna mi \u201eanegdota\u201d! To\u017c to kolejny dow\u00f3d, jak panowie dziel\u0105 sukno i si\u0119 tego si\u0119 wstydz\u0105. Ile\u017c trzeba mie\u0107 tupetu, \u017ceby &#8211; b\u0119d\u0105c wiceprezesem najwa\u017cniejszego medium publicznego &#8211; i\u015b\u0107 do szefa Kancelarii Prezydenta Rzeczypospolitej w zabiegach o posad\u0119. I jak\u0105 reputacj\u0105 cieszy si\u0119 pan Urba\u0144ski, \u017ce mo\u017cna do niego p\u00f3j\u015b\u0107 z tak\u0105 propozycj\u0105, nie boj\u0105c si\u0119, \u017ce zrzuci ze schod\u00f3w. Czy to si\u0119 tak bardzo r\u00f3\u017cni od\u00a0 tego, za co Lew Rywin siedzi w wi\u0119zieniu, za co wieszano psy na Czarzastym i Sp\u00f3\u0142ce? Wreszcie, co s\u0105dzi\u0107 o tym, \u017ce p. Urba\u0144ski nazajutrz po odej\u015bciu z Kancelarii Prezydenta, sypie wczorajszego sojusznika, kt\u00f3ry przyszed\u0142 \u017cebra\u0107 o posad\u0119?<br \/>\nKarteczka pokazana w \u201eFakcie\u201d by\u0142aby tylko \u015bwistkiem bez znaczenia, gdyby nie \u00f3w nieszcz\u0119sny kontekst. Dzie\u0144 wcze\u015bniej ca\u0142a Polska dowiedzia\u0142a si\u0119 o zaskakuj\u0105cej nominacji na szefa PZU &#8211; jedno z najwa\u017cniejszych stanowisk w gospodarce. O tej nominacji nawet pose\u0142 Gosiewski, jak przyzna\u0142, dowiedzia\u0142 si\u0119 z telewizji. \u015awiadczy to o tym, jak w\u0105ska jest rodzina decydent\u00f3w i jak dobrze pilnuje karteczek.\u00a0<br \/>\nTo, co pokaza\u0142 \u201eFakt\u201d, to nie \u015bwistek bez znaczenie \u2013 to\u00a0 czerwona kartka.<\/p>\n","protected":false},"excerpt":{"rendered":"<p>Nareszcie paparazzi zrobili co\u015b po\u017cytecznego. Zamiast polowa\u0107 na znanych ludzi w sytuacjach prywatnych, \u201eFakt\u201d pokaza\u0142 fotografi\u0119 karteczki, jak\u0105 pose\u0142 Jacek Kurski\u00a0 &#8211;\u00a0 jeden z ojc\u00f3w odnowy moralnej (ten od Wehrmachtu) &#8211; przekaza\u0142 ojcu chrzestnemu naszej demokracji. Na kartce widniej\u0105\u00a0 media publiczne (m.in. \u201eTr\u00f3jka\u201d) i osoby,\u00a0 kt\u00f3re maj\u0105 je obsadzi\u0107 (nazwiska nic mi nie m\u00f3wi\u0105). Podczas [&hellip;]<\/p>\n","protected":false},"author":4,"featured_media":0,"comment_status":"open","ping_status":"open","sticky":false,"template":"","format":"standard","meta":{"footnotes":""},"categories":[1],"tags":[],"_links":{"self":[{"href":"https:\/\/blog.polityka.pl\/passent\/wp-json\/wp\/v2\/posts\/61"}],"collection":[{"href":"https:\/\/blog.polityka.pl\/passent\/wp-json\/wp\/v2\/posts"}],"about":[{"href":"https:\/\/blog.polityka.pl\/passent\/wp-json\/wp\/v2\/types\/post"}],"author":[{"embeddable":true,"href":"https:\/\/blog.polityka.pl\/passent\/wp-json\/wp\/v2\/users\/4"}],"replies":[{"embeddable":true,"href":"https:\/\/blog.polityka.pl\/passent\/wp-json\/wp\/v2\/comments?post=61"}],"version-history":[{"count":0,"href":"https:\/\/blog.polityka.pl\/passent\/wp-json\/wp\/v2\/posts\/61\/revisions"}],"wp:attachment":[{"href":"https:\/\/blog.polityka.pl\/passent\/wp-json\/wp\/v2\/media?parent=61"}],"wp:term":[{"taxonomy":"category","embeddable":true,"href":"https:\/\/blog.polityka.pl\/passent\/wp-json\/wp\/v2\/categories?post=61"},{"taxonomy":"post_tag","embeddable":true,"href":"https:\/\/blog.polityka.pl\/passent\/wp-json\/wp\/v2\/tags?post=61"}],"curies":[{"name":"wp","href":"https:\/\/api.w.org\/{rel}","templated":true}]}}