
{"id":610,"date":"2009-09-27T18:30:38","date_gmt":"2009-09-27T16:30:38","guid":{"rendered":"http:\/\/passent.blog.polityka.pl\/?p=610"},"modified":"2009-09-27T18:39:10","modified_gmt":"2009-09-27T16:39:10","slug":"nie-ma-zartow-z-usa","status":"publish","type":"post","link":"https:\/\/blog.polityka.pl\/passent\/2009\/09\/27\/nie-ma-zartow-z-usa\/","title":{"rendered":"Nie ma \u017cart\u00f3w z USA"},"content":{"rendered":"<p><strong>Aresztowanie Romana Pola\u0144skiego na lotnisku w Zurichu, przez miejscow\u0105 policj\u0119 oraz agent\u00f3w FBI, kolejny raz dowodzi, \u017ce nie ma \u017cart\u00f3w z USA<\/strong>.<\/p>\n<p>Mimo up\u0142ywu ponad 30 lat od sprawy, Roman Pola\u0144ski, kt\u00f3ry ma na pie\u0144ku z ameryka\u0144skim wymiarem sprawiedliwo\u015bci, nie m\u00f3g\u0142 liczy\u0107 na przedawnienie lub na taryf\u0119 ulgow\u0105. Pisz\u0119 \u201ekolejny raz\u201d, poniewa\u017c kilka dni temu z lotniska w Chicago odes\u0142any zosta\u0142 do Polski zesp\u00f3\u0142 Zakopower, podobno dlatego, \u017ce przyjecha\u0142 z wiz\u0105 turystyczn\u0105, a faktycznie mia\u0142 koncertowa\u0107. Niedope\u0142nienie tej formalno\u015bci (praca na czarno) jest zjawiskiem rozpowszechnionym w USA, ale w spos\u00f3b bardziej dyskretny, mniej ostentacyjny ni\u017c publiczny koncert. Nasi blogowicze z USA b\u0119d\u0105 zapewne mieli na ten temat wi\u0119cej do powiedzenia.<\/p>\n<p>Ja przytocz\u0119 kilka do\u015bwiadcze\u0144 w\u0142asnych, kt\u00f3re potwierdzaj\u0105, \u017ce nie ma \u017cart\u00f3w z USA. W latach 1990-1994 pracowa\u0142em w Bostonie jako redaktor pisma \u201eThe WorldPaper\u201d (dodatek do gazet codziennych w r\u00f3\u017cnych krajach, po\u015bwi\u0119cony sprawom mi\u0119dzynarodowym, wydawany w r\u00f3\u017cnych j\u0119zykach). Aby zatrudni\u0107 mnie legalnie, pracodawca musia\u0142 wyst\u0105pi\u0107 o odpowiedni\u0105 wiz\u0119, chyba typu B-2, nie pami\u0119tam. Aby za\u0142atwi\u0107 tak\u0105 wiz\u0119, trzeba by\u0142o uzasadni\u0107, \u017ce \u017caden Amerykanin nie spe\u0142nia wymaga\u0144 na to stanowisko. Poniewa\u017c redakcja chcia\u0142a, \u017ceby pismo nie wyra\u017ca\u0142o stanowiska ameryka\u0144skiego, tylko mi\u0119dzynarodowe, a przynajmniej zagraniczne, potrzebny by\u0142 redaktor z zagranicy. (Poprzedni redaktorzy tak\u017ce byli cudzoziemcami). W celu za\u0142atwienia wizy, redakcja zgromadzi\u0142a bogat\u0105 dokumentacj\u0119, kt\u00f3ra mia\u0142a \u015bwiadczy\u0107, \u017ce jestem \u201eniezb\u0119dny i niezast\u0105piony\u201d, a nast\u0119pnie zwr\u00f3ci\u0142a si\u0119 do wyspecjalizowanej kancelarii adwokackiej, kt\u00f3ra za swoje us\u0142ugi wystawia\u0142a astronomiczne \u2013 jak mi si\u0119 wydawa\u0142o \u2013 rachunki. W ko\u0144cu uda\u0142o si\u0119.<\/p>\n<p>W owym czasie c\u00f3rka moja studiowa\u0142a na uniwersytecie, mieszka\u0142a w domu akademickim. Studia jako\u015b uko\u0144czy\u0142a, ale mia\u0142a problemy z zakupem piwa, gdy\u017c w stanie Massachusetts obowi\u0105zuje zakaz sprzeda\u017cy alkoholu osobom poni\u017cej 21 lat. Najpierw by\u0142a za m\u0142oda, a nast\u0119pnie nie mia\u0142a prawa jazdy, kt\u00f3re w Stanach s\u0142u\u017cy jako dow\u00f3d to\u017csamo\u015bci. Prawa jazdy nie mia\u0142a, poniewa\u017c nie umia\u0142a prowadzi\u0107 samochodu. Taka osoba mo\u017ce sobie wyrobi\u0107 tzw \u201esuche prawo jazdy\u201d \u2013 dokument z fotografi\u0105 etc, ale nie uprawniaj\u0105cy do prowadzenia pojazd\u00f3w mechanicznych, natomiast do zakupu alkoholu \u2013 tak.<\/p>\n<p>W tym celu uzbroili\u015bmy si\u0119 w paszporty oraz inne dokumenty i udali\u015bmy si\u0119 do miejscowego \u201ewydzia\u0142u komunikacji\u201d. Urz\u0119dnik obejrza\u0142 paszporty c\u00f3rki oraz \u015bwiadka koronnego, czyli m\u00f3j, i\u2026 odm\u00f3wi\u0142 wydania dokumentu, poniewa\u017c przepisy wymagaj\u0105 odpisu aktu urodzenia po angielsku i po\u015bwiadczonego notarialnie. Kiedy t\u0142umaczy\u0142em, \u017ce oto jest paszport c\u00f3rki oraz m\u00f3j, jej legitymacja studencka, a tak\u017ce szkolna, urz\u0119dnik odpowiedzia\u0142: \u201eCzy chce pan, \u017cebym straci\u0142 prac\u0119?\u201d. Nie mog\u0105c uwierzy\u0107 w ten absurd, poprosi\u0142em kierownika, kt\u00f3ry mia\u0142 dla mnie t\u0119 sam\u0105 odpowied\u017a: \u201eDo you want me to loose my job?\u201d. Wr\u00f3cili\u015bmy do domu z kwitkiem.<\/p>\n<p>Wtedy postanowili\u015bmy z Agnieszk\u0105 Osieck\u0105 uczci\u0107 21. urodziny naszej pe\u0142noletniej ju\u017c pociechy w barze hotelu przy Harvard Square w Bostonie. W dobrych humorach (urodziny!) wkroczyli\u015bmy do baru, gdzie zwr\u00f3ci\u0142em si\u0119 do barmana: &#8211; Jakiego drinka poleci\u0142by Pan naszej c\u00f3rce z okazji uko\u0144czenia przez ni\u0105 21 lat \u017cycia? Barman spojrza\u0142 na nas nie przerywaj\u0105c wycierania szklanek. \u2013 <em>Pogadamy o drinkach jak zobaczymy dokumenty<\/em> \u2013 odpowiedzia\u0142 sucho. Zanim c\u00f3rka okaza\u0142a paszport, usi\u0142owa\u0142em przekona\u0107 barmana, \u017ce jeste\u015bmy rodzicami tej panny, \u017ce przecie\u017c nie szliby\u015bmy do baru, gdyby\u015bmy nie wiedzieli itd., itp. Odpowied\u017a by\u0142a jedna: \u201eCzy chce pan, \u017cebym straci\u0142 prac\u0119?\u201d<\/p>\n<p>Od tamtego czasu wiem, \u017ce nie ma \u017cart\u00f3w z USA.<\/p>\n<p>***<br \/>\n<strong>PS<\/strong>.<\/p>\n<p>Drodzy Blogowicze \u2013 zapraszam na <strong>Festiwal  Agnieszki Osieckiej<\/strong>!<\/p>\n<p><strong>Koncert Fina\u0142owy Laureat\u00f3w XII edycji \u201cKonkursu Pami\u0119tajmy o Osieckiej\u201d<\/strong><br \/>\n10 pa\u017adziernika (sobota) godzina 19:00<br \/>\nStudio PR im. Agnieszki Osieckiej<br \/>\nRezerwacja bilet\u00f3w pod numerem tel. (22) 3 333 333<br \/>\nRetransmisja w Tr\u00f3jce w niedziel\u0119 o godz. 20.05<\/p>\n<p><strong>Koncert \u201eMi\u0142o\u015b\u0107 niedu\u017ca\u201c w wykonaniu Ch\u00f3ru kameralnego Collegium Musicum Uniwersytetu Warszawskiego pod batut\u0105 Andrzeja Borzyma<\/strong><br \/>\nW programie piosenki Jeremiego Przybory i Agnieszki Osieckiej.<br \/>\n11 pa\u017adziernika (niedziela) godzina 18:00<br \/>\nNova Scena Teatru Roma, wej\u015bcie od ul. \u015aw. Barbary 12, Warszawa<br \/>\nBilety w kasie Teatru ROMA, tel. (22) 628 03 60<\/p>\n<p><strong>Koncert \u201eDobranoc panowie\u201c z udzia\u0142em Andrzeja Poniedzielskiego<\/strong><br \/>\n11 pa\u017adziernika (niedziela) godzina 21:00<br \/>\nNova Scena Teatru Roma, wej\u015bcie od ul. \u015aw. Barbary 12, Warszawa<br \/>\nBilety w kasie, tel. (22) 628 03 60<\/p>\n<p><strong>Koncert Galowy Laureat\u00f3w XII edycji Konkursu \u201ePami\u0119tajmy o Osieckiej\u201c<\/strong>.<br \/>\nGwiazd\u0105 wieczoru b\u0119dzie Stanis\u0142aw Soyka z zespo\u0142em Soyka Kwintet +.<br \/>\nPrzedstawi premierowy recital utwor\u00f3w Agnieszki Osieckiej.<br \/>\n12 pa\u017adziernika (poniedzia\u0142ek), godzina 19:00<br \/>\nTeatr Roma, ul. Nowogrodzka 49, Warszawa<br \/>\nBilety  w kasie, tel. (22) 6280360<\/p>\n","protected":false},"excerpt":{"rendered":"<p>Aresztowanie Romana Pola\u0144skiego na lotnisku w Zurichu, przez miejscow\u0105 policj\u0119 oraz agent\u00f3w FBI, kolejny raz dowodzi, \u017ce nie ma \u017cart\u00f3w z USA. Mimo up\u0142ywu ponad 30 lat od sprawy, Roman Pola\u0144ski, kt\u00f3ry ma na pie\u0144ku z ameryka\u0144skim wymiarem sprawiedliwo\u015bci, nie m\u00f3g\u0142 liczy\u0107 na przedawnienie lub na taryf\u0119 ulgow\u0105. Pisz\u0119 \u201ekolejny raz\u201d, poniewa\u017c kilka dni temu [&hellip;]<\/p>\n","protected":false},"author":4,"featured_media":0,"comment_status":"open","ping_status":"open","sticky":false,"template":"","format":"standard","meta":{"footnotes":""},"categories":[1],"tags":[],"_links":{"self":[{"href":"https:\/\/blog.polityka.pl\/passent\/wp-json\/wp\/v2\/posts\/610"}],"collection":[{"href":"https:\/\/blog.polityka.pl\/passent\/wp-json\/wp\/v2\/posts"}],"about":[{"href":"https:\/\/blog.polityka.pl\/passent\/wp-json\/wp\/v2\/types\/post"}],"author":[{"embeddable":true,"href":"https:\/\/blog.polityka.pl\/passent\/wp-json\/wp\/v2\/users\/4"}],"replies":[{"embeddable":true,"href":"https:\/\/blog.polityka.pl\/passent\/wp-json\/wp\/v2\/comments?post=610"}],"version-history":[{"count":0,"href":"https:\/\/blog.polityka.pl\/passent\/wp-json\/wp\/v2\/posts\/610\/revisions"}],"wp:attachment":[{"href":"https:\/\/blog.polityka.pl\/passent\/wp-json\/wp\/v2\/media?parent=610"}],"wp:term":[{"taxonomy":"category","embeddable":true,"href":"https:\/\/blog.polityka.pl\/passent\/wp-json\/wp\/v2\/categories?post=610"},{"taxonomy":"post_tag","embeddable":true,"href":"https:\/\/blog.polityka.pl\/passent\/wp-json\/wp\/v2\/tags?post=610"}],"curies":[{"name":"wp","href":"https:\/\/api.w.org\/{rel}","templated":true}]}}