
{"id":6101,"date":"2020-05-18T15:53:42","date_gmt":"2020-05-18T13:53:42","guid":{"rendered":"https:\/\/passent.blog.polityka.pl\/?p=6101"},"modified":"2020-05-18T16:28:37","modified_gmt":"2020-05-18T14:28:37","slug":"prl-w-trojce","status":"publish","type":"post","link":"https:\/\/blog.polityka.pl\/passent\/2020\/05\/18\/prl-w-trojce\/","title":{"rendered":"PRL w Tr\u00f3jce"},"content":{"rendered":"\n<p>Prosz\u0119 wybaczy\u0107 ponadtygodniow\u0105 nieobecno\u015b\u0107 na blogu. Du\u017co si\u0119 dzia\u0142o w tych dniach w Polsce, cho\u0107by pojawienie si\u0119 Rafa\u0142a Trzaskowskiego jako kandydata Koalicji Obywatelskiej w wyborach prezydenckich, \u201edobra zmiana\u201d komisarza w S\u0105dzie Najwy\u017cszym, a tak\u017ce kolejny wybuch wulkanu, jakim jest radiowa Tr\u00f3jka.<\/p>\n\n\n\n<!--more-->\n\n\n\n<p>Du\u017co si\u0119 dzia\u0142o tak\u017ce u mnie prywatnie, w\u0142a\u015bnie wr\u00f3ci\u0142em z &nbsp;kwarantanny po upojnej nocy w szpitalu na ul. Wo\u0142oskiej w Warszawie, gdzie dowiedzia\u0142em si\u0119, \u017ce jestem ujemny, czyli negatywny. Ale po kolei.<\/p>\n\n\n\n<p><strong>TRZASKOWSKI <\/strong>jest najlepszym z obecnych, co\u00a0 nie znaczy idealnym\u00a0kandydatem na prezydenta. Idealny to dla mnie by\u0142 Barack Obama ze swoj\u0105 Michelle, ale w Polsce nie mia\u0142by szans. Wi\u0119c jest Trzaskowski. Szkoda, \u017ce przepoczwarzenie Ma\u0142gorzaty w Andrzeja trwa\u0142o tak d\u0142ugo. Dotychczasowy prezydent Warszawy ma wiele zalet \u2013 do\u015bwiadczony w kraju i za granic\u0105, wiceminister spraw zagranicznych \u2013 ca\u0142kowite przeciwie\u0144stwo Ho\u0142owni, kt\u00f3rego atutem jest brak do\u015bwiadczenia politycznego, ale za to dorobek\u00a0fundacyjno-pomocowy za granic\u0105.<\/p>\n\n\n\n<p>Wraz z kandydatur\u0105 Trzaskowskiego liberalna lewica spod znaku czytelnik\u00f3w &#8222;Polityki&#8221; dosta\u0142a chyba swojego kandydata. Ale Polska jest du\u017co bardziej r\u00f3\u017cnorodna, Trzaskowski \u015bciga si\u0119 z op\u00f3\u017anionym startem, co utrudnia zadanie. Po jego pierwszej konferencji prasowej s\u0142ysza\u0142em uwagi g\u0142\u00f3wnie niemerytoryczne (nienaturalny, upozowany, nieuczesany \u2013 fryzjerzy mieli zakaz).<\/p>\n\n\n\n<p>Mnie razi\u0142 nadmiar wznios\u0142ych s\u0142\u00f3w i hase\u0142 przy niedostatku konkret\u00f3w &#8211; poza 6 proc. bud\u017cetu na ochron\u0119 zdrowia, no i k\u0105\u015bliw\u0105 uwag\u0105 pod adresem TVP Info. Ten, kto wygra\u0142 z Patrykiem Jakim, przeciwnikiem bardzo trudnym \u2013 da sobie jednak rad\u0119. Je\u017celi da\u0142 sobie rad\u0119 z Katarzyn\u0105 Kolend\u0105-Zalesk\u0105 z TVN, kt\u00f3ra grillowa\u0142a go z rozkosz\u0105, to poradzi sobie w wyborach. Bezwzgl\u0119dna pani redaktor&nbsp;chwil\u0119 potem siedzia\u0142a zas\u0142uchana w opowie\u015bci Wojciecha Manna.<\/p>\n\n\n\n<p><strong>TR\u00d3JKA<\/strong>.\u00a0Chocia\u017c kiedy\u015b wsp\u00f3\u0142pracowa\u0142em z Tr\u00f3jk\u0105 w cotygodniowych rozmowach &#8222;Peryskop&#8221; Wr\u00f3blewskiego i kabarecie re\u017cyserowanym przez Jurka Markuszewskiego (STS), ju\u017c od lat tego programu nie s\u0142ucham. Nie jest on zreszt\u0105 przeznaczony dla starszych pan\u00f3w. Co pewien czas opini\u0105 publiczn\u0105 wstrz\u0105sa\u0142y opowie\u015bci o tym, jak kolejne fale karierowicz\u00f3w wyrzucaj\u0105 lub wypychaj\u0105 dotychczasowych ludzi Tr\u00f3jki, a na ich miejsce (w ramach zasady TKM) przychodz\u0105 nowi, pp.Lisicki. Janecki i ca\u0142a ta dru\u017cyna Na Prawo Patrz.<\/p>\n\n\n\n<p>By\u0142y demonstracje w obronie wyrzuconych, by\u0142y polemiki, wyrazy sympatii, ale tak\u017ce pytania, dlaczego Mann i Nied\u017awied\u017a daj\u0105 swoj\u0105 twarz, nie odchodz\u0105. S\u0105 to dylematy, jakie i my mieli\u015bmy w PRL. Teraz sw\u00f3j PRL ma Tr\u00f3jka. No i sta\u0142o si\u0119. Z b\u0142ahego sk\u0105din\u0105d powodu ludzie Tr\u00f3jki s\u0105 ju\u017c poza Tr\u00f3jk\u0105.<\/p>\n\n\n\n<p>Ja b\u0119d\u0119 zawsze wspomina\u0142 zwi\u0105zki Agnieszki Osieckiej, a potem Fundacji Jej imienia z Tr\u00f3jk\u0105. Radiowe Studio Piosenki, jakie za\u0142o\u017cy\u0142a, a po Jej \u015bmierci Konkurs na najlepsz\u0105 interpretacj\u0119 piosenki Agnieszki, coroczne przes\u0142uchania kandydatek (-\u00f3w) i koncert w studiu im. Agnieszki Osieckiej na ul. My\u015bliwieckiej. Za strony Tr\u00f3jki wieloletnia gigantyczna praca Jana Borkowskiego i Zosi Sylwin.<\/p>\n\n\n\n<p>\u017begnajcie tamte czasy.<\/p>\n","protected":false},"excerpt":{"rendered":"<p>Prosz\u0119 wybaczy\u0107 ponadtygodniow\u0105 nieobecno\u015b\u0107 na blogu. Du\u017co si\u0119 dzia\u0142o w tych dniach w Polsce, cho\u0107by pojawienie si\u0119 Rafa\u0142a Trzaskowskiego jako kandydata Koalicji Obywatelskiej w wyborach prezydenckich, \u201edobra zmiana\u201d komisarza w S\u0105dzie Najwy\u017cszym, a tak\u017ce kolejny wybuch wulkanu, jakim jest radiowa Tr\u00f3jka.<\/p>\n","protected":false},"author":4,"featured_media":6108,"comment_status":"open","ping_status":"closed","sticky":false,"template":"","format":"standard","meta":{"footnotes":""},"categories":[1],"tags":[],"_links":{"self":[{"href":"https:\/\/blog.polityka.pl\/passent\/wp-json\/wp\/v2\/posts\/6101"}],"collection":[{"href":"https:\/\/blog.polityka.pl\/passent\/wp-json\/wp\/v2\/posts"}],"about":[{"href":"https:\/\/blog.polityka.pl\/passent\/wp-json\/wp\/v2\/types\/post"}],"author":[{"embeddable":true,"href":"https:\/\/blog.polityka.pl\/passent\/wp-json\/wp\/v2\/users\/4"}],"replies":[{"embeddable":true,"href":"https:\/\/blog.polityka.pl\/passent\/wp-json\/wp\/v2\/comments?post=6101"}],"version-history":[{"count":8,"href":"https:\/\/blog.polityka.pl\/passent\/wp-json\/wp\/v2\/posts\/6101\/revisions"}],"predecessor-version":[{"id":6110,"href":"https:\/\/blog.polityka.pl\/passent\/wp-json\/wp\/v2\/posts\/6101\/revisions\/6110"}],"wp:featuredmedia":[{"embeddable":true,"href":"https:\/\/blog.polityka.pl\/passent\/wp-json\/wp\/v2\/media\/6108"}],"wp:attachment":[{"href":"https:\/\/blog.polityka.pl\/passent\/wp-json\/wp\/v2\/media?parent=6101"}],"wp:term":[{"taxonomy":"category","embeddable":true,"href":"https:\/\/blog.polityka.pl\/passent\/wp-json\/wp\/v2\/categories?post=6101"},{"taxonomy":"post_tag","embeddable":true,"href":"https:\/\/blog.polityka.pl\/passent\/wp-json\/wp\/v2\/tags?post=6101"}],"curies":[{"name":"wp","href":"https:\/\/api.w.org\/{rel}","templated":true}]}}