
{"id":611,"date":"2009-09-29T23:25:20","date_gmt":"2009-09-29T21:25:20","guid":{"rendered":"http:\/\/passent.blog.polityka.pl\/?p=611"},"modified":"2009-09-30T08:54:52","modified_gmt":"2009-09-30T06:54:52","slug":"chamstwo-wszedzie-co-to-bedzie","status":"publish","type":"post","link":"https:\/\/blog.polityka.pl\/passent\/2009\/09\/29\/chamstwo-wszedzie-co-to-bedzie\/","title":{"rendered":"Chamstwo wsz\u0119dzie &#8211; co to b\u0119dzie"},"content":{"rendered":"<p>Nie mog\u0119 poj\u0105\u0107, dlaczego \u201eGazeta Wyborcza\u201d opublikowa\u0142a fragmenty przes\u0142uchania w ameryka\u0144skim s\u0105dzie ofiary Romana Pola\u0144skiego sprzed ponad 30-tu lat, w kt\u00f3rych dziewczyna opowiada, jak oskar\u017cony \u201eliza\u0142 jej wagin\u0119, wsadzi\u0142 penisa, i wszed\u0142 do odbytu\u201d. Po co oni to wydrukowali? Przecie\u017c Pola\u0144ski przyzna\u0142 si\u0119 do stosunku p\u0142ciowego, wi\u0119c o co \u201eGazecie\u201d chodzi? Czy\u017cby tylko o sprzeda\u017c pisma, bo kryzys w mediach jest dotkliwy? A godno\u015b\u0107 obojga uczestnik\u00f3w tego stosunku sprzed ponad 30 lat? Przecie\u017c oboje maj\u0105 dzieci \u2013 czy one te\u017c to maj\u0105 czyta\u0107? Pola\u0144ski jest aresztowany, ale swoje prawa chyba ma. Poza tym, czy nie istnieje kwestia smaku? Mo\u017ce \u201eGazecie\u201d chodzi\u0142o o edukacj\u0119 seksualn\u0105, \u0142amanie tabu, pogn\u0119bienie re\u017cysera, opis stosunku oralnego i analnego? Mo\u017ce Redakcja mia\u0142a jak\u0105\u015b wy\u017csz\u0105 motywacj\u0119? I to \u201eGazeta\u201d, kt\u00f3re ma takie ogromne zas\u0142ugi dla kultury\u2026 Mo\u017ce mi to kto\u015b wyt\u0142umaczy?<\/p>\n<p>A Rzecznik Praw Obywatelskich, kt\u00f3ry obra\u017ca feministki, m\u00f3wi\u0105c, \u017ce one nie lubi\u0105 kobiet i s\u0105 niezrealizowane w innych rolach (zw\u0142aszcza w tej, w kt\u00f3rej 13-letnia dziewczyna zrealizowa\u0142a si\u0119 z ponad trzykrotnie od niej starszym re\u017cyserem). Kiedy podnios\u0142a si\u0119 wrzawa, dr Janusz Kochanowski przeprosi\u0142 za swoj\u0105 gaf\u0119, ale przecie\u017c to nie znaczy, \u017ce przesta\u0142 tak my\u015ble\u0107. Po prostu wymkn\u0119\u0142o mu si\u0119 kilka s\u0142\u00f3w za wiele, ale one doskonale pasuj\u0105 do konserwatywnych, prawicowych pogl\u0105d\u00f3w rzecznika. On tak my\u015bli, tylko si\u0119 wygada\u0142. Niestety, takich macho w Polsce nie brak. D\u017centelmen\u00f3w trzeba szuka\u0107 ze \u015bwieczk\u0105. I to w kraju, w kt\u00f3rym s\u0105 takie wspania\u0142e obro\u0144czyni praw kobiet jak Maria Janion, Magdalena \u015aroda, Kazimiera Szczuka czy Agnieszka Graff! Je\u017celi to nie s\u0105 osoby spe\u0142nione, to ja jestem \u015bwi\u0119tym tureckim.<\/p>\n<p>A ksi\u0105dz redaktor \u201eGo\u015bcia Niedzielnego\u201d? Zatrute strza\u0142y, jakie pos\u0142a\u0142 pod adresem Alicji Tysi\u0105c \u2013 to\u017c to zwyczajne chamstwo. Niechby ksi\u0105dz &#8211; redaktor kierowa\u0142 si\u0119 chrze\u015bcija\u0144sk\u0105 zasad\u0105 mi\u0142osierdzia i mi\u0142o\u015bci bli\u017aniego. Mo\u017cna by\u0107 przeciwnikiem aborcji, obro\u0144c\u0105 \u017cycia od chwili pocz\u0119cia do naturalnego ko\u0144ca, ale nie musi by\u0107 naturalne obra\u017canie innych ludzi, kt\u00f3rzy jeszcze \u017cyj\u0105. Ksi\u0105dz &#8211; redaktor katolickiej gazety powinien umie\u0107 wczu\u0107 si\u0119 w sytuacj\u0119 kobiety, kt\u00f3ra ma ogromny problem zdrowotny, a grozi\u0142a jej dalsza, by\u0107 mo\u017ce ca\u0142kowita, utrata wzroku. Czy minimum empatii przekracza maksimum mo\u017cliwo\u015bci ksi\u0119dza &#8211; redaktora? Je\u017celi w sporach \u015bwiatopogl\u0105dowych nie pow\u015bci\u0105gnie si\u0119 j\u0119zyka, to mo\u017ce doj\u015b\u0107 do tego, do czego dosz\u0142o ju\u017c w USA, to jest do strzelania do lekarzy.<\/p>\n<p>Podobnie w dyskusji o aresztowaniu Romana Pola\u0144skiego. Dziennikarka zaproszona jako autorytet do TVN 24 powiedzia\u0142a, \u017ce Samantha mia\u0142a rozchylone uda (nie cytuj\u0119 dok\u0142adnie), czyli sama sobie winna. Subtelny Krzysztof Zanussi nazwa\u0142 t\u0119 dziewczyn\u0119 \u201eprostytutk\u0105\u201d, jak gdyby to by\u0142a okoliczno\u015b\u0107 \u0142agodz\u0105ca dla m\u0119\u017cczyzny w sile wieku. Czy to ma znaczy\u0107, \u017ce korzystanie z us\u0142ug nieletnich prostytutek nie budzi moralnego niepokoju?<\/p>\n<p>\u017bycz\u0119 jak najlepiej Romanowi Pola\u0144skiemu, Alicji Tysi\u0105c i feministkom, w tej chwili nie chodzi mi o nich, tylko o nas: w jakim klimacie my \u017cyjemy? Pokr\u0119tny re\u017cyser, szanowana \u201eGazeta\u201d, nieszcz\u0119sny rzecznik, ma\u0142o subtelna dziennikarka i z\u0142owrogi ksi\u0105dz nadaj\u0105 ton publicznej \u201edebacie\u201d \u2013 nie takiej, jakiej by\u015bmy sobie \u017cyczyli.<\/p>\n<p>***<\/p>\n<p>Na koniec kilka odpowiedzi. <strong>Dorota M<\/strong>. pyta, jaki jest m\u00f3j osobisty stosunek do aresztowania Romana Pola\u0144skiego. Odpowiadam: mam mieszane uczucia. Wtedy (w latach 80.) sk\u0142onno\u015b\u0107 Pola\u0144skiego do m\u0142odych dziewcz\u0105t wydawa\u0142a mi si\u0119 niezrozumia\u0142a, mo\u017ce nawet chorobliwa, na pewno niesmaczna. Ucieczka przed wymiarem sprawiedliwo\u015bci \u2013 te\u017c. Ale rozumiem strach przed odpowiedzialno\u015bci\u0105, nie chcia\u0142bym by\u0107 Katonem. Wbrew ministrowi Zdrojewskiemu nie uwa\u017cam jednak aresztowania Pola\u0144skiego za jakikolwiek krok antypolski, nie podoba mi si\u0119 ostentacyjne zaanga\u017cowanie ministr\u00f3w rz\u0105du polskiego, zaleca\u0142bym pow\u015bci\u0105gliwo\u015b\u0107 a la Donald Tusk. Rozumiem, \u017ce prawo obowi\u0105zuje wszystkich, a konsekwencja w jego egzekwowaniu ma tak\u017ce sw\u00f3j efekt dydaktyczny i odstraszaj\u0105cy. Ch\u0119tnie natomiast podpisa\u0142bym apel o u\u0142askawienie Romana Pola\u0144skiego, gdy nadejdzie odpowiedni czas.<\/p>\n<p><strong>Georges 53<\/strong> czyta mnie od 40 lat i \u201ejest zawiedziony\u201d. Powa\u017cnie m\u00f3wi\u0105c \u2013 ubolewam, ale wszystkim dogodzi\u0107 nie spos\u00f3b. A \u017cartuj\u0105c odpowiem: \u201eSzkoda, \u017ce nie czyta mnie Pan od 50. lat \u2013 straci\u0142 Pan ca\u0142\u0105 dekad\u0119\u201d. Pozdrawiam!<\/p>\n<p><strong>Sewerus<\/strong> prosi o wpis o na temat Agnieszki Osieckiej. Postaram si\u0119, a na razie polecam stron\u0119 po\u015bwi\u0119con\u0105 Agnieszce: <a href=\"http:\/\/www.okularnicy.org.pl\/\" target=\"_blank\"><strong>okularnicy.org.pl <\/strong><\/a><\/p>\n<p>***<br \/>\n<strong>PS<\/strong>.<\/p>\n<p>Drodzy Blogowicze \u2013 zapraszam na <strong>Festiwal  Agnieszki Osieckiej<\/strong>!<\/p>\n<p><strong>Koncert Fina\u0142owy Laureat\u00f3w XII edycji \u201cKonkursu Pami\u0119tajmy o Osieckiej\u201d<\/strong><br \/>\n10 pa\u017adziernika (sobota) godzina 19:00<br \/>\nStudio PR im. Agnieszki Osieckiej<br \/>\nRezerwacja bilet\u00f3w pod numerem tel. (22) 3 333 333<br \/>\nRetransmisja w Tr\u00f3jce w niedziel\u0119 o godz. 20.05<\/p>\n<p><strong>Koncert \u201eMi\u0142o\u015b\u0107 niedu\u017ca\u201c w wykonaniu Ch\u00f3ru kameralnego Collegium Musicum Uniwersytetu Warszawskiego pod batut\u0105 Andrzeja Borzyma<\/strong><br \/>\nW programie piosenki Jeremiego Przybory i Agnieszki Osieckiej.<br \/>\n11 pa\u017adziernika (niedziela) godzina 18:00<br \/>\nNova Scena Teatru Roma, wej\u015bcie od ul. \u015aw. Barbary 12, Warszawa<br \/>\nBilety w kasie Teatru ROMA, tel. (22) 628 03 60<\/p>\n<p><strong>Koncert \u201eDobranoc panowie\u201c z udzia\u0142em Andrzeja Poniedzielskiego<\/strong><br \/>\n11 pa\u017adziernika (niedziela) godzina 21:00<br \/>\nNova Scena Teatru Roma, wej\u015bcie od ul. \u015aw. Barbary 12, Warszawa<br \/>\nBilety w kasie, tel. (22) 628 03 60<\/p>\n<p><strong>Koncert Galowy Laureat\u00f3w XII edycji Konkursu \u201ePami\u0119tajmy o Osieckiej\u201c<\/strong>.<br \/>\nGwiazd\u0105 wieczoru b\u0119dzie Stanis\u0142aw Soyka z zespo\u0142em Soyka Kwintet +.<br \/>\nPrzedstawi premierowy recital utwor\u00f3w Agnieszki Osieckiej.<br \/>\n12 pa\u017adziernika (poniedzia\u0142ek), godzina 19:00<br \/>\nTeatr Roma, ul. Nowogrodzka 49, Warszawa<br \/>\nBilety  w kasie, tel. (22) 6280360<\/p>\n","protected":false},"excerpt":{"rendered":"<p>Nie mog\u0119 poj\u0105\u0107, dlaczego \u201eGazeta Wyborcza\u201d opublikowa\u0142a fragmenty przes\u0142uchania w ameryka\u0144skim s\u0105dzie ofiary Romana Pola\u0144skiego sprzed ponad 30-tu lat, w kt\u00f3rych dziewczyna opowiada, jak oskar\u017cony \u201eliza\u0142 jej wagin\u0119, wsadzi\u0142 penisa, i wszed\u0142 do odbytu\u201d. Po co oni to wydrukowali? Przecie\u017c Pola\u0144ski przyzna\u0142 si\u0119 do stosunku p\u0142ciowego, wi\u0119c o co \u201eGazecie\u201d chodzi? Czy\u017cby tylko o sprzeda\u017c [&hellip;]<\/p>\n","protected":false},"author":4,"featured_media":0,"comment_status":"open","ping_status":"open","sticky":false,"template":"","format":"standard","meta":{"footnotes":""},"categories":[1],"tags":[],"_links":{"self":[{"href":"https:\/\/blog.polityka.pl\/passent\/wp-json\/wp\/v2\/posts\/611"}],"collection":[{"href":"https:\/\/blog.polityka.pl\/passent\/wp-json\/wp\/v2\/posts"}],"about":[{"href":"https:\/\/blog.polityka.pl\/passent\/wp-json\/wp\/v2\/types\/post"}],"author":[{"embeddable":true,"href":"https:\/\/blog.polityka.pl\/passent\/wp-json\/wp\/v2\/users\/4"}],"replies":[{"embeddable":true,"href":"https:\/\/blog.polityka.pl\/passent\/wp-json\/wp\/v2\/comments?post=611"}],"version-history":[{"count":0,"href":"https:\/\/blog.polityka.pl\/passent\/wp-json\/wp\/v2\/posts\/611\/revisions"}],"wp:attachment":[{"href":"https:\/\/blog.polityka.pl\/passent\/wp-json\/wp\/v2\/media?parent=611"}],"wp:term":[{"taxonomy":"category","embeddable":true,"href":"https:\/\/blog.polityka.pl\/passent\/wp-json\/wp\/v2\/categories?post=611"},{"taxonomy":"post_tag","embeddable":true,"href":"https:\/\/blog.polityka.pl\/passent\/wp-json\/wp\/v2\/tags?post=611"}],"curies":[{"name":"wp","href":"https:\/\/api.w.org\/{rel}","templated":true}]}}