
{"id":6111,"date":"2020-05-22T16:48:40","date_gmt":"2020-05-22T14:48:40","guid":{"rendered":"https:\/\/passent.blog.polityka.pl\/?p=6111"},"modified":"2020-05-22T19:17:03","modified_gmt":"2020-05-22T17:17:03","slug":"jeden-most-za-daleko","status":"publish","type":"post","link":"https:\/\/blog.polityka.pl\/passent\/2020\/05\/22\/jeden-most-za-daleko\/","title":{"rendered":"Jeden most za daleko"},"content":{"rendered":"\n<p>Ekscelencja Georgette Mosbacher, ambasador USA w Polsce, ma zdolno\u015b\u0107 zaskakiwania. Niedawno zaskoczy\u0142a bardzo m\u0105drze, wyst\u0119puj\u0105c w obronie TVN, najlepszej polskiej\u00a0telewizji, b\u0119d\u0105cej sk\u0105din\u0105d w\u0142asno\u015bci\u0105 ameryka\u0144sk\u0105.<\/p>\n\n\n\n<!--more-->\n\n\n\n<p>Kolejna wypowied\u017a, a w\u0142a\u015bciwie wpis pani ambasador jest \u2013 dla odmiany \u2013 niepokoj\u0105cy: \u201eJe\u015bli Niemcy chc\u0105 zmniejsza\u0107 potencja\u0142 nuklearny i os\u0142abi\u0107 NATO, to by\u0107 mo\u017ce Polska \u2013 kt\u00f3ra rzetelnie wywi\u0105zuje si\u0119 ze swoich zobowi\u0105za\u0144, rozumie ryzyka i le\u017cy na wschodniej flance NATO \u2013 mog\u0142aby przyj\u0105\u0107 ten potencja\u0142 u siebie\u201d. Do komentarza (czytamy w &#8222;DGP&#8221;) za\u0142\u0105czono wypowied\u017a ambasadora Stan\u00f3w w Berlinie Richarda Grenella, kt\u00f3ry krytykowa\u0142 niemieckich polityk\u00f3w (g\u0142\u00f3wnie z SPD) podwa\u017caj\u0105cych sens zaanga\u017cowania Niemiec w program <em>nuclear sharing<\/em>.<\/p>\n\n\n\n<p>Dla czytelnika polskiego (polecam artyku\u0142 Mi\u0142osza i Parafianowicza w &#8222;DGP&#8221;) wypowied\u017a pani ambasador jest cokolwiek\u00a0zaskakuj\u0105ca. Tylko pandemia, wybory i rozpad radiowej Tr\u00f3jki t\u0142umacz\u0105 ma\u0142e echo tej wypowiedzi. Czy\u017cby w daj\u0105cej si\u0119 przewidzie\u0107 przysz\u0142o\u015bci i w ramach coraz bli\u017cszej wsp\u00f3\u0142pracy wojskowej z USA i w NATO\u00a0rozpatrywane by\u0142o umieszczenie na terenie naszego kraju bomb atomowych? Czy pod tym k\u0105tem np. wybrano samoloty F 35, kt\u00f3re mog\u0142yby\u00a0by\u0107 wyposa\u017cone w rakiety z broni\u0105 j\u0105drow\u0105?<\/p>\n\n\n\n<p>W Polsce nikt o tym g\u0142o\u015bno nie m\u00f3wi. \u201eNie trwaj\u0105 prace nad przyst\u0105pieniem Polski do programu <em>nuclear sharing<\/em>, kt\u00f3ry umo\u017cliwia dost\u0119p do broni j\u0105drowej cz\u0142onkom NATO\u201d \u2013 pisze MON w odpowiedzi na pytanie &#8222;DGP&#8221;. Je\u017celi tak, to dlaczego ambasador Mosbacher nas straszy? Jej wypowied\u017a nale\u017cy chyba czyta\u0107 w kontek\u015bcie sporu USA\u2013RFN. Wskazanie na Polsk\u0119 jako alternatyw\u0119 dla Niemiec\u00a0mo\u017ce by\u0107 form\u0105 nacisku, szanta\u017cu wobec Berlina. Nie chcecie rakiet czy bomb, to mo\u017ce zechce Polska \u2013 gorliwy i zawsze ch\u0119tny do wsp\u00f3\u0142pracy\u00a0klient Ameryki?<\/p>\n\n\n\n<p>Zaskakuj\u0105ce, \u017ce wypowied\u017a taka pad\u0142a bez uzgodnienia ze stron\u0105 polsk\u0105. Polska zosta\u0142a u\u017cyta do nacisku na Niemcy. A gdzie zasada \u201enic o nas bez nas\u201d? Warto, by pani ambasador pami\u0119ta\u0142a, \u017ce stosunki polsko-niemieckie okre\u015blane s\u0105 w Warszawie i w Berlinie, a nie w stolicach pa\u0144stw trzecich, cho\u0107by najlepszych sojusznik\u00f3w. To s\u0105 sprawy wewn\u0119trzne Niemiec, niemiecko-niemieckie, niemiecko-ameryka\u0144skie, ale Polski prosz\u0119 w to nie miesza\u0107.<\/p>\n\n\n\n<p>Koncepcja atomowa, kwestionowana przez cz\u0119\u015b\u0107 polityk\u00f3w w Niemczech, nie powinna by\u0107 zrzucana na Polsk\u0119 tylko po to, by przywo\u0142a\u0107 Niemcy do porz\u0105dku. Mamy swoje interesy, w tym stosunki z zachodnim s\u0105siadem, \u00a0kt\u00f3re nie powinny by\u0107 narz\u0119dziem w stosunkach NATO\u2013Niemcy\u2013USA. Kwestia udzia\u0142u Polski w programie <em>nuclear sharing<\/em> to kwestia dalszej przysz\u0142o\u015bci. Jak m\u00f3wi\u0105 Amerykanie: przejdziemy przez most, gdy do niego dojdziemy.<\/p>\n\n\n\n<p><strong>Zaproszenie<\/strong><br>Genera\u0142 pilot Tomasz Drewniak, by\u0142y dow\u00f3dca Si\u0142 Powietrznych, oraz redaktor Pawe\u0142 Wro\u0144ski (&#8222;GW&#8221;) b\u0119d\u0105 naszymi go\u015b\u0107mi w TOK FM &#8211; niedziela, godz. 10:05.<\/p>\n","protected":false},"excerpt":{"rendered":"<p>Ekscelencja Georgette Mosbacher, ambasador USA w Polsce, ma zdolno\u015b\u0107 zaskakiwania. Niedawno zaskoczy\u0142a bardzo m\u0105drze, wyst\u0119puj\u0105c w obronie TVN, najlepszej polskiej\u00a0telewizji, b\u0119d\u0105cej sk\u0105din\u0105d w\u0142asno\u015bci\u0105 ameryka\u0144sk\u0105.<\/p>\n","protected":false},"author":4,"featured_media":6115,"comment_status":"open","ping_status":"closed","sticky":false,"template":"","format":"standard","meta":{"footnotes":""},"categories":[1],"tags":[],"_links":{"self":[{"href":"https:\/\/blog.polityka.pl\/passent\/wp-json\/wp\/v2\/posts\/6111"}],"collection":[{"href":"https:\/\/blog.polityka.pl\/passent\/wp-json\/wp\/v2\/posts"}],"about":[{"href":"https:\/\/blog.polityka.pl\/passent\/wp-json\/wp\/v2\/types\/post"}],"author":[{"embeddable":true,"href":"https:\/\/blog.polityka.pl\/passent\/wp-json\/wp\/v2\/users\/4"}],"replies":[{"embeddable":true,"href":"https:\/\/blog.polityka.pl\/passent\/wp-json\/wp\/v2\/comments?post=6111"}],"version-history":[{"count":3,"href":"https:\/\/blog.polityka.pl\/passent\/wp-json\/wp\/v2\/posts\/6111\/revisions"}],"predecessor-version":[{"id":6116,"href":"https:\/\/blog.polityka.pl\/passent\/wp-json\/wp\/v2\/posts\/6111\/revisions\/6116"}],"wp:featuredmedia":[{"embeddable":true,"href":"https:\/\/blog.polityka.pl\/passent\/wp-json\/wp\/v2\/media\/6115"}],"wp:attachment":[{"href":"https:\/\/blog.polityka.pl\/passent\/wp-json\/wp\/v2\/media?parent=6111"}],"wp:term":[{"taxonomy":"category","embeddable":true,"href":"https:\/\/blog.polityka.pl\/passent\/wp-json\/wp\/v2\/categories?post=6111"},{"taxonomy":"post_tag","embeddable":true,"href":"https:\/\/blog.polityka.pl\/passent\/wp-json\/wp\/v2\/tags?post=6111"}],"curies":[{"name":"wp","href":"https:\/\/api.w.org\/{rel}","templated":true}]}}