
{"id":6117,"date":"2020-05-25T16:16:08","date_gmt":"2020-05-25T14:16:08","guid":{"rendered":"https:\/\/passent.blog.polityka.pl\/?p=6117"},"modified":"2020-05-25T17:12:44","modified_gmt":"2020-05-25T15:12:44","slug":"partacze-z-nowogrodzkiej","status":"publish","type":"post","link":"https:\/\/blog.polityka.pl\/passent\/2020\/05\/25\/partacze-z-nowogrodzkiej\/","title":{"rendered":"Partacze z Nowogrodzkiej"},"content":{"rendered":"\n<p><strong>Szczyt lizusostwa.<\/strong> Prawnik kancelarii prezydenta Andrzej Dera powiedzia\u0142, \u017ce jego zdaniem prezydent Duda jest najlepszym prezydentem od 1989 r. Czy lepszym od Lecha Kaczy\u0144skiego? \u2013 Tak, lepszym, poniewa\u017c kadencja prezydenta Kaczy\u0144skiego zosta\u0142a przerwana, powiedzia\u0142 minister.<\/p>\n\n\n\n<!--more-->\n\n\n\n<p>Z jednej strony nale\u017c\u0105 mu si\u0119 s\u0142owa uznania za odwag\u0119, poniewa\u017c dotychczas w obozie w\u0142adzy obowi\u0105zywa\u0142 przekaz, \u017ce prezydent  Rzeczypospolitej profesor (koniecznie!) L.K. by\u0142 najlepszy pod ka\u017cdym wzgl\u0119dem, a nawet \u017ce by\u0142 prezydentem tysi\u0105clecia. Sk\u0142adaj\u0105cych kwiaty i ho\u0142dy pod jego pomnikiem zwalnia np. od obowi\u0105zku noszenia maseczek i zachowania dw\u00f3ch metr\u00f3w \u201eodleg\u0142o\u015bci spo\u0142ecznej\u201d.<\/p>\n\n\n\n<p>Niestety, minister Dera grubo myli si\u0119 w ocenie swojego pryncypa\u0142a PAD. To prezydent, kt\u00f3ry wielokrotnie \u0142ama\u0142 konstytucj\u0119, w\u0142asny ob\u00f3z traktuje go per noga (vide powr\u00f3t Jacka Kurskiego do zarz\u0105du TVP), nie sta\u0142 si\u0119 autorytetem, budzi konsternacj\u0119 i za\u017cenowanie. Jego najnowszy blama\u017c to wyb\u00f3r prof. Ma\u0142gorzaty Manowskiej na pierwsz\u0105 prezes S\u0105du Najwy\u017cszego, mimo \u017ce uzyska\u0142a dwa razy mniej g\u0142os\u00f3w (25) ni\u017c zwyci\u0119zca: prof. W\u0142odzimierz Wr\u00f3bel.<\/p>\n\n\n\n<p>Ten wyb\u00f3r, acz zgodny z prawem, to nied\u017awiedzia przys\u0142uga dla prof. Manowskiej, za kt\u00f3r\u0105 ju\u017c zawsze b\u0119dzie si\u0119 wlok\u0142a opinia faworyty prezydenta, a nie swojego \u015brodowiska. W inauguracyjnym wyst\u0105pieniu pani MM apelowa\u0142a o s\u0105dzenie ludzi wed\u0142ug ich dorobku, a nie wed\u0142ug tego, kto sk\u0105d przychodzi. Zgoda, cho\u0107 przynale\u017cno\u015b\u0107 do takiej lub innej organizacji prawniczej co\u015b o pogl\u0105dach m\u00f3wi. Po pierwsze, pani MM nie \u201eprzysz\u0142a\u201d, tylko zosta\u0142a przyniesiona przez prezydenta, po drugie \u2013 czekamy, a\u017c powie, co my\u015bli o niezale\u017cno\u015bci s\u0119dzi\u00f3w od w\u0142adzy i od polityk\u00f3w.<\/p>\n\n\n\n<p><strong>Szczyt kompetencji<\/strong>. Doprowadzaj\u0105c do upadku najpierw stadnin\u0119 w Janowie, a nast\u0119pnie stadnin\u0119 Tr\u00f3jki na My\u015bliwieckiej, PiS stosuje taktyk\u0119 spalonej ziemi. Czego si\u0119 tknie &#8211; niszczy. W jednym i drugim przypadku polityczni nominaci bez kwalifikacji w ramach \u201ewymiany\u201d elit i zasady TKM zostali \u201erzuceni\u201d na wa\u017cne odcinki dobrej zmiany \u2013 konie i pegazy.<\/p>\n\n\n\n<p>Panowie i panie delegowane do Tr\u00f3jki krok po kroku zmieniali stacj\u0119 na coraz bardziej pisowsk\u0105 przez odpowiedni\u0105 zmian\u0119 ludzi, tematyki, wyra\u017canych opinii. Tr\u00f3jka z g\u0142\u00f3wnego nurtu opinii medi\u00f3w III RP przeprowadzona zosta\u0142a do g\u0142\u00f3wnego nurtu propagandy IV RP. Czy to jest wina red. Skowro\u0144skiego, czy red. \u015awietlika, czy Sobali, Cie\u015blika, czy innych komisarzy \u2013 trudno powiedzie\u0107. Mam nadziej\u0119, \u017ce uka\u017ce si\u0119 obiektywna monografia Tr\u00f3jki. Przyk\u0142ad piosenki Kazika pokazuje, \u017ce w Tr\u00f3jce panowa\u0142 strach przed dylematem: jak da\u0107 fajn\u0105 piosenk\u0119, ale si\u0119 nie narazi\u0107?<\/p>\n\n\n\n<p>Dok\u0142adnie tak by\u0142o w PRL. \u017bo\u0142nierze Wykl\u0119ci \u2013 w g\u00f3r\u0119, Wa\u0142\u0119sa w d\u00f3\u0142. Dyrekcja czuje, w kt\u00f3r\u0105 stron\u0119 wieje wiatr. W\u0142adza oczekiwa\u0142a serwitut\u00f3w, a nie k\u0142opot\u00f3w.<\/p>\n\n\n\n<p>W redakcji, w kt\u00f3rej przepracowa\u0142em ca\u0142e \u017cycie, takie dylematy by\u0142y codzienno\u015bci\u0105. Czy wydrukowa\u0107 w odcinkach powie\u015b\u0107 So\u0142\u017cenicyna, bo towarzysze radzieccy b\u0119d\u0105 niezadowoleni? Czy drukowa\u0107 recenzj\u0119 wierszy Bara\u0144czaka albo powie\u015bci Konwickiego, bo towarzysz Olszowski si\u0119 w\u015bcieknie? Drukowa\u0107 felietony Jerzego Andrzejewskiego, skoro napisa\u0142, \u017ce jest przeciwnikiem kary \u015bmierci za przest\u0119pstwa gospodarcze i Gomu\u0142ka krzycza\u0142 za to na Rakowskiego? Ten strach, \u017ce w\u0142adza mo\u017ce zmarszczy\u0107 brwi, sta\u0142 za decyzj\u0105 w sprawie piosenki \u201eM\u00f3j b\u00f3l\u2026\u201d.<\/p>\n\n\n\n<p>Kropka w kropk\u0119 powt\u00f3rka z historii PRL. Historia Tr\u00f3jki to kronika wymiany komisarzy. Przychodzi nowy dyrektor z politycznego nadania, jest czujny, zwalnia ludzi, bierze swoich, cenzuruje, ale stopniowo \u0142apie wirusa Tr\u00f3jki, wi\u0119c z kolei trzeba jego wywali\u0107 i znale\u017a\u0107 miejsce dla nowego. Ka\u017cdy odchodzi w aureoli m\u0119czennika, ka\u017cdy nast\u0119pny dokr\u0119ca troch\u0119 \u015brub\u0119, \u017ceby si\u0119 wykaza\u0107, a\u017c wreszcie ludzie powiedzieli \u201edo\u015b\u0107!\u201d. Dziwne, \u017ce tak p\u00f3\u017ano.<\/p>\n\n\n\n<p><strong>Szczyt arogancji<\/strong> to wyst\u0105pienie pe\u0142nomocnika wyborczego PAD Krzysztofa Sobolewskiego (zapami\u0119tajcie to nazwisko) do Pa\u0144stwowej Komisji Wyborczej ze skarg\u0105 na pozosta\u0142ych kandydat\u00f3w w wyborach prezydenckich, kt\u00f3rzy jakoby prowadzili kampani\u0119, zanim marsza\u0142ek Witek og\u0142osi\u0142a termin wybor\u00f3w. Skarga dotyczy wszystkich kandydat\u00f3w z wyj\u0105tkiem prezydenta Dudy, kt\u00f3ry (oczywi\u015bcie) \u017cadnej kampanii nie prowadzi.<\/p>\n\n\n\n<p>Tymczasem ka\u017cdy widzi, \u017ce czarne jest czarne. PAD je\u017adzi po kraju jak nakr\u0119cony, codziennie spotyka si\u0119 z wyborcami, pardon, z Polkami i z Polakami, bo to jest jego praca, jego ulubiony obowi\u0105zek, bo nikt mu tam nie pyskuje \u2013 wszyscy klaszcz\u0105. A je\u017celi w tym samym czasie Ho\u0142ownia czy Biedro\u0144 kupi\u0105 banana na bazarze, to jest niezgodne z prawem. Jest to taki sam szczyt bezprawia jak karanie mandatem 10 tys. z\u0142 (mniej wi\u0119cej dwie miesi\u0119czne pensje!) za brak maseczek czy odleg\u0142o\u015bci dw\u00f3ch metr\u00f3w pokojowych performer\u00f3w na Krakowskim Przedmie\u015bciu, czy te\u017c rozp\u0119dzanie gazem garstki przedsi\u0119biorc\u00f3w przez setki policjant\u00f3w.<\/p>\n\n\n\n<p>Jednocze\u015bnie przymyka si\u0119 oczy na podobne przewiny ze strony najwa\u017cniejszych os\u00f3b w orszaku Jaros\u0142awa Kaczy\u0144skiego na pl. Pi\u0142sudskiego. Ile\u017c w tym pogardy dla ludzi. Wstyd!<\/p>\n","protected":false},"excerpt":{"rendered":"<p>Szczyt lizusostwa. Prawnik kancelarii prezydenta Andrzej Dera powiedzia\u0142, \u017ce jego zdaniem prezydent Duda jest najlepszym prezydentem od 1989 r. Czy lepszym od Lecha Kaczy\u0144skiego? \u2013 Tak, lepszym, poniewa\u017c kadencja prezydenta Kaczy\u0144skiego zosta\u0142a przerwana, powiedzia\u0142 minister.<\/p>\n","protected":false},"author":4,"featured_media":6120,"comment_status":"open","ping_status":"closed","sticky":false,"template":"","format":"standard","meta":{"footnotes":""},"categories":[1],"tags":[],"_links":{"self":[{"href":"https:\/\/blog.polityka.pl\/passent\/wp-json\/wp\/v2\/posts\/6117"}],"collection":[{"href":"https:\/\/blog.polityka.pl\/passent\/wp-json\/wp\/v2\/posts"}],"about":[{"href":"https:\/\/blog.polityka.pl\/passent\/wp-json\/wp\/v2\/types\/post"}],"author":[{"embeddable":true,"href":"https:\/\/blog.polityka.pl\/passent\/wp-json\/wp\/v2\/users\/4"}],"replies":[{"embeddable":true,"href":"https:\/\/blog.polityka.pl\/passent\/wp-json\/wp\/v2\/comments?post=6117"}],"version-history":[{"count":7,"href":"https:\/\/blog.polityka.pl\/passent\/wp-json\/wp\/v2\/posts\/6117\/revisions"}],"predecessor-version":[{"id":6125,"href":"https:\/\/blog.polityka.pl\/passent\/wp-json\/wp\/v2\/posts\/6117\/revisions\/6125"}],"wp:featuredmedia":[{"embeddable":true,"href":"https:\/\/blog.polityka.pl\/passent\/wp-json\/wp\/v2\/media\/6120"}],"wp:attachment":[{"href":"https:\/\/blog.polityka.pl\/passent\/wp-json\/wp\/v2\/media?parent=6117"}],"wp:term":[{"taxonomy":"category","embeddable":true,"href":"https:\/\/blog.polityka.pl\/passent\/wp-json\/wp\/v2\/categories?post=6117"},{"taxonomy":"post_tag","embeddable":true,"href":"https:\/\/blog.polityka.pl\/passent\/wp-json\/wp\/v2\/tags?post=6117"}],"curies":[{"name":"wp","href":"https:\/\/api.w.org\/{rel}","templated":true}]}}