
{"id":612,"date":"2009-10-01T18:16:21","date_gmt":"2009-10-01T16:16:21","guid":{"rendered":"http:\/\/passent.blog.polityka.pl\/?p=612"},"modified":"2009-10-01T20:54:50","modified_gmt":"2009-10-01T18:54:50","slug":"zlapal-kozak-tatarzyna","status":"publish","type":"post","link":"https:\/\/blog.polityka.pl\/passent\/2009\/10\/01\/zlapal-kozak-tatarzyna\/","title":{"rendered":"Z\u0142apa\u0142 Kozak Tatarzyna"},"content":{"rendered":"<p><strong>Pani Szczepkowska mog\u0142aby og\u0142osi\u0107 w telewizji: \u201e1 pa\u017adziernika 2009 roku rozpocz\u0119\u0142a si\u0119 kampania przed wyborami prezydenta.\u201d Dwaj g\u0142\u00f3wni rywale \u2013 Kaczy\u0144ski i Tusk \u2013 kr\u0119cili na siebie bicz i dzisiaj oddali pierwsze strza\u0142y z bicza<\/strong>.<\/p>\n<p>Ob\u00f3z prezydencki, za po\u015brednictwem Mariusz Kami\u0144skiego, szefa Centralnego Biura Antykorupcyjnego, uderzy\u0142 Tuska i Platform\u0119 w sam splot s\u0142oneczny. Sformu\u0142owa\u0142 nieb\u0142ahe oskar\u017cenie przeciwko czo\u0142owym politykom Platformy, najbli\u017cszym wsp\u00f3\u0142pracownikom Donalda Tuska \u2013 Zbigniewowi Chlebowskiemu oraz Miros\u0142awowi Drzewieckiemu \u2013 zarzut ulegania lobbystom w sprawie przygotowywanej ustawy o grach losowych, kompromituj\u0105ce rozmowy telefoniczne Z.Ch. (przewodnicz\u0105cy klubu poselskiego PO i sejmowej Komisji Finans\u00f3w!) z zainteresowanymi osobami, wp\u0142at\u0119 jednego z nich na kampani\u0119 wyborcz\u0105 PO. Mimo \u017ce Prokuratura nie wszcz\u0119\u0142a jeszcze \u015bledztwa w tej sprawie, uznaj\u0105c zawiadomienie za niewystarczaj\u0105ce i oczekuj\u0105c stenogram\u00f3w nagranych rozm\u00f3w, Chlebowski wydaje si\u0119 ci\u0119\u017cko ranny. Na konferencji prasowej zapewnia\u0142, \u017ce nie podj\u0105\u0142 \u017cadnych dzia\u0142a\u0144 na rzecz swoich \u201ekoleg\u00f3w\u201d, ale uzna\u0142 swoje rozmowy za \u201eniefortunne\u201d i prywatne. G\u0142\u00f3wnym celem CBA (i PiS) nie s\u0105 jednak Chlebowski i Drzewiecki (kt\u00f3ry mia\u0142 wsp\u00f3\u0142pracowa\u0107 przy zmniejszeniu obci\u0105\u017ce\u0144 przemys\u0142u hazardowego), ale Donald Tusk.<\/p>\n<p>Znaj\u0105c Tuska, wiele wskazuje na to, \u017ce po\u015bwi\u0119ci on Zbigniewa Chlebowskiego, podobnie jak wyrzuca za burt\u0119 ka\u017cdego, wobec kogo formu\u0142owane s\u0105 zarzuty (np. Jacka Karnowskiego, prezydenta Sopotu). Opozycja ju\u017c grzmi, domagaj\u0105c si\u0119 powo\u0142ania komisji \u015bledczej Sejmu, PiS (\u201enowa afera Rywina\u201d) i SLD nie spoczn\u0105. PiS zdoby\u0142 nowy dow\u00f3d (?) korupcji, kt\u00f3r\u0105 przesi\u0105kni\u0119ta jest III RP &#8211; republika kolesi\u00f3w z Platformy.<\/p>\n<p>Donald Tusk jest jednak fighterem i b\u0119dzie atakowa\u0142 ob\u00f3z prezydencki, obu Kaczy\u0144skich i Kami\u0144skiego, \u015bledztwem w sprawie nielegalnych metod post\u0119powania CBA w tzw. aferze gruntowej. W tej sprawie w tych dniach prokuratura w Rzeszowie, kt\u00f3ra prowadzi \u015bledztwo, zmieni\u0142a status Mariusza Kami\u0144skiego ze \u015bwiadka na podejrzanego. Specjali\u015bci i komentatorzy b\u0119d\u0105 teraz ustala\u0107 kalendarium, dzie\u0144 po dniu, kto pierwszy sformu\u0142owa\u0142 zarzut, kto kiedy zawiadomi\u0142 o pope\u0142nieniu przest\u0119pstwa, co &#8211; moim zdaniem \u2013 do niczego nie doprowadzi, poza og\u00f3lnym wra\u017ceniem, \u017ce \u201etrzyma\u0142 Kozak Tatarzyna, a Tatarzyn za \u0142eb trzyma\u201d.<\/p>\n<p>Dlaczego CBA Mariusza Kami\u0144skiego skierowa\u0142o zawiadomienie nie tylko do Prokuratora Generalnego, ale i do Marszalk\u00f3w Sejmu i Senatu, nadaj\u0105c \u015bci\u015ble tajnej sprawie taki rozg\u0142os. Moim zdaniem dlatego, \u017ce chce afer\u0119 hazardow\u0105 nad\u0105\u0107 do rozmiar\u00f3w afery Oleksego i Rywina. Poza tym, skoro tyle os\u00f3b wiedzia\u0142o, to nie b\u0119dzie mo\u017cliwe ustalenie, w jaki spos\u00f3b \u201e\u015bci\u015ble tajne\u201d dokumenty trafi\u0142y akurat do \u201eRzeczpospolitej\u201d\u2026<\/p>\n<p>***<\/p>\n<p><strong>Rino<\/strong>: Nie pami\u0119tam artyku\u0142u (felietonu?) pt. \u201eTowarzyszka D\u0105browska\u201d, ani kiedy si\u0119 ukaza\u0142. Je\u017celi po 1998 r., to jest <a href=\"http:\/\/www.polityka.pl\/archive\/do\/registry\/articleSearch\" target=\"_blank\"><strong>dost\u0119pny na stronie \u201ePolityki\u201d<\/strong><\/a>, je\u017celi wcze\u015bniej, w latach 1993-1998, to mo\u017cna si\u0119 dowiedzie\u0107 w Archiwum \u201ePolityki\u201d, je\u017celi jeszcze wcze\u015bniej, przed 1992 r., to trzeba szuka\u0107 \u201er\u0119cznie\u201d w bibliotece. Pozdrawiam.<\/p>\n<p><strong>A.Falicz<\/strong> \u2013 zamiast wymienia\u0107 wszystkie rezolucje ONZ na dany temat, proponuj\u0119 zamie\u015bci\u0107 linka lub wskaz\u00f3wk\u0119, gdzie ich szuka\u0107. B\u0119dzie to u\u0142atwieniem dla innych blogowicz\u00f3w. Pozdrawiam.<\/p>\n<p>***<br \/>\n<strong>PS<\/strong>.<\/p>\n<p>Drodzy Blogowicze \u2013 zapraszam na <strong>Festiwal  Agnieszki Osieckiej<\/strong>!<\/p>\n<p><strong>Koncert Fina\u0142owy Laureat\u00f3w XII edycji \u201cKonkursu Pami\u0119tajmy o Osieckiej\u201d<\/strong><br \/>\n10 pa\u017adziernika (sobota) godzina 19:00<br \/>\nStudio PR im. Agnieszki Osieckiej<br \/>\nRezerwacja bilet\u00f3w pod numerem tel. (22) 3 333 333<br \/>\nRetransmisja w Tr\u00f3jce w niedziel\u0119 o godz. 20.05<\/p>\n<p><strong>Koncert \u201eMi\u0142o\u015b\u0107 niedu\u017ca\u201c w wykonaniu Ch\u00f3ru kameralnego Collegium Musicum Uniwersytetu Warszawskiego pod batut\u0105 Andrzeja Borzyma<\/strong><br \/>\nW programie piosenki Jeremiego Przybory i Agnieszki Osieckiej.<br \/>\n11 pa\u017adziernika (niedziela) godzina 18:00<br \/>\nNova Scena Teatru Roma, wej\u015bcie od ul. \u015aw. Barbary 12, Warszawa<br \/>\nBilety w kasie Teatru ROMA, tel. (22) 628 03 60<\/p>\n<p><strong>Koncert \u201eDobranoc panowie\u201c z udzia\u0142em Andrzeja Poniedzielskiego<\/strong><br \/>\n11 pa\u017adziernika (niedziela) godzina 21:00<br \/>\nNova Scena Teatru Roma, wej\u015bcie od ul. \u015aw. Barbary 12, Warszawa<br \/>\nBilety w kasie, tel. (22) 628 03 60<\/p>\n<p><strong>Koncert Galowy Laureat\u00f3w XII edycji Konkursu \u201ePami\u0119tajmy o Osieckiej\u201c<\/strong>.<br \/>\nGwiazd\u0105 wieczoru b\u0119dzie Stanis\u0142aw Soyka z zespo\u0142em Soyka Kwintet +.<br \/>\nPrzedstawi premierowy recital utwor\u00f3w Agnieszki Osieckiej.<br \/>\n12 pa\u017adziernika (poniedzia\u0142ek), godzina 19:00<br \/>\nTeatr Roma, ul. Nowogrodzka 49, Warszawa<br \/>\nBilety  w kasie, tel. (22) 6280360<\/p>\n","protected":false},"excerpt":{"rendered":"<p>Pani Szczepkowska mog\u0142aby og\u0142osi\u0107 w telewizji: \u201e1 pa\u017adziernika 2009 roku rozpocz\u0119\u0142a si\u0119 kampania przed wyborami prezydenta.\u201d Dwaj g\u0142\u00f3wni rywale \u2013 Kaczy\u0144ski i Tusk \u2013 kr\u0119cili na siebie bicz i dzisiaj oddali pierwsze strza\u0142y z bicza. Ob\u00f3z prezydencki, za po\u015brednictwem Mariusz Kami\u0144skiego, szefa Centralnego Biura Antykorupcyjnego, uderzy\u0142 Tuska i Platform\u0119 w sam splot s\u0142oneczny. Sformu\u0142owa\u0142 nieb\u0142ahe [&hellip;]<\/p>\n","protected":false},"author":4,"featured_media":0,"comment_status":"open","ping_status":"open","sticky":false,"template":"","format":"standard","meta":{"footnotes":""},"categories":[1],"tags":[],"_links":{"self":[{"href":"https:\/\/blog.polityka.pl\/passent\/wp-json\/wp\/v2\/posts\/612"}],"collection":[{"href":"https:\/\/blog.polityka.pl\/passent\/wp-json\/wp\/v2\/posts"}],"about":[{"href":"https:\/\/blog.polityka.pl\/passent\/wp-json\/wp\/v2\/types\/post"}],"author":[{"embeddable":true,"href":"https:\/\/blog.polityka.pl\/passent\/wp-json\/wp\/v2\/users\/4"}],"replies":[{"embeddable":true,"href":"https:\/\/blog.polityka.pl\/passent\/wp-json\/wp\/v2\/comments?post=612"}],"version-history":[{"count":0,"href":"https:\/\/blog.polityka.pl\/passent\/wp-json\/wp\/v2\/posts\/612\/revisions"}],"wp:attachment":[{"href":"https:\/\/blog.polityka.pl\/passent\/wp-json\/wp\/v2\/media?parent=612"}],"wp:term":[{"taxonomy":"category","embeddable":true,"href":"https:\/\/blog.polityka.pl\/passent\/wp-json\/wp\/v2\/categories?post=612"},{"taxonomy":"post_tag","embeddable":true,"href":"https:\/\/blog.polityka.pl\/passent\/wp-json\/wp\/v2\/tags?post=612"}],"curies":[{"name":"wp","href":"https:\/\/api.w.org\/{rel}","templated":true}]}}