
{"id":6127,"date":"2020-05-29T16:55:31","date_gmt":"2020-05-29T14:55:31","guid":{"rendered":"https:\/\/passent.blog.polityka.pl\/?p=6127"},"modified":"2020-05-29T17:27:34","modified_gmt":"2020-05-29T15:27:34","slug":"warczec-i-gryzc","status":"publish","type":"post","link":"https:\/\/blog.polityka.pl\/passent\/2020\/05\/29\/warczec-i-gryzc\/","title":{"rendered":"Warcze\u0107 i gry\u017a\u0107"},"content":{"rendered":"\n<p>\u201eMia\u0142ko\u015b\u0107 intelektualna Trzaskowskiego pora\u017ca, jest \u017ca\u0142osna. Jeszcze nie rozpocz\u0119\u0142a si\u0119 kampania, a on ju\u017c wy\u0142o\u017cy\u0142 wszystkie swoje blotki na st\u00f3\u0142\u201d \u2013 pisze w tygodniku &#8222;Sieci&#8221; Hanna Karp, \u201emedioznawca, religiolog, prof. WSKSiM\u00a0w Toruniu\u201d. Dla medi\u00f3w pisowskich Trzaskowski jest darem niebios. Nareszcie jest kim si\u0119 naje\u015b\u0107. Obgryzaj\u0105 go do ko\u015bci. Oto wypisy z najnowszego numeru &#8222;Sieci&#8221;.<\/p>\n\n\n\n<!--more-->\n\n\n\n<p>W rubryce &#8222;Sygnalista nadaje&#8221; pierwszych siedem meldunk\u00f3w (ca\u0142a strona) dotyczy kandydata KO:<\/p>\n\n\n\n<p>&#8211; Kampani\u0119 rozpocz\u0105\u0142 od ataku na TVP.<br>&#8211; Pokona\u0142 Patryka Jakiego w Warszawie m.in. przy pomocy ordynarnych k\u0142amstw i brutalnych atak\u00f3w.<br>&#8211; Straszny narcyz, straszny egot.<br>&#8211; Mo\u017cna zna\u0107 10 j\u0119zyk\u00f3w i w \u017cadnym nie mie\u0107 nic do powiedzenia.<br>&#8211; Kandydat Trzaskowski powinien by\u0142 przekona\u0107 prezydenta miasta do utworzenia ulicy Lecha Kaczy\u0144skiego.<br>&#8211; Uczestniczy w Grupie Bilderberg, z kt\u00f3rej\u00a0czerpie \u201ewiedz\u0119\u201d.<br>&#8211; Rozpoczyna krucjat\u0119, ale\u00a0nie pod znakiem krzy\u017ca.<\/p>\n\n\n\n<p>Krzysztof Feusette, &#8222;Rafa\u0142a fala\u201d: \u201eWiecie, gdzie to mam? W czajce! Niech mnie cmokn\u0105 w pomp\u0119 uszkodzon\u0105\u201d.<\/p>\n\n\n\n<p>Jan Pietrzak, \u201eWis\u0142a\u00a0m\u00f3wi: nie!\u201d: Ucieka od warszawskich problem\u00f3w: \u015bmieci, deficytu, skradzionych kamienic, awarii, truj\u0105cych \u015bciek\u00f3w, zagubionych obietnic, a zw\u0142aszcza od strefy relaksu.<\/p>\n\n\n\n<p>Jan Rokita, \u201eId\u0119 si\u0119 bi\u0107\u2026\u201d: Pewna konsultantka od marketingu twierdzi nawet, \u017ce nominuj\u0105c Trzaskowskiego, Platforma &#8222;wypuszcza z klatki pitbula, kt\u00f3rego zadaniem jest warcze\u0107 i gry\u017a\u0107&#8221;. To prawda, \u017ce od pierwszej chwili zwraca uwag\u0119 agresywny ton kandydata Platformy\u2026 Musi on \u017cywi\u0107 abominacj\u0119 do ca\u0142ej formacji pisowskiej.<\/p>\n\n\n\n<p>Stanis\u0142aw Janecki, \u201eOperacja dubler\u201d, czyli zast\u0105pienie Kidawy-B\u0142o\u0144skiej kandydatur\u0105 Trzaskowskiego: Ma odebra\u0107 g\u0142osy utracone na rzecz\u00a0 Ho\u0142owni i Kamysza, odwojowa\u0107 poparcie tych grup interes\u00f3w i \u015brodowisk, kt\u00f3re postawi\u0142y krzy\u017cyk\u00a0na PO.<\/p>\n\n\n\n<p>Alina Czerniakowska, \u201eBy\u0107 cz\u0142owiekiem czynu\u201d: Tysi\u0105ce litr\u00f3w brud\u00f3w i fekali\u00f3w sp\u0142ywa\u0142o do Wis\u0142y, zatruwaj\u0105c nie tylko nasze miasto, ale ca\u0142\u0105 Polsk\u0119. Pami\u0119tamy, \u017ce bez szybkiej reakcji premiera Mateusza Morawieckiego katastrofa ekologiczna mia\u0142aby niewyobra\u017calne skutki, bo pan Trzaskowski sta\u0142 przed kamer\u0105 z min\u0105 ucznia nieprzygotowanego do lekcji. (\u2026) Nieudolno\u015b\u0107, nieporadno\u015b\u0107, niepewno\u015b\u0107, brak umiej\u0119tno\u015bci \u00a0zarz\u0105dzania, my\u015blenia propa\u0144stwowego \u2013 sk\u0105d si\u0119 wzi\u0119li tacy kandydaci na najwy\u017cszy urz\u0105d w pa\u0144stwie, sk\u0105d tyle w nich tupetu i bezczelno\u015bci? Jedno potrafi\u0105 bezb\u0142\u0119dnie \u2013 k\u0142ama\u0107, zmy\u015bla\u0107, obra\u017ca\u0107, byle tylko \u201edowali\u0107\u201d obecnie rz\u0105dz\u0105cym, w szczeg\u00f3lno\u015bci Jaros\u0142awowi Kaczy\u0144skiemu, g\u0142\u00f3wnemu architektowi naprawy Polski\u2026<\/p>\n\n\n\n<p>Trzaskowski musi ich nie\u017ale bole\u0107. Gdyby si\u0119 go nie bali, toby tak nie pisali.<\/p>\n\n\n\n<p><strong>Zaproszenie<\/strong><br>Senator Marek Borowski (KO)\u00a0i mecenas Sylwia Gregorczyk-Abram (Stowarzyszenie Wolne S\u0105dy) b\u0119d\u0105 naszymi go\u015b\u0107mi w TOK FM &#8211; niedziela 31 maja, godz. 10:05.<\/p>\n","protected":false},"excerpt":{"rendered":"<p>\u201eMia\u0142ko\u015b\u0107 intelektualna Trzaskowskiego pora\u017ca, jest \u017ca\u0142osna. Jeszcze nie rozpocz\u0119\u0142a si\u0119 kampania, a on ju\u017c wy\u0142o\u017cy\u0142 wszystkie swoje blotki na st\u00f3\u0142\u201d \u2013 pisze w tygodniku &#8222;Sieci&#8221; Hanna Karp, \u201emedioznawca, religiolog, prof. WSKSiM\u00a0w Toruniu\u201d. Dla medi\u00f3w pisowskich Trzaskowski jest darem niebios. Nareszcie jest kim si\u0119 naje\u015b\u0107. Obgryzaj\u0105 go do ko\u015bci. Oto wypisy z najnowszego numeru &#8222;Sieci&#8221;.<\/p>\n","protected":false},"author":4,"featured_media":6134,"comment_status":"open","ping_status":"closed","sticky":false,"template":"","format":"standard","meta":{"footnotes":""},"categories":[1],"tags":[],"_links":{"self":[{"href":"https:\/\/blog.polityka.pl\/passent\/wp-json\/wp\/v2\/posts\/6127"}],"collection":[{"href":"https:\/\/blog.polityka.pl\/passent\/wp-json\/wp\/v2\/posts"}],"about":[{"href":"https:\/\/blog.polityka.pl\/passent\/wp-json\/wp\/v2\/types\/post"}],"author":[{"embeddable":true,"href":"https:\/\/blog.polityka.pl\/passent\/wp-json\/wp\/v2\/users\/4"}],"replies":[{"embeddable":true,"href":"https:\/\/blog.polityka.pl\/passent\/wp-json\/wp\/v2\/comments?post=6127"}],"version-history":[{"count":6,"href":"https:\/\/blog.polityka.pl\/passent\/wp-json\/wp\/v2\/posts\/6127\/revisions"}],"predecessor-version":[{"id":6133,"href":"https:\/\/blog.polityka.pl\/passent\/wp-json\/wp\/v2\/posts\/6127\/revisions\/6133"}],"wp:featuredmedia":[{"embeddable":true,"href":"https:\/\/blog.polityka.pl\/passent\/wp-json\/wp\/v2\/media\/6134"}],"wp:attachment":[{"href":"https:\/\/blog.polityka.pl\/passent\/wp-json\/wp\/v2\/media?parent=6127"}],"wp:term":[{"taxonomy":"category","embeddable":true,"href":"https:\/\/blog.polityka.pl\/passent\/wp-json\/wp\/v2\/categories?post=6127"},{"taxonomy":"post_tag","embeddable":true,"href":"https:\/\/blog.polityka.pl\/passent\/wp-json\/wp\/v2\/tags?post=6127"}],"curies":[{"name":"wp","href":"https:\/\/api.w.org\/{rel}","templated":true}]}}