
{"id":613,"date":"2009-10-05T08:20:32","date_gmt":"2009-10-05T06:20:32","guid":{"rendered":"http:\/\/passent.blog.polityka.pl\/?p=613"},"modified":"2009-10-05T08:20:32","modified_gmt":"2009-10-05T06:20:32","slug":"megaskandal-jestem-za","status":"publish","type":"post","link":"https:\/\/blog.polityka.pl\/passent\/2009\/10\/05\/megaskandal-jestem-za\/","title":{"rendered":"Megaskandal? Jestem za!"},"content":{"rendered":"<p><strong>Popieram pomys\u0142, \u017ceby we wtorek odwo\u0142a\u0107 ze stanowiska zar\u00f3wno Miros\u0142awa Drzewieckiego \u2013 ministra sportu, jak i Mariusza Kami\u0144skiego \u2013 szefa CBA. Zdaniem jednego z dzia\u0142aczy PiS by\u0142by to \u201emegaskandal\u201d. Je\u015bli tak \u2013 to jestem \u201eza\u201d<\/strong>.<\/p>\n<p>Miros\u0142aw Drzewiecki powinien by\u0107 odwo\u0142any nie tylko za nieudolne t\u0142umaczenie si\u0119 z afery hazardowej, w kt\u00f3rym utrzymuje, \u017ce biuro prawne jego ministerstwa \u017ale go zrozumia\u0142o, a pismo do ministra Finans\u00f3w podpisa\u0142 nie wiedz\u0105c (!) jaka jest tre\u015b\u0107 art. 47 przygotowywanej ustawy. Drzewiecki nie potrafi przekonuj\u0105co wyt\u0142umaczy\u0107, \u017ce pomi\u0119dzy jego pismem przeciw dop\u0142acie do gier losowych (co by\u0142oby na r\u0119k\u0119 tej bran\u017cy) a pismem odwrotnym oraz znajomo\u015bci\u0105 z \u201eRysiem\u201d Sobiesiakiem \u2013 biznesmenem z bran\u017cy \u201elosowej\u201d \u2013 nie ma zwi\u0105zku. Nie potrafi tez wyja\u015bni\u0107, dlaczego za\u0142atwia\u0142 prac\u0119 c\u00f3rce Sobiesiaka. Do tego dochodzi urlop szefa jego gabinetu politycznego, Marcina Roso\u0142a, w o\u015brodku wypoczynkowym Sobiesiaka.<\/p>\n<p>Wszystko to wygl\u0105da jak z reklam\u00f3wki PiS o zwi\u0105zkach ludzi biznesu z politykami (\u201emordo ty moja\u201d). Skoro Donald Tusk wybra\u0142 drog\u0119 odcinania si\u0119 od ka\u017cdego kolejnego polityka PO, wobec kt\u00f3rego pojawi\u0142y si\u0119 zarzuty (senator Misiak, prezydent Sopotu, Jacek Karnowski), to nie ma innego wyj\u015bcia, jak po\u015bwi\u0119ci\u0107 Drzewieckiego, chocia\u017c ten jest sprawnym organizatorem, ma dorobek (\u201eorliki\u201d, sukcesy polskich sportowc\u00f3w), jest potrzebny (przygotowania do Euro 2012) i ma zas\u0142ugi dla Platformy oraz jej szefa.<\/p>\n<p>W otoczeniu Tuska widz\u0119 dwa typy os\u00f3b: \u201e<strong>umys\u0142owi<\/strong>\u201d (Grad, Grupi\u0144ski, Klich, Zdrojewski) i <strong>koledzy<\/strong> (Chlebowski, Drzewiecki \u2013 ludzie, moim zdaniem, uczciwi, oddani, ale niefrasobliwi i poni\u017cej tego, czego oczekuje si\u0119 od ministra). Tych drugich jest zbyt wielu, potwierdzaj\u0105 oni uwag\u0119 Jaros\u0142awa Kaczy\u0144skiego o politykach Platformy wychowanych na podw\u00f3rku. Co prawda ja wol\u0119 niezbyt m\u0105drego i s\u0142abego Chlebowskiego od mocnego inteligenta z \u017boliborza i jego watahy (Gosiewski, Kurski, Kempa), ale niekt\u00f3rzy koledzy Tuska chluby mu nie przynosz\u0105.<\/p>\n<p>Teraz nadarza si\u0119 okazja, \u017ceby si\u0119 rozsta\u0107, a przy tej okazji r\u00f3wnie\u017c z Mariuszem Kami\u0144skim. Pozostawienie dwa lata temu Kami\u0144skiego \u2013 jednego z pretorian\u00f3w braci Kaczy\u0144skich &#8211; na delikatnym stanowisku szefa CBA, mia\u0142o by\u0107 dowodem wielkoduszno\u015bci Tuska, cho\u0107 by\u0142o tak\u017ce dowodem jego bezsilno\u015bci. Kami\u0144skiego nie mo\u017cna by\u0142o bowiem usun\u0105\u0107 bez istotnego powodu. Postawienie mu obecnie przez prokuratur\u0119 zarzut\u00f3w o nadu\u017cyciu w\u0142adzy (fa\u0142szowanie dokument\u00f3w przez CBA w aferze gruntowej) stanowi nie tylko dobry pretekst, ale &#8211; na tle kolejnych wpadek CBA \u2013 kropl\u0119, kt\u00f3ra przelewa czar\u0119. Od afery gruntowej po bezsensowne kupno przez podstawionego agenta domu w Kazimierzu, po to, \u017ceby skompromitowa\u0107 Jolant\u0119 Kwa\u015bniewsk\u0105 \u2013 wiele wskazuje na to, \u017ce CBA jest wykorzystywane do cel\u00f3w politycznych, cho\u0107 ma i swoje osi\u0105gni\u0119cia.<\/p>\n<p>Takim sukcesem CBA jest ujawnienie afery hazardowej, ale ma racj\u0119 Ryszard Kalisz, \u017ce by\u0142a to pu\u0142apka na premiera. M\u00f3wi\u0142em o tym w niedziel\u0119 w \u201eLo\u017cy prasowej\u201d TVN 24. Informuj\u0105c Tuska o sprawie przed jej zako\u0144czeniem przez CBA, Mariusz Kami\u0144ski zastawi\u0142 na Tuska pu\u0142apk\u0119: Je\u017celi premier wezwie Chlebowskiego i Drzewieckiego na rozmow\u0119 o projektowanej ustawie (tak zrobi\u0142), to swoim zainteresowaniem mo\u017ce wystraszy\u0107 uczestnik\u00f3w afery. Je\u017celi pozostanie bierny \u2013 to narazi si\u0119 na zarzut bezczynno\u015bci i tolerowania z\u0142a pomimo ostrze\u017cenia ze strony szefa CBA. Tak \u017ale i tak niedobrze.<\/p>\n<p>Nadzwyczajna aktywno\u015b\u0107 prezydenta, zaproszenie do pa\u0142acu premiera i szef\u00f3w parlamentu w sprawie, kt\u00f3ra na to nie zas\u0142uguje, przy akompaniamencie pohukiwa\u0144 ze strony Jaros\u0142awa Kaczy\u0144skiego i ca\u0142ej opozycji (nawet Napieralski zerwa\u0142 si\u0119 do lotu), wskazuje, \u017ce Tusk ma przeciwko sobie tr\u00f3jk\u0105t \u2013 Lech, Jaros\u0142aw i Mariusz. Im pr\u0119dzej go rozbije, tym lepiej dla niego.<\/p>\n<p>Premier jest os\u0142abiony, poniewa\u017c oskar\u017cenia o republik\u0119 kolesi\u00f3w, korupcj\u0119, uk\u0142ad biznesu, kryminalist\u00f3w (Sobiesiak jest po wyroku) i polityk\u00f3w znalaz\u0142y w aferze hazardowej doskona\u0142e potwierdzenie. Tr\u00f3jka K&amp;K&amp;K rzuci\u0142a mu r\u0119kawic\u0119. Musi oczy\u015bci\u0107 swoje otoczenie, a tak\u017ce rozbi\u0107 ten tr\u00f3jk\u0105t nawet za cen\u0119 megaskandalu i oskar\u017ce\u0144, \u017ce usuwa \u201ejedynego uczciwego i niezale\u017cnego\u201d cz\u0142onka swojej administracji. Nie zdziwi\u0142bym si\u0119, gdyby Tusk podj\u0105\u0142 r\u0119kawic\u0119.<\/p>\n<p>***<br \/>\n<strong>PS<\/strong>.<\/p>\n<p>Drodzy Blogowicze \u2013 zapraszam na <strong>Festiwal  Agnieszki Osieckiej<\/strong>!<\/p>\n<p><strong>Koncert Fina\u0142owy Laureat\u00f3w XII edycji \u201cKonkursu Pami\u0119tajmy o Osieckiej\u201d<\/strong><br \/>\n10 pa\u017adziernika (sobota) godzina 19:00<br \/>\nStudio PR im. Agnieszki Osieckiej<br \/>\nRezerwacja bilet\u00f3w pod numerem tel. (22) 3 333 333<br \/>\nRetransmisja w Tr\u00f3jce w niedziel\u0119 o godz. 20.05<\/p>\n<p><strong>Koncert \u201eMi\u0142o\u015b\u0107 niedu\u017ca\u201c w wykonaniu Ch\u00f3ru kameralnego Collegium Musicum Uniwersytetu Warszawskiego pod batut\u0105 Andrzeja Borzyma<\/strong><br \/>\nW programie piosenki Jeremiego Przybory i Agnieszki Osieckiej.<br \/>\n11 pa\u017adziernika (niedziela) godzina 18:00<br \/>\nNova Scena Teatru Roma, wej\u015bcie od ul. \u015aw. Barbary 12, Warszawa<br \/>\nBilety w kasie Teatru ROMA, tel. (22) 628 03 60<\/p>\n<p><strong>Koncert \u201eDobranoc panowie\u201c z udzia\u0142em Andrzeja Poniedzielskiego<\/strong><br \/>\n11 pa\u017adziernika (niedziela) godzina 21:00<br \/>\nNova Scena Teatru Roma, wej\u015bcie od ul. \u015aw. Barbary 12, Warszawa<br \/>\nBilety w kasie, tel. (22) 628 03 60<\/p>\n<p><strong>Koncert Galowy Laureat\u00f3w XII edycji Konkursu \u201ePami\u0119tajmy o Osieckiej\u201c<\/strong>.<br \/>\nGwiazd\u0105 wieczoru b\u0119dzie Stanis\u0142aw Soyka z zespo\u0142em Soyka Kwintet +.<br \/>\nPrzedstawi premierowy recital utwor\u00f3w Agnieszki Osieckiej.<br \/>\n12 pa\u017adziernika (poniedzia\u0142ek), godzina 19:00<br \/>\nTeatr Roma, ul. Nowogrodzka 49, Warszawa<br \/>\nBilety  w kasie, tel. (22) 6280360<\/p>\n","protected":false},"excerpt":{"rendered":"<p>Popieram pomys\u0142, \u017ceby we wtorek odwo\u0142a\u0107 ze stanowiska zar\u00f3wno Miros\u0142awa Drzewieckiego \u2013 ministra sportu, jak i Mariusza Kami\u0144skiego \u2013 szefa CBA. Zdaniem jednego z dzia\u0142aczy PiS by\u0142by to \u201emegaskandal\u201d. Je\u015bli tak \u2013 to jestem \u201eza\u201d. Miros\u0142aw Drzewiecki powinien by\u0107 odwo\u0142any nie tylko za nieudolne t\u0142umaczenie si\u0119 z afery hazardowej, w kt\u00f3rym utrzymuje, \u017ce biuro prawne [&hellip;]<\/p>\n","protected":false},"author":4,"featured_media":0,"comment_status":"open","ping_status":"open","sticky":false,"template":"","format":"standard","meta":{"footnotes":""},"categories":[1],"tags":[],"_links":{"self":[{"href":"https:\/\/blog.polityka.pl\/passent\/wp-json\/wp\/v2\/posts\/613"}],"collection":[{"href":"https:\/\/blog.polityka.pl\/passent\/wp-json\/wp\/v2\/posts"}],"about":[{"href":"https:\/\/blog.polityka.pl\/passent\/wp-json\/wp\/v2\/types\/post"}],"author":[{"embeddable":true,"href":"https:\/\/blog.polityka.pl\/passent\/wp-json\/wp\/v2\/users\/4"}],"replies":[{"embeddable":true,"href":"https:\/\/blog.polityka.pl\/passent\/wp-json\/wp\/v2\/comments?post=613"}],"version-history":[{"count":0,"href":"https:\/\/blog.polityka.pl\/passent\/wp-json\/wp\/v2\/posts\/613\/revisions"}],"wp:attachment":[{"href":"https:\/\/blog.polityka.pl\/passent\/wp-json\/wp\/v2\/media?parent=613"}],"wp:term":[{"taxonomy":"category","embeddable":true,"href":"https:\/\/blog.polityka.pl\/passent\/wp-json\/wp\/v2\/categories?post=613"},{"taxonomy":"post_tag","embeddable":true,"href":"https:\/\/blog.polityka.pl\/passent\/wp-json\/wp\/v2\/tags?post=613"}],"curies":[{"name":"wp","href":"https:\/\/api.w.org\/{rel}","templated":true}]}}