
{"id":6135,"date":"2020-06-04T19:48:29","date_gmt":"2020-06-04T17:48:29","guid":{"rendered":"https:\/\/passent.blog.polityka.pl\/?p=6135"},"modified":"2020-06-04T21:15:34","modified_gmt":"2020-06-04T19:15:34","slug":"koniec-awantur","status":"publish","type":"post","link":"https:\/\/blog.polityka.pl\/passent\/2020\/06\/04\/koniec-awantur\/","title":{"rendered":"Koniec awantur?"},"content":{"rendered":"\n<p>Prezydent Duda nie ukrywa\u0142, \u017ce to on wpad\u0142 na pomys\u0142 postawienia wniosku o wotum zaufania dla rz\u0105du w Sejmie.\u00a0Co\u00a0prawda rz\u0105d jeszcze si\u0119 trzyma i nie potrzebuje ratunku w parlamencie, ale Duda ma problem w kampanii i manifestacja si\u0142y bardzo by mu si\u0119 przyda\u0142a.<\/p>\n\n\n\n<!--more-->\n\n\n\n<p>W ostatnich tygodniach \u00a0notowania prezydenta spad\u0142y z powodu bezbarwnej kampanii oraz \u2013 przede wszystkim \u2013 pojawienia si\u0119 kandydatury Rafa\u0142a Trzaskowskiego, du\u017co bardziej niebezpiecznej ni\u017c upad\u0142a kandydatura Ma\u0142gorzaty Kidawy-B\u0142o\u0144skiej. Prezydent Warszawy zabra\u0142 si\u0119 ochoczo do kampanii i korzysta z efektu nowo\u015bci. W sumie zainteresowanie przenios\u0142o si\u0119 na Trzaskowskiego, a prezydent zszed\u0142 na drugi plan.<\/p>\n\n\n\n<p>Co prawda Trzaskowski czuje na plecach oddech Ho\u0142owni i pierwsza tura wybor\u00f3w pozostaje otwarta, ale Duda nie m\u00f3g\u0142 wysiedzie\u0107 w cieniu, wi\u0119c panowie ustalili, \u017ceby przej\u0105\u0107 inicjatyw\u0119. Temu mia\u0142 s\u0142u\u017cy\u0107 wniosek o wotum\u00a0zaufania, kt\u00f3re rz\u0105d\u00a0bez trudu uzyska\u0142 (235 : 219). Ale co si\u0119 panowie nagadali, ile si\u0119 wzajemnie nachwalili, tego nikt im nie odbierze. Prezydent powr\u00f3ci na pierwsze strony i do TVP.<\/p>\n\n\n\n<p>Wys\u0142ucha\u0142em z nabo\u017ce\u0144stwem przem\u00f3wienia PAD, a tak\u017ce premiera. PMM p\u0142ynnie\u00a0zmienia tonacj\u0119, raz deklaruje wsp\u00f3\u0142prac\u0119, nie chce opozycji totalnej, by po chwili pyta\u0107: \u201ejak oni maj\u0105 czelno\u015b\u0107\u201d. Raz powiada, \u017ce pragnie wsp\u00f3\u0142pracy i\u00a0wyci\u0105ga r\u0119k\u0119, by po chwili przycisn\u0105\u0107 Trzaskowskiego pytaniem, ile zarabiaj\u0105 dyrektorzy w warszawskim ratuszu (plus rozmaite synekury) i jak to si\u0119 ma do p\u0142ac ministr\u00f3w.\u00a0PMM jak zwykle chwali\u0142 si\u0119 bez umiaru, pocz\u0105wszy od wielkiego sukcesu w walce z koronawirusem.<\/p>\n\n\n\n<p>Od pewnego czasu Morawiecki ch\u0119tnie powo\u0142uje si\u0119 na pras\u0119 zagraniczn\u0105, w tym (zgrozo!) niemieck\u0105, cytuje pochwa\u0142y pod adresem Polski w &#8222;Die Welt&#8221; i w &#8222;FAZ&#8221; (\u201enajwi\u0119kszej gazecie w Europie\u201d). Jeszcze niedawno media zachodnie by\u0142y przez PMM pogardzane, dzisiaj powo\u0142uje si\u0119 na nie jako na wiarygodnych \u015bwiadk\u00f3w swoich \u201eogromnych sukces\u00f3w\u201d.<\/p>\n\n\n\n<p>Nie\u00a0zabrak\u0142o troski o najm\u0142odszych (\u201ewara od naszych dzieci&#8221;) i podzi\u0119kowa\u0144 dla policji z Mariuszem Kami\u0144skim na czele. By\u0142y tak\u017ce \u201etarcze, kt\u00f3re ratuj\u0105 miejsca pracy\u201d, i sukcesy w Unii Europejskiej, od kt\u00f3rej uda\u0142o si\u0119 bohatersko wyszarpa\u0107 ogromne kwoty.<\/p>\n\n\n\n<p>Nasze osi\u0105gni\u0119cia s\u0105 tak wielkie, \u017ce ludzie pytaj\u0105: \u201esk\u0105d jest ta wasza skuteczno\u015b\u0107?\u201d-\u00a0m\u00f3wi\u0142 premier. Gdy rz\u0105d PO\/PSL zabiera\u0142 Polakom fundusze zgromadzone w OFE, rz\u0105d PMM prowadzi \u201em\u0105dr\u0105 polityk\u0119 gospodarcz\u0105\u201d, w \u015bcis\u0142ej wsp\u00f3\u0142pracy z bardzo dobrym prezydentem Andrzejem Dud\u0105. Celem wniosku o wotum zaufania by\u0142o \u201eprzerwanie festiwalu awantur\u201d i wykazanie jedno\u015bci obozu rz\u0105dz\u0105cego. Moim zdaniem, cho\u0107 PAD i PMM s\u0105 dobrymi m\u00f3wcami i mog\u0105 tak godzinami, to totalna opozycja nie przestanie si\u0119 awanturowa\u0107\u00a0(a ma o co). Przynajmniej do 28 czerwca.<\/p>\n\n\n\n<p><strong>Zaproszenie<\/strong><br>Profesor Andrzej MANIA (wybitny amerykanista, Uniwersytet Jagiello\u0144ski) oraz redaktor Agata KONDZI\u0143SKA (\u015bwietna dziennikarka, &#8222;GW&#8221;) b\u0119d\u0105 naszymi go\u015b\u0107mi w TOK FM &#8211;\u00a0niedziela 7 czerwca, godz. jak zwykle 10:05.<\/p>\n","protected":false},"excerpt":{"rendered":"<p>Prezydent Duda nie ukrywa\u0142, \u017ce to on wpad\u0142 na pomys\u0142 postawienia wniosku o wotum zaufania dla rz\u0105du w Sejmie.\u00a0Co\u00a0prawda rz\u0105d jeszcze si\u0119 trzyma i nie potrzebuje ratunku w parlamencie, ale Duda ma problem w kampanii i manifestacja si\u0142y bardzo by mu si\u0119 przyda\u0142a.<\/p>\n","protected":false},"author":4,"featured_media":6140,"comment_status":"open","ping_status":"closed","sticky":false,"template":"","format":"standard","meta":{"footnotes":""},"categories":[1],"tags":[],"_links":{"self":[{"href":"https:\/\/blog.polityka.pl\/passent\/wp-json\/wp\/v2\/posts\/6135"}],"collection":[{"href":"https:\/\/blog.polityka.pl\/passent\/wp-json\/wp\/v2\/posts"}],"about":[{"href":"https:\/\/blog.polityka.pl\/passent\/wp-json\/wp\/v2\/types\/post"}],"author":[{"embeddable":true,"href":"https:\/\/blog.polityka.pl\/passent\/wp-json\/wp\/v2\/users\/4"}],"replies":[{"embeddable":true,"href":"https:\/\/blog.polityka.pl\/passent\/wp-json\/wp\/v2\/comments?post=6135"}],"version-history":[{"count":4,"href":"https:\/\/blog.polityka.pl\/passent\/wp-json\/wp\/v2\/posts\/6135\/revisions"}],"predecessor-version":[{"id":6141,"href":"https:\/\/blog.polityka.pl\/passent\/wp-json\/wp\/v2\/posts\/6135\/revisions\/6141"}],"wp:featuredmedia":[{"embeddable":true,"href":"https:\/\/blog.polityka.pl\/passent\/wp-json\/wp\/v2\/media\/6140"}],"wp:attachment":[{"href":"https:\/\/blog.polityka.pl\/passent\/wp-json\/wp\/v2\/media?parent=6135"}],"wp:term":[{"taxonomy":"category","embeddable":true,"href":"https:\/\/blog.polityka.pl\/passent\/wp-json\/wp\/v2\/categories?post=6135"},{"taxonomy":"post_tag","embeddable":true,"href":"https:\/\/blog.polityka.pl\/passent\/wp-json\/wp\/v2\/tags?post=6135"}],"curies":[{"name":"wp","href":"https:\/\/api.w.org\/{rel}","templated":true}]}}