
{"id":614,"date":"2009-10-07T17:24:03","date_gmt":"2009-10-07T15:24:03","guid":{"rendered":"http:\/\/passent.blog.polityka.pl\/?p=614"},"modified":"2009-10-08T10:51:03","modified_gmt":"2009-10-08T08:51:03","slug":"szachy-tuska","status":"publish","type":"post","link":"https:\/\/blog.polityka.pl\/passent\/2009\/10\/07\/szachy-tuska\/","title":{"rendered":"Szachy Tuska"},"content":{"rendered":"<p>Na konferencji prasowej 7 pa\u017adziernika premier Tusk zapowiedzia\u0142, \u017ce g\u0142\u00f3wny b\u00f3j rozegra si\u0119 w Sejmie. B\u0119dzie to, wed\u0142ug niego, b\u00f3j o prawd\u0119, b\u00f3j o zaufanie. Oby tak by\u0142o! Obawiam si\u0119, \u017ce komisja \u015bledcza i ca\u0142y Sejm stan\u0105 si\u0119 aren\u0105 jednej wielkiej wolnej amerykanki, walki w b\u0142ocie, <em>catch-as-catch-can<\/em>, czyli chwytaj jak umiesz. Naprzeciwko siebie stan\u0105 dwie (POPiS), a nawet trzy (SLD) dru\u017cyny zaprawione w tego rodzaju awanturach (SLD stosunkowo najs\u0142abiej, bo nie celuje w niczym). Od\u017cyj\u0105, ju\u017c od\u017cywaj\u0105, stare has\u0142a z poprzedniej ods\u0142ony:: Bez przebaczenia i dobi\u0107 watah\u0119.<\/p>\n<p>Sam premier podczas samej konferencji imponowa\u0142 swoj\u0105 sprawno\u015bci\u0105 \u2013 m\u00f3wi\u0142 spokojnie, bez kartki, nikogo nie zapomnia\u0142, mo\u017ce m\u00f3g\u0142 tylko podzi\u0119kowa\u0107 za dotychczasow\u0105 prac\u0119 tym, kt\u00f3rzy odchodz\u0105, on ich zwalnia albo przenosi. Poza sprawno\u015bci\u0105 pozostaje jeszcze meritum. Premier m\u00f3wi\u0142 du\u017co o zaufaniu do partii (PO) i do rz\u0105du. M\u00f3wi\u0142 tak\u017ce o tym, \u017ce musi uwolni\u0107 rz\u0105d od zajmowania si\u0119 afer\u0105 i obron\u0105 dobrego imienia, dlatego wszystkich zagro\u017conych zwalnia lub przenosi. Z tym zgoda.<\/p>\n<p>Oczekiwa\u0142em kilku refleksji Donalda Tuska na temat korupcji, styku biznes \u2013 polityka, \u015brodowiska wroc\u0142awskiego, kolesiostwa, o tym, czy (i jakie?) wysi\u0142ki jego rz\u0105du w walce z korupcj\u0105 by\u0142y skuteczne, jakie osi\u0105gni\u0119cia ma w tej dziedzinie min. Julia Pitera (moim zdaniem, ma\u0142e). Korupcja w okresie transformacji i jej wykorzystanie do walki politycznej to wielki temat, nie tylko w Polsce, szkoda, nie tylko Zbigniew Ziobro, ale i Jan Rokita maj\u0105 w tej dziedzinie w\u0105tpliwy dorobek. Obie partie nie\u017ale si\u0119 utuczy\u0142y na aferze Rywina i obie trzymaj\u0105 go w areszcie wydobywczym, cho\u0107 m\u00f3g\u0142by odpowiada\u0107 z wolnej stopy. Tak\u017ce CBA jest dzieckiem obu partii. Kiedy Donald Tusk m\u00f3wi\u0142 o tym, jak mocno jest umocowany szef tej agencji, zabrak\u0142o mi refleksji premiera na temat samej idei tej instytucji.<\/p>\n<p>Zabrak\u0142o mi tak\u017ce refleksji Donalda Tuska na temat roli medi\u00f3w w ca\u0142ej sprawie. Przecie\u017c taki sukces rz\u0105du jak ugoda z Eureko zosta\u0142 ca\u0142kowicie przykryty przez PiS i media! A m\u00f3wi si\u0119 o dobrym PR Platformy\u2026 By\u0107 mo\u017ce dlatego, \u017ce premier sam cieszy si\u0119 wzgl\u0119dami medi\u00f3w, nie widzi w ich agresji, sadyzmie i odruchu stadnym \u017cadnych zagro\u017ce\u0144 dla naszej m\u0142odej demokracji, np. w postaci negatywnej selekcji \u2013 jaki rozs\u0105dny cz\u0142owiek b\u0119dzie mia\u0142 aspiracje polityczne, je\u015bli w ka\u017cdej chwili mo\u017ce by\u0107 ukrzy\u017cowany przez media? Media z dnia na dzie\u0144 pe\u0142ni\u0105 rol\u0119 \u015bledcz\u0105, prokuratorsk\u0105 i s\u0119dziowsk\u0105, a w pewnych przypadkach tak\u017ce us\u0142ugow\u0105 wobec s\u0142u\u017cb. Na powierzchni utrzymuj\u0105 si\u0119 ludzie cz\u0119sto nieciekawi, ale odporni.<\/p>\n<p>G\u0142\u00f3wnym tematem konferencji premiera Tuska by\u0142y \u201eszachy\u201d personalne, co mi przypomina m\u00f3j skecz w kabarecie \u201ePod Egid\u0105\u201d: Schetyna i Szejnfeld do Sejmu, Nowak, Gra\u015b, Grupi\u0144ski do Klubu, Chlebowski, Drzewiecki na ofiary (w szachach m\u00f3wi si\u0119 o ofierze figury lub pionka w zamian za tempo lub lepsz\u0105 pozycj\u0119), Mariusz Kami\u0144ski do zbicia. Media to najbardziej pasjonuje, ale mnie nie.<\/p>\n<p>***<br \/>\n<strong>PS<\/strong>.<\/p>\n<p>Drodzy Blogowicze \u2013 zapraszam na <strong>Festiwal  Agnieszki Osieckiej<\/strong>!<\/p>\n<p><strong>Koncert Fina\u0142owy Laureat\u00f3w XII edycji \u201cKonkursu Pami\u0119tajmy o Osieckiej\u201d<\/strong><br \/>\n10 pa\u017adziernika (sobota) godzina 19:00<br \/>\nStudio PR im. Agnieszki Osieckiej<br \/>\nRezerwacja bilet\u00f3w pod numerem tel. (22) 3 333 333<br \/>\nRetransmisja w Tr\u00f3jce w niedziel\u0119 o godz. 20.05<\/p>\n<p><strong>Koncert \u201eMi\u0142o\u015b\u0107 niedu\u017ca\u201c w wykonaniu Ch\u00f3ru kameralnego Collegium Musicum Uniwersytetu Warszawskiego pod batut\u0105 Andrzeja Borzyma<\/strong><br \/>\nW programie piosenki Jeremiego Przybory i Agnieszki Osieckiej.<br \/>\n11 pa\u017adziernika (niedziela) godzina 18:00<br \/>\nNova Scena Teatru Roma, wej\u015bcie od ul. \u015aw. Barbary 12, Warszawa<br \/>\nBilety w kasie Teatru ROMA, tel. (22) 628 03 60<\/p>\n<p><strong>Koncert \u201eDobranoc panowie\u201c z udzia\u0142em Andrzeja Poniedzielskiego<\/strong><br \/>\n11 pa\u017adziernika (niedziela) godzina 21:00<br \/>\nNova Scena Teatru Roma, wej\u015bcie od ul. \u015aw. Barbary 12, Warszawa<br \/>\nBilety w kasie, tel. (22) 628 03 60<\/p>\n<p><strong>Koncert Galowy Laureat\u00f3w XII edycji Konkursu \u201ePami\u0119tajmy o Osieckiej\u201c<\/strong>.<br \/>\nGwiazd\u0105 wieczoru b\u0119dzie Stanis\u0142aw Soyka z zespo\u0142em Soyka Kwintet +.<br \/>\nPrzedstawi premierowy recital utwor\u00f3w Agnieszki Osieckiej.<br \/>\n12 pa\u017adziernika (poniedzia\u0142ek), godzina 19:00<br \/>\nTeatr Roma, ul. Nowogrodzka 49, Warszawa<br \/>\nBilety  w kasie, tel. (22) 6280360<\/p>\n","protected":false},"excerpt":{"rendered":"<p>Na konferencji prasowej 7 pa\u017adziernika premier Tusk zapowiedzia\u0142, \u017ce g\u0142\u00f3wny b\u00f3j rozegra si\u0119 w Sejmie. B\u0119dzie to, wed\u0142ug niego, b\u00f3j o prawd\u0119, b\u00f3j o zaufanie. Oby tak by\u0142o! Obawiam si\u0119, \u017ce komisja \u015bledcza i ca\u0142y Sejm stan\u0105 si\u0119 aren\u0105 jednej wielkiej wolnej amerykanki, walki w b\u0142ocie, catch-as-catch-can, czyli chwytaj jak umiesz. Naprzeciwko siebie stan\u0105 dwie [&hellip;]<\/p>\n","protected":false},"author":4,"featured_media":0,"comment_status":"open","ping_status":"open","sticky":false,"template":"","format":"standard","meta":{"footnotes":""},"categories":[1],"tags":[],"_links":{"self":[{"href":"https:\/\/blog.polityka.pl\/passent\/wp-json\/wp\/v2\/posts\/614"}],"collection":[{"href":"https:\/\/blog.polityka.pl\/passent\/wp-json\/wp\/v2\/posts"}],"about":[{"href":"https:\/\/blog.polityka.pl\/passent\/wp-json\/wp\/v2\/types\/post"}],"author":[{"embeddable":true,"href":"https:\/\/blog.polityka.pl\/passent\/wp-json\/wp\/v2\/users\/4"}],"replies":[{"embeddable":true,"href":"https:\/\/blog.polityka.pl\/passent\/wp-json\/wp\/v2\/comments?post=614"}],"version-history":[{"count":0,"href":"https:\/\/blog.polityka.pl\/passent\/wp-json\/wp\/v2\/posts\/614\/revisions"}],"wp:attachment":[{"href":"https:\/\/blog.polityka.pl\/passent\/wp-json\/wp\/v2\/media?parent=614"}],"wp:term":[{"taxonomy":"category","embeddable":true,"href":"https:\/\/blog.polityka.pl\/passent\/wp-json\/wp\/v2\/categories?post=614"},{"taxonomy":"post_tag","embeddable":true,"href":"https:\/\/blog.polityka.pl\/passent\/wp-json\/wp\/v2\/tags?post=614"}],"curies":[{"name":"wp","href":"https:\/\/api.w.org\/{rel}","templated":true}]}}